{"id":760,"date":"2025-01-03T19:27:02","date_gmt":"2025-01-03T19:27:02","guid":{"rendered":"https:\/\/ledenonciateur224.com\/?p=760"},"modified":"2025-01-03T19:27:02","modified_gmt":"2025-01-03T19:27:02","slug":"incendie-a-la-gare-routiere-de-madina-un-sinistre-devastateur-ce-vendredi-soir-lorigine-toujours-inconnue","status":"publish","type":"post","link":"https:\/\/ledenonciateur224.com\/index.php\/incendie-a-la-gare-routiere-de-madina-un-sinistre-devastateur-ce-vendredi-soir-lorigine-toujours-inconnue\/","title":{"rendered":"Incendie \u00e0 la gare routi\u00e8re de Madina : Un sinistre d\u00e9vastateur ce vendredi soir, l\u2019origine toujours inconnue"},"content":{"rendered":"<div dir=\"auto\">Un incendie majeur a ravag\u00e9 une partie de la gare routi\u00e8re du march\u00e9 de Madina dans la soir\u00e9e du vendredi 3 janvier 2025, plongeant les commer\u00e7ants et les usagers dans la stupeur et la panique. Le sinistre a provoqu\u00e9 d&rsquo;importants d\u00e9g\u00e2ts mat\u00e9riels, mais les autorit\u00e9s n&rsquo;ont pas encore pr\u00e9cis\u00e9 les origines de l&rsquo;incendie, qui reste pour l&rsquo;heure inexpliqu\u00e9.<\/div>\n<div dir=\"auto\"><\/div>\n<div dir=\"auto\"><\/div>\n<div dir=\"auto\"><\/div>\n<div dir=\"auto\"><\/div>\n<div dir=\"auto\"><\/div>\n<div dir=\"auto\">Les flammes ont rapidement pris de l\u2019ampleur, d\u00e9truisant plusieurs \u00e9tals et endommageant des biens dans la zone commerciale tr\u00e8s fr\u00e9quent\u00e9e. Des t\u00e9moins sur place ont rapport\u00e9 avoir vu des colonnes de fum\u00e9e s&rsquo;\u00e9lever au-dessus du march\u00e9, attirant l&rsquo;attention des passants et des riverains. Les sapeurs-pompiers se sont rendus sur les lieux pour batailler contre le feux.<\/div>\n<div dir=\"auto\"><\/div>\n<div dir=\"auto\"><\/div>\n<div dir=\"auto\"><\/div>\n<div dir=\"auto\"><\/div>\n<div dir=\"auto\">Les responsables locaux promettent d\u2019apporter plus d\u2019informations une fois l\u2019enqu\u00eate termin\u00e9e, et les autorit\u00e9s appelent \u00e0 la vigilance pour \u00e9viter de futurs incidents.<\/div>\n<div dir=\"auto\"><\/div>\n<div dir=\"auto\"><\/div>\n<div dir=\"auto\"><\/div>\n<div dir=\"auto\"><\/div>\n<div dir=\"auto\">N&rsquo;sira Sylla<\/div>\n<div dir=\"auto\"><\/div>\n","protected":false},"excerpt":{"rendered":"<p>Un incendie majeur a ravag\u00e9 une partie de la gare routi\u00e8re du march\u00e9 de Madina dans la soir\u00e9e du vendredi 3 janvier 2025, plongeant les commer\u00e7ants et les usagers dans la stupeur et la panique. Le sinistre a provoqu\u00e9 d&rsquo;importants d\u00e9g\u00e2ts mat\u00e9riels, mais les autorit\u00e9s n&rsquo;ont pas encore pr\u00e9cis\u00e9 les origines de l&rsquo;incendie, qui reste [&hellip;]<\/p>\n","protected":false},"author":2,"featured_media":761,"comment_status":"open","ping_status":"open","sticky":false,"template":"","format":"standard","meta":{"_jetpack_memberships_contains_paid_content":false,"footnotes":"","jetpack_publicize_message":"","jetpack_publicize_feature_enabled":true,"jetpack_social_post_already_shared":false,"jetpack_social_options":{"image_generator_settings":{"template":"highway","default_image_id":0,"font":"","enabled":false},"version":2}},"categories":[30,24],"tags":[36,35,172,173],"class_list":{"0":"post-760","1":"post","2":"type-post","3":"status-publish","4":"format-standard","5":"has-post-thumbnail","7":"category-faits-divers","8":"category-news","9":"tag-conakry","10":"tag-guinee","11":"tag-incendie","12":"tag-marche-madina"},"jetpack_publicize_connections":[],"jetpack_featured_media_url":"https:\/\/ledenonciateur224.com\/wp-content\/uploads\/2025\/01\/fb-img-1735930607420.jpg","jetpack_sharing_enabled":true,"_links":{"self":[{"href":"https:\/\/ledenonciateur224.com\/index.php\/wp-json\/wp\/v2\/posts\/760","targetHints":{"allow":["GET"]}}],"collection":[{"href":"https:\/\/ledenonciateur224.com\/index.php\/wp-json\/wp\/v2\/posts"}],"about":[{"href":"https:\/\/ledenonciateur224.com\/index.php\/wp-json\/wp\/v2\/types\/post"}],"author":[{"embeddable":true,"href":"https:\/\/ledenonciateur224.com\/index.php\/wp-json\/wp\/v2\/users\/2"}],"replies":[{"embeddable":true,"href":"https:\/\/ledenonciateur224.com\/index.php\/wp-json\/wp\/v2\/comments?post=760"}],"version-history":[{"count":0,"href":"https:\/\/ledenonciateur224.com\/index.php\/wp-json\/wp\/v2\/posts\/760\/revisions"}],"wp:featuredmedia":[{"embeddable":true,"href":"https:\/\/ledenonciateur224.com\/index.php\/wp-json\/wp\/v2\/media\/761"}],"wp:attachment":[{"href":"https:\/\/ledenonciateur224.com\/index.php\/wp-json\/wp\/v2\/media?parent=760"}],"wp:term":[{"taxonomy":"category","embeddable":true,"href":"https:\/\/ledenonciateur224.com\/index.php\/wp-json\/wp\/v2\/categories?post=760"},{"taxonomy":"post_tag","embeddable":true,"href":"https:\/\/ledenonciateur224.com\/index.php\/wp-json\/wp\/v2\/tags?post=760"}],"curies":[{"name":"wp","href":"https:\/\/api.w.org\/{rel}","templated":true}]}}