{"id":7746,"date":"2026-03-07T11:11:44","date_gmt":"2026-03-07T11:11:44","guid":{"rendered":"https:\/\/ledenonciateur224.com\/?p=7746"},"modified":"2026-03-07T11:11:44","modified_gmt":"2026-03-07T11:11:44","slug":"armee-guineenne-mamadi-doumbouya-eleve-deux-generaux-au-rang-de-general-de-corps-darmee-et-promeut-plusieurs-colonels","status":"publish","type":"post","link":"https:\/\/ledenonciateur224.com\/index.php\/armee-guineenne-mamadi-doumbouya-eleve-deux-generaux-au-rang-de-general-de-corps-darmee-et-promeut-plusieurs-colonels\/","title":{"rendered":"Arm\u00e9e guin\u00e9enne : Mamadi Doumbouya \u00e9l\u00e8ve deux g\u00e9n\u00e9raux au rang de g\u00e9n\u00e9ral de corps d\u2019arm\u00e9e et promeut plusieurs colonels"},"content":{"rendered":"<p>Le pr\u00e9sident de la transition, le g\u00e9n\u00e9ral Mamadi Doumbouya, a proc\u00e9d\u00e9 \u00e0 une nouvelle s\u00e9rie de promotions au sein de la hi\u00e9rarchie militaire guin\u00e9enne. Dans un d\u00e9cret lu au journal t\u00e9l\u00e9vis\u00e9 de la Radiodiffusion T\u00e9l\u00e9vision Guin\u00e9enne (RTG) ce vendredi 6 mars 2026, le chef de l\u2019\u00c9tat a d\u00e9cid\u00e9 d\u2019\u00e9lever deux officiers sup\u00e9rieurs \u00e0 l\u2019appellation et \u00e0 la dignit\u00e9 de g\u00e9n\u00e9ral de corps d\u2019arm\u00e9e, l\u2019un des grades les plus \u00e9lev\u00e9s des forces arm\u00e9es.<br \/>\nLes officiers concern\u00e9s sont :<br \/>\nG\u00e9n\u00e9ral de division Ahmed Mohamed Oury Diallo, matricule 21 862 G ;<br \/>\nG\u00e9n\u00e9ral de division Amara Camara, matricule 26 709 G.<br \/>\nPar cette d\u00e9cision, le chef de l\u2019\u00c9tat renouvelle ainsi sa confiance \u00e0 ces deux hauts responsables militaires, appel\u00e9s d\u00e9sormais \u00e0 occuper un rang encore plus \u00e9lev\u00e9 dans la hi\u00e9rarchie de l\u2019arm\u00e9e guin\u00e9enne.<br \/>\nSelon l\u2019article 2 du d\u00e9cret, le pr\u00e9sent acte abroge toute disposition ant\u00e9rieure contraire, prend effet \u00e0 compter de sa date de signature et sera enregistr\u00e9 puis publi\u00e9 au Journal officiel de la R\u00e9publique.<br \/>\nPlusieurs colonels \u00e9lev\u00e9s au grade de g\u00e9n\u00e9ral de brigade<br \/>\nDans la m\u00eame s\u00e9rie de d\u00e9crets rendus publics sur les antennes de la RTG, le pr\u00e9sident de la R\u00e9publique a \u00e9galement proc\u00e9d\u00e9 \u00e0 l\u2019\u00e9l\u00e9vation \u00e0 la dignit\u00e9 de g\u00e9n\u00e9ral de brigade de plusieurs colonels des forces arm\u00e9es guin\u00e9ennes. Cette d\u00e9cision s\u2019inscrit dans la dynamique de restructuration et de promotion au sein de la hi\u00e9rarchie militaire.<br \/>\nLes officiers concern\u00e9s sont :<\/p>\n<p><img loading=\"lazy\" decoding=\"async\" class=\"alignnone size-full wp-image-7747\" src=\"https:\/\/ledenonciateur224.com\/wp-content\/uploads\/2026\/03\/saa-alphonse-mouctar-kaba.jpeg\" alt=\"\" width=\"700\" height=\"375\" srcset=\"https:\/\/ledenonciateur224.com\/wp-content\/uploads\/2026\/03\/saa-alphonse-mouctar-kaba.jpeg 700w, https:\/\/ledenonciateur224.com\/wp-content\/uploads\/2026\/03\/saa-alphonse-mouctar-kaba-300x161.jpeg 300w, https:\/\/ledenonciateur224.com\/wp-content\/uploads\/2026\/03\/saa-alphonse-mouctar-kaba-150x80.jpeg 150w, https:\/\/ledenonciateur224.com\/wp-content\/uploads\/2026\/03\/saa-alphonse-mouctar-kaba-696x373.jpeg 696w\" sizes=\"auto, (max-width: 700px) 100vw, 700px\" \/><br \/>\nColonel N\u2019Fanmara Oular\u00e9, matricule 18 108 G<br \/>\nColonel Alimou Coulibaly, matricule 18 259 G<br \/>\nColonel Saa Alphonse Tour\u00e9, matricule 18 818 G<br \/>\nColonel Bacary Camara, matricule 19 684 G<br \/>\nColonel Aly Badara Sangar\u00e9, matricule 19 521 G<br \/>\nColonel Mamoudou Kaba, matricule 21 082 G<br \/>\nColonel Louis R\u00e9my Camara, matricule 21 864 G<br \/>\nColonel Issa Nab\u00e9, matricule 25 393 G<br \/>\nColonel Boubacar Barry, matricule 26 108 G<br \/>\nColonel Hamidou Soumah, matricule 27 299 G<br \/>\nColonel Mouctar Kaba, matricule 27 336 G<br \/>\nColonel Mohamed Amine Camara, matricule 27 480 G<\/p>\n<p>Ces diff\u00e9rentes promotions traduisent la volont\u00e9 des autorit\u00e9s de renforcer la cha\u00eene de commandement et de valoriser les comp\u00e9tences au sein des forces arm\u00e9es guin\u00e9ennes, dans un contexte marqu\u00e9 par la poursuite des r\u00e9formes du secteur de la d\u00e9fense.<\/p>\n<p>&nbsp;<\/p>\n<p>Ledenonciateur224.com<\/p>\n","protected":false},"excerpt":{"rendered":"<p>Le pr\u00e9sident de la transition, le g\u00e9n\u00e9ral Mamadi Doumbouya, a proc\u00e9d\u00e9 \u00e0 une nouvelle s\u00e9rie de promotions au sein de la hi\u00e9rarchie militaire guin\u00e9enne. Dans un d\u00e9cret lu au journal t\u00e9l\u00e9vis\u00e9 de la Radiodiffusion T\u00e9l\u00e9vision Guin\u00e9enne (RTG) ce vendredi 6 mars 2026, le chef de l\u2019\u00c9tat a d\u00e9cid\u00e9 d\u2019\u00e9lever deux officiers sup\u00e9rieurs \u00e0 l\u2019appellation et [&hellip;]<\/p>\n","protected":false},"author":2,"featured_media":7748,"comment_status":"closed","ping_status":"closed","sticky":false,"template":"","format":"standard","meta":{"_jetpack_memberships_contains_paid_content":false,"footnotes":"","jetpack_publicize_message":"","jetpack_publicize_feature_enabled":true,"jetpack_social_post_already_shared":true,"jetpack_social_options":{"image_generator_settings":{"template":"highway","default_image_id":0,"font":"","enabled":false},"version":2}},"categories":[30,24],"tags":[455],"class_list":{"0":"post-7746","1":"post","2":"type-post","3":"status-publish","4":"format-standard","5":"has-post-thumbnail","7":"category-faits-divers","8":"category-news","9":"tag-armees-guineennes"},"jetpack_publicize_connections":[],"jetpack_featured_media_url":"https:\/\/ledenonciateur224.com\/wp-content\/uploads\/2026\/03\/gam-gamod.jpg","jetpack_sharing_enabled":true,"_links":{"self":[{"href":"https:\/\/ledenonciateur224.com\/index.php\/wp-json\/wp\/v2\/posts\/7746","targetHints":{"allow":["GET"]}}],"collection":[{"href":"https:\/\/ledenonciateur224.com\/index.php\/wp-json\/wp\/v2\/posts"}],"about":[{"href":"https:\/\/ledenonciateur224.com\/index.php\/wp-json\/wp\/v2\/types\/post"}],"author":[{"embeddable":true,"href":"https:\/\/ledenonciateur224.com\/index.php\/wp-json\/wp\/v2\/users\/2"}],"replies":[{"embeddable":true,"href":"https:\/\/ledenonciateur224.com\/index.php\/wp-json\/wp\/v2\/comments?post=7746"}],"version-history":[{"count":1,"href":"https:\/\/ledenonciateur224.com\/index.php\/wp-json\/wp\/v2\/posts\/7746\/revisions"}],"predecessor-version":[{"id":7749,"href":"https:\/\/ledenonciateur224.com\/index.php\/wp-json\/wp\/v2\/posts\/7746\/revisions\/7749"}],"wp:featuredmedia":[{"embeddable":true,"href":"https:\/\/ledenonciateur224.com\/index.php\/wp-json\/wp\/v2\/media\/7748"}],"wp:attachment":[{"href":"https:\/\/ledenonciateur224.com\/index.php\/wp-json\/wp\/v2\/media?parent=7746"}],"wp:term":[{"taxonomy":"category","embeddable":true,"href":"https:\/\/ledenonciateur224.com\/index.php\/wp-json\/wp\/v2\/categories?post=7746"},{"taxonomy":"post_tag","embeddable":true,"href":"https:\/\/ledenonciateur224.com\/index.php\/wp-json\/wp\/v2\/tags?post=7746"}],"curies":[{"name":"wp","href":"https:\/\/api.w.org\/{rel}","templated":true}]}}