{"id":7750,"date":"2026-03-08T17:13:33","date_gmt":"2026-03-08T17:13:33","guid":{"rendered":"https:\/\/ledenonciateur224.com\/?p=7750"},"modified":"2026-03-09T04:26:19","modified_gmt":"2026-03-09T04:26:19","slug":"anniversaire-de-kpc-prieres-coran-et-football-feminin-pour-celebrer-lhomme-daffaires","status":"publish","type":"post","link":"https:\/\/ledenonciateur224.com\/index.php\/anniversaire-de-kpc-prieres-coran-et-football-feminin-pour-celebrer-lhomme-daffaires\/","title":{"rendered":"Anniversaire de KPC : pri\u00e8res, Coran et football f\u00e9minin pour c\u00e9l\u00e9brer l\u2019homme d\u2019affaires"},"content":{"rendered":"<div dir=\"auto\">En signe de reconnaissance envers l\u2019homme d\u2019affaires et PDG du groupe Guicopres, Kerfalla Personne Camara (KPC), le journaliste Amadou Hamza Bah a initi\u00e9, ce dimanche 8 mars 2026, une c\u00e9r\u00e9monie de lecture du Saint-Coran \u00e0 l\u2019occasion de l\u2019anniversaire de l\u2019entrepreneur guin\u00e9en.<\/div>\n<div dir=\"auto\">L\u2019\u00e9v\u00e9nement s\u2019est d\u00e9roul\u00e9 dans une mosqu\u00e9e du quartier Temenetaye, dans la commune de Kaloum, en pr\u00e9sence de plusieurs fid\u00e8les, d\u2019imams et de journalistes venus assister \u00e0 cette activit\u00e9 spirituelle plac\u00e9e sous le signe de la pri\u00e8re et de la b\u00e9n\u00e9diction. Cette initiative vise \u00e0 implorer la gr\u00e2ce divine pour la sant\u00e9, la r\u00e9ussite et la long\u00e9vit\u00e9 du PDG de Guicopres, consid\u00e9r\u00e9 par de nombreux observateurs comme l\u2019une des figures importantes du monde des affaires en Guin\u00e9e.<\/div>\n<div dir=\"auto\"><\/div>\n<div dir=\"auto\"><img loading=\"lazy\" decoding=\"async\" class=\"alignnone size-full wp-image-7751\" src=\"https:\/\/ledenonciateur224.com\/wp-content\/uploads\/2026\/03\/img-20260308-wa0030.jpg\" alt=\"\" width=\"775\" height=\"690\" srcset=\"https:\/\/ledenonciateur224.com\/wp-content\/uploads\/2026\/03\/img-20260308-wa0030.jpg 775w, https:\/\/ledenonciateur224.com\/wp-content\/uploads\/2026\/03\/img-20260308-wa0030-300x267.jpg 300w, https:\/\/ledenonciateur224.com\/wp-content\/uploads\/2026\/03\/img-20260308-wa0030-768x684.jpg 768w, https:\/\/ledenonciateur224.com\/wp-content\/uploads\/2026\/03\/img-20260308-wa0030-150x134.jpg 150w, https:\/\/ledenonciateur224.com\/wp-content\/uploads\/2026\/03\/img-20260308-wa0030-696x620.jpg 696w, https:\/\/ledenonciateur224.com\/wp-content\/uploads\/2026\/03\/img-20260308-wa0030-472x420.jpg 472w\" sizes=\"auto, (max-width: 775px) 100vw, 775px\" \/><\/div>\n<div dir=\"auto\">La c\u00e9r\u00e9monie religieuse, marqu\u00e9e par des r\u00e9citations du Saint-Coran et des invocations, sera suivie dans la soir\u00e9e par un match de gala de football f\u00e9minin. Cette rencontre sportive, organis\u00e9e en hommage \u00e0 KPC, co\u00efncide \u00e9galement avec la c\u00e9l\u00e9bration de la Journ\u00e9e internationale des droits des femmes, c\u00e9l\u00e9br\u00e9e chaque ann\u00e9e le 8 mars.<\/div>\n<div dir=\"auto\">Lors de la c\u00e9r\u00e9monie, l\u2019imam Youssouf Fadil Sylla, premier imam de la mosqu\u00e9e ayant accueilli l\u2019\u00e9v\u00e9nement, a formul\u00e9 des pri\u00e8res en faveur de l\u2019homme d\u2019affaires, implorant pour lui la protection divine, la sant\u00e9 et la prosp\u00e9rit\u00e9 dans ses activit\u00e9s.<\/div>\n<div dir=\"auto\"><\/div>\n<div dir=\"auto\">Prenant la parole \u00e0 son tour, l\u2019initiateur de l\u2019\u00e9v\u00e9nement, le journaliste Amadou Hamza Bah, est revenu sur les motivations qui l\u2019ont conduit \u00e0 organiser ces activit\u00e9s en l\u2019honneur de KPC.<\/div>\n<div dir=\"auto\">&lt;&lt;Chaque ann\u00e9e, je me fais le plaisir de faire des activit\u00e9s, deux principales activit\u00e9s. La premi\u00e8re, c&rsquo;est la lecture du Saint-Courant, qui est importante parce que celui qu&rsquo;on c\u00e9l\u00e8bre est un musulman. La plupart ici, nous sommes aussi des musulmans. Il faut passer par des pri\u00e8res, des b\u00e9n\u00e9dictions, des imams pour c\u00e9l\u00e9brer l&rsquo;homme. C&rsquo;est pourquoi nous organisons la lecture du Saint-Courant dans une mosqu\u00e9e. Et cette ann\u00e9e, cette lecture co\u00efncide \u00e0 un mois de ramadan, un mois de p\u00e9nitence, un mois de pri\u00e8re, de partage. Nous avons jug\u00e9 n\u00e9cessaire de renforcer, d&rsquo;augmenter un peu les choses et de faire la m\u00eame activit\u00e9. C&rsquo;est pourquoi on est r\u00e9unis ici, \u00e0 la mosqu\u00e9e de Temeneta\u00ef, o\u00f9 plusieurs imams, plusieurs religieux sont mobilis\u00e9s pour lire le Coran, implorer la gr\u00e2ce de Dieu, prier Dieu pour la sant\u00e9, la long\u00e9vit\u00e9 pour KPC. C&rsquo;est pour \u00e7a que je suis tr\u00e8s heureux d&rsquo;\u00eatre l&rsquo;initiateur de la lecture du Saint-Courant. Je suis tr\u00e8s content de voir mes confr\u00e8res en tant que journalistes fortement mobilis\u00e9s pour couvrir cet \u00e9v\u00e9nement. C&rsquo;est une satisfaction, c&rsquo;est une joie immense pour moi. Bon, la raison pour moi de le faire, je ne peux rien faire pour lui si ce n&rsquo;est pas \u00e7a. Parfois, j&rsquo;ai l&rsquo;impression de faire un cadeau pour lui. Si j&rsquo;ach\u00e8te un bobo pour KPC, il en a les moyens. Si j&rsquo;envoie de la nourriture, il en a les moyens. Lui-m\u00eame, il nourrit les gens. Qu&rsquo;est-ce que je peux lui offrir qui peut lui marquer tr\u00e8s bien et qu&rsquo;il ne va jamais oublier ? C&rsquo;est de mobiliser les imams et faire la lecture du Saint-Coran. C&rsquo;est tout ce qui peut l&rsquo;accompagner. Je ne peux pas lui donner un v\u00e9hicule, ni de carburant, ni d&rsquo;enveloppe, rien. Mais \u00e7a, \u00e7a va lui marquer peut-\u00eatre. Et le soir, r\u00e9unir les filles, jouer au football. Pourquoi les filles ? Parce que c&rsquo;est le 8 mars. Le 8 mars, c&rsquo;est la f\u00eate internationale des droits des femmes. Et voir aussi des jeunes talentueuses, des jeunes filles footballeuses se r\u00e9unir, jouer en son nom. Je pense que \u00e7a \u00e9galement, c&rsquo;est un honneur. Au-del\u00e0 de \u00e7a, je ne peux pas lui donner un t\u00e9l\u00e9phone. Il en a. C&rsquo;est tout ce que je peux faire pour lui, reconna\u00eetre son bienfait, prier Dieu pour lui, pour sa sant\u00e9, sa long\u00e9vit\u00e9, et que Dieu le propulse pour toujours.&gt;&gt;<\/div>\n<div dir=\"auto\"><\/div>\n<div dir=\"auto\"><img loading=\"lazy\" decoding=\"async\" class=\"alignnone size-full wp-image-7752\" src=\"https:\/\/ledenonciateur224.com\/wp-content\/uploads\/2026\/03\/img-20260308-wa0033.jpg\" alt=\"\" width=\"1280\" height=\"720\" srcset=\"https:\/\/ledenonciateur224.com\/wp-content\/uploads\/2026\/03\/img-20260308-wa0033.jpg 1280w, https:\/\/ledenonciateur224.com\/wp-content\/uploads\/2026\/03\/img-20260308-wa0033-300x169.jpg 300w, https:\/\/ledenonciateur224.com\/wp-content\/uploads\/2026\/03\/img-20260308-wa0033-1024x576.jpg 1024w, https:\/\/ledenonciateur224.com\/wp-content\/uploads\/2026\/03\/img-20260308-wa0033-768x432.jpg 768w, https:\/\/ledenonciateur224.com\/wp-content\/uploads\/2026\/03\/img-20260308-wa0033-150x84.jpg 150w, https:\/\/ledenonciateur224.com\/wp-content\/uploads\/2026\/03\/img-20260308-wa0033-696x392.jpg 696w, https:\/\/ledenonciateur224.com\/wp-content\/uploads\/2026\/03\/img-20260308-wa0033-1068x601.jpg 1068w, https:\/\/ledenonciateur224.com\/wp-content\/uploads\/2026\/03\/img-20260308-wa0033-747x420.jpg 747w\" sizes=\"auto, (max-width: 1280px) 100vw, 1280px\" \/><\/div>\n<div dir=\"auto\">\u00c0 travers cette double initiative \u2014 religieuse et sportive \u2014 les organisateurs entendent non seulement t\u00e9moigner leur reconnaissance \u00e0 l\u2019homme d\u2019affaires, mais aussi promouvoir des valeurs de solidarit\u00e9, de spiritualit\u00e9 et d\u2019encouragement \u00e0 la jeunesse, notamment aux jeunes filles passionn\u00e9es de football.<\/div>\n<div dir=\"auto\"><\/div>\n<div dir=\"auto\"><img loading=\"lazy\" decoding=\"async\" class=\"alignnone size-full wp-image-7760\" src=\"https:\/\/ledenonciateur224.com\/wp-content\/uploads\/2026\/03\/img-20260308-wa0040.jpg\" alt=\"\" width=\"1080\" height=\"763\" srcset=\"https:\/\/ledenonciateur224.com\/wp-content\/uploads\/2026\/03\/img-20260308-wa0040.jpg 1080w, https:\/\/ledenonciateur224.com\/wp-content\/uploads\/2026\/03\/img-20260308-wa0040-300x212.jpg 300w, https:\/\/ledenonciateur224.com\/wp-content\/uploads\/2026\/03\/img-20260308-wa0040-1024x723.jpg 1024w, https:\/\/ledenonciateur224.com\/wp-content\/uploads\/2026\/03\/img-20260308-wa0040-768x543.jpg 768w, https:\/\/ledenonciateur224.com\/wp-content\/uploads\/2026\/03\/img-20260308-wa0040-150x106.jpg 150w, https:\/\/ledenonciateur224.com\/wp-content\/uploads\/2026\/03\/img-20260308-wa0040-696x492.jpg 696w, https:\/\/ledenonciateur224.com\/wp-content\/uploads\/2026\/03\/img-20260308-wa0040-1068x755.jpg 1068w, https:\/\/ledenonciateur224.com\/wp-content\/uploads\/2026\/03\/img-20260308-wa0040-594x420.jpg 594w, https:\/\/ledenonciateur224.com\/wp-content\/uploads\/2026\/03\/img-20260308-wa0040-100x70.jpg 100w\" sizes=\"auto, (max-width: 1080px) 100vw, 1080px\" \/><\/div>\n<div dir=\"auto\"><\/div>\n<div dir=\"auto\">Aboubacar MC<\/div>\n","protected":false},"excerpt":{"rendered":"<p>En signe de reconnaissance envers l\u2019homme d\u2019affaires et PDG du groupe Guicopres, Kerfalla Personne Camara (KPC), le journaliste Amadou Hamza Bah a initi\u00e9, ce dimanche 8 mars 2026, une c\u00e9r\u00e9monie de lecture du Saint-Coran \u00e0 l\u2019occasion de l\u2019anniversaire de l\u2019entrepreneur guin\u00e9en. L\u2019\u00e9v\u00e9nement s\u2019est d\u00e9roul\u00e9 dans une mosqu\u00e9e du quartier Temenetaye, dans la commune de Kaloum, [&hellip;]<\/p>\n","protected":false},"author":2,"featured_media":7761,"comment_status":"closed","ping_status":"closed","sticky":false,"template":"","format":"standard","meta":{"_jetpack_memberships_contains_paid_content":false,"footnotes":"","jetpack_publicize_message":"","jetpack_publicize_feature_enabled":true,"jetpack_social_post_already_shared":true,"jetpack_social_options":{"image_generator_settings":{"template":"highway","default_image_id":0,"font":"","enabled":false},"version":2}},"categories":[30,24],"tags":[1558,602],"class_list":{"0":"post-7750","1":"post","2":"type-post","3":"status-publish","4":"format-standard","5":"has-post-thumbnail","7":"category-faits-divers","8":"category-news","9":"tag-anniversaire","10":"tag-kpc"},"jetpack_publicize_connections":[],"jetpack_featured_media_url":"https:\/\/ledenonciateur224.com\/wp-content\/uploads\/2026\/03\/fb-img-1772989679382.jpg","jetpack_sharing_enabled":true,"_links":{"self":[{"href":"https:\/\/ledenonciateur224.com\/index.php\/wp-json\/wp\/v2\/posts\/7750","targetHints":{"allow":["GET"]}}],"collection":[{"href":"https:\/\/ledenonciateur224.com\/index.php\/wp-json\/wp\/v2\/posts"}],"about":[{"href":"https:\/\/ledenonciateur224.com\/index.php\/wp-json\/wp\/v2\/types\/post"}],"author":[{"embeddable":true,"href":"https:\/\/ledenonciateur224.com\/index.php\/wp-json\/wp\/v2\/users\/2"}],"replies":[{"embeddable":true,"href":"https:\/\/ledenonciateur224.com\/index.php\/wp-json\/wp\/v2\/comments?post=7750"}],"version-history":[{"count":2,"href":"https:\/\/ledenonciateur224.com\/index.php\/wp-json\/wp\/v2\/posts\/7750\/revisions"}],"predecessor-version":[{"id":7763,"href":"https:\/\/ledenonciateur224.com\/index.php\/wp-json\/wp\/v2\/posts\/7750\/revisions\/7763"}],"wp:featuredmedia":[{"embeddable":true,"href":"https:\/\/ledenonciateur224.com\/index.php\/wp-json\/wp\/v2\/media\/7761"}],"wp:attachment":[{"href":"https:\/\/ledenonciateur224.com\/index.php\/wp-json\/wp\/v2\/media?parent=7750"}],"wp:term":[{"taxonomy":"category","embeddable":true,"href":"https:\/\/ledenonciateur224.com\/index.php\/wp-json\/wp\/v2\/categories?post=7750"},{"taxonomy":"post_tag","embeddable":true,"href":"https:\/\/ledenonciateur224.com\/index.php\/wp-json\/wp\/v2\/tags?post=7750"}],"curies":[{"name":"wp","href":"https:\/\/api.w.org\/{rel}","templated":true}]}}