{"id":7769,"date":"2026-03-09T04:45:30","date_gmt":"2026-03-09T04:45:30","guid":{"rendered":"https:\/\/ledenonciateur224.com\/?p=7769"},"modified":"2026-03-09T04:45:30","modified_gmt":"2026-03-09T04:45:30","slug":"mamadi-doumbouya-rappelle-12-ambassadeurs-a-conakry-vaste-reajustement-dans-la-diplomatie","status":"publish","type":"post","link":"https:\/\/ledenonciateur224.com\/index.php\/mamadi-doumbouya-rappelle-12-ambassadeurs-a-conakry-vaste-reajustement-dans-la-diplomatie\/","title":{"rendered":"Mamadi Doumbouya rappelle 12 ambassadeurs \u00e0 Conakry, vaste r\u00e9ajustement dans la diplomatie"},"content":{"rendered":"<p>Le pr\u00e9sident de la R\u00e9publique Mamadi Doumbouya, a proc\u00e9d\u00e9 \u00e0 un rappel avec effet imm\u00e9diat de douze ambassadeurs extraordinaires et pl\u00e9nipotentiaires de la R\u00e9publique de Guin\u00e9e en poste \u00e0 l\u2019\u00e9tranger. La d\u00e9cision a \u00e9t\u00e9 rendue publique \u00e0 travers un d\u00e9cret lu tard dans la nuit du dimanche au lundi 9 mars 2026.<br \/>\nCette mesure concerne plusieurs repr\u00e9sentations diplomatiques strat\u00e9giques de la Guin\u00e9e en Afrique, en Europe, en Asie et en Am\u00e9rique. Le d\u00e9cret ne pr\u00e9cise toutefois pas les raisons de ces rappels simultan\u00e9s, qui interviennent dans un contexte de r\u00e9organisation progressive de l\u2019appareil diplomatique du pays.<br \/>\nSelon les informations rendues publiques, les diplomates concern\u00e9s sont :<br \/>\nM. Als\u00e9ny M\u00f4bha Sylla, ambassadeur pr\u00e8s la C\u00f4te d\u2019Ivoire ;<br \/>\nM. Siaka Cissoko, ambassadeur pr\u00e8s la Nigeria et repr\u00e9sentant permanent aupr\u00e8s de la Communaut\u00e9 \u00e9conomique des \u00c9tats de l\u2019Afrique de l\u2019Ouest ;<br \/>\nM. Jean Mato Dor\u00e9, ambassadeur pr\u00e8s la Ghana ;<br \/>\nM. Noumouk\u00e8 Kaba, ambassadeur pr\u00e8s la \u00c9thiopie et aupr\u00e8s de l\u2019Union africaine ;<br \/>\nMme Aminata Ko\u00efta, ambassadeur pr\u00e8s la Chine ;<br \/>\nM. Aliou Barry, ambassadeur pr\u00e8s l\u2019Allemagne ;<br \/>\nM. Mamadi Traor\u00e9, ambassadeur pr\u00e8s l\u2019Kowe\u00eft ;<br \/>\nM. Nianko\u00ef Haba, ambassadeur pr\u00e8s la Russie ;<br \/>\nMme Fatoumata Kaba, ambassadeur pr\u00e8s les \u00c9tats-Unis ;<br \/>\nM. Senkoun Sylla, ambassadeur pr\u00e8s la France ;<br \/>\nM. Jean-Baptiste Grovogui, ambassadeur aupr\u00e8s de l\u2019Organisation internationale de la Francophonie ;<br \/>\nMme Aminata Kob\u00e9l\u00e9 Ke\u00efta, ambassadeur pr\u00e8s l\u2019Italie et aupr\u00e8s des organisations internationales bas\u00e9es \u00e0 Rome.<br \/>\nDans son article 2, le d\u00e9cret charge le ministre des Affaires \u00e9trang\u00e8res, de l\u2019Int\u00e9gration africaine et des Guin\u00e9ens \u00e9tablis \u00e0 l\u2019\u00e9tranger de prendre toutes les mesures administratives n\u00e9cessaires \u00e0 l\u2019application de cette d\u00e9cision.<br \/>\nEn attendant la nomination de nouveaux ambassadeurs et chefs de mission, l\u2019int\u00e9rim dans ces diff\u00e9rentes chancelleries sera assur\u00e9 par les charg\u00e9s d\u2019affaires. Cette d\u00e9cision pourrait annoncer une recomposition plus large du dispositif diplomatique guin\u00e9en dans les prochaines semaines.<\/p>\n<p>&nbsp;<\/p>\n<p>Ledenonciateur224.com<\/p>\n","protected":false},"excerpt":{"rendered":"<p>Le pr\u00e9sident de la R\u00e9publique Mamadi Doumbouya, a proc\u00e9d\u00e9 \u00e0 un rappel avec effet imm\u00e9diat de douze ambassadeurs extraordinaires et pl\u00e9nipotentiaires de la R\u00e9publique de Guin\u00e9e en poste \u00e0 l\u2019\u00e9tranger. La d\u00e9cision a \u00e9t\u00e9 rendue publique \u00e0 travers un d\u00e9cret lu tard dans la nuit du dimanche au lundi 9 mars 2026. Cette mesure concerne [&hellip;]<\/p>\n","protected":false},"author":2,"featured_media":7739,"comment_status":"closed","ping_status":"closed","sticky":false,"template":"","format":"standard","meta":{"_jetpack_memberships_contains_paid_content":false,"footnotes":"","jetpack_publicize_message":"","jetpack_publicize_feature_enabled":true,"jetpack_social_post_already_shared":true,"jetpack_social_options":{"image_generator_settings":{"template":"highway","default_image_id":0,"font":"","enabled":false},"version":2}},"categories":[38,24],"tags":[1563,717],"class_list":{"0":"post-7769","1":"post","2":"type-post","3":"status-publish","4":"format-standard","5":"has-post-thumbnail","7":"category-international","8":"category-news","9":"tag-ambassades","10":"tag-diplomatie"},"jetpack_publicize_connections":[],"jetpack_featured_media_url":"https:\/\/ledenonciateur224.com\/wp-content\/uploads\/2026\/03\/628312591-1340475678114679-1470148280023145863-n.jpg","jetpack_sharing_enabled":true,"_links":{"self":[{"href":"https:\/\/ledenonciateur224.com\/index.php\/wp-json\/wp\/v2\/posts\/7769","targetHints":{"allow":["GET"]}}],"collection":[{"href":"https:\/\/ledenonciateur224.com\/index.php\/wp-json\/wp\/v2\/posts"}],"about":[{"href":"https:\/\/ledenonciateur224.com\/index.php\/wp-json\/wp\/v2\/types\/post"}],"author":[{"embeddable":true,"href":"https:\/\/ledenonciateur224.com\/index.php\/wp-json\/wp\/v2\/users\/2"}],"replies":[{"embeddable":true,"href":"https:\/\/ledenonciateur224.com\/index.php\/wp-json\/wp\/v2\/comments?post=7769"}],"version-history":[{"count":1,"href":"https:\/\/ledenonciateur224.com\/index.php\/wp-json\/wp\/v2\/posts\/7769\/revisions"}],"predecessor-version":[{"id":7770,"href":"https:\/\/ledenonciateur224.com\/index.php\/wp-json\/wp\/v2\/posts\/7769\/revisions\/7770"}],"wp:featuredmedia":[{"embeddable":true,"href":"https:\/\/ledenonciateur224.com\/index.php\/wp-json\/wp\/v2\/media\/7739"}],"wp:attachment":[{"href":"https:\/\/ledenonciateur224.com\/index.php\/wp-json\/wp\/v2\/media?parent=7769"}],"wp:term":[{"taxonomy":"category","embeddable":true,"href":"https:\/\/ledenonciateur224.com\/index.php\/wp-json\/wp\/v2\/categories?post=7769"},{"taxonomy":"post_tag","embeddable":true,"href":"https:\/\/ledenonciateur224.com\/index.php\/wp-json\/wp\/v2\/tags?post=7769"}],"curies":[{"name":"wp","href":"https:\/\/api.w.org\/{rel}","templated":true}]}}