{"id":7787,"date":"2026-03-10T22:28:08","date_gmt":"2026-03-10T22:28:08","guid":{"rendered":"https:\/\/ledenonciateur224.com\/?p=7787"},"modified":"2026-03-10T22:28:08","modified_gmt":"2026-03-10T22:28:08","slug":"guinee-mamadi-doumbouya-procede-a-de-nouvelles-nominations-au-sein-de-larmee","status":"publish","type":"post","link":"https:\/\/ledenonciateur224.com\/index.php\/guinee-mamadi-doumbouya-procede-a-de-nouvelles-nominations-au-sein-de-larmee\/","title":{"rendered":"Guin\u00e9e : Mamadi Doumbouya proc\u00e8de \u00e0 de nouvelles nominations au sein de l\u2019arm\u00e9e"},"content":{"rendered":"<p>Le Pr\u00e9sident de la transition en Guin\u00e9e, Mamadi Doumbouya, a sign\u00e9 ce mardi 10 mars 2026 un d\u00e9cret portant nomination de plusieurs officiers sup\u00e9rieurs \u00e0 des postes strat\u00e9giques au sein du Minist\u00e8re de la D\u00e9fense nationale.<br \/>\nCes d\u00e9cisions s\u2019inscrivent dans la dynamique de r\u00e9organisation et de renforcement de la cha\u00eene de commandement des Forces Arm\u00e9es Guin\u00e9ennes. Elles visent notamment \u00e0 am\u00e9liorer l\u2019efficacit\u00e9 op\u00e9rationnelle, la planification militaire et la gestion administrative de l\u2019arm\u00e9e.<br \/>\nSelon le d\u00e9cret rendu public, plusieurs g\u00e9n\u00e9raux et colonels ont \u00e9t\u00e9 promus \u00e0 des fonctions de responsabilit\u00e9 aussi bien au niveau de l\u2019\u00e9tat-major qu\u2019au sein de certaines unit\u00e9s op\u00e9rationnelles \u00e0 l\u2019int\u00e9rieur du pays.<br \/>\nD\u2019apr\u00e8s les informations relay\u00e9es par Africaguinee.com, voici la liste compl\u00e8te des officiers concern\u00e9s par ces nouvelles nominations :<br \/>\nInspecteur G\u00e9n\u00e9ral des Forces Arm\u00e9es :<br \/>\nG\u00e9n\u00e9ral de Brigade S\u00e9na Camara (Matricule : 14207 G)<br \/>\nInspecteur G\u00e9n\u00e9ral Adjoint des Arm\u00e9es :<br \/>\nG\u00e9n\u00e9ral de Brigade Boubacar Barry (Matricule : 26708 G)<br \/>\nSecr\u00e9taire G\u00e9n\u00e9ral de l\u2019\u00c9tat-Major G\u00e9n\u00e9ral des Arm\u00e9es :<br \/>\nG\u00e9n\u00e9ral de Brigade Nfamara Oular\u00e9 (Matricule : 18108 G)<br \/>\nDirecteur des Op\u00e9rations, du Plan et de l\u2019Emploi des Forces :<br \/>\nG\u00e9n\u00e9ral de Brigade Hamidou Soumah (Matricule : 27299 G)<br \/>\nCommandant du Bataillon Autonome de Bok\u00e9 :<br \/>\nColonel Ibrahima Sadio Diallo (Matricule : 25277 G)<br \/>\nCommandant du Bataillon d\u2019Infanterie de Siguiri :<br \/>\nColonel Sand\u00e9 Tour\u00e9 (Matricule : 18927 G)<br \/>\nCommandant du Bataillon d\u2019Infanterie de Koundara :<br \/>\nColonel Lancin\u00e8 Ke\u00efta (Matricule : 17572 G)<br \/>\nCommandant du Bataillon d\u2019Infanterie de Beyla :<br \/>\nColonel Isidore Kalike Camara (Matricule : 25108 G)<br \/>\nCes nominations interviennent dans un contexte marqu\u00e9 par les efforts des autorit\u00e9s de transition pour restructurer et moderniser l\u2019appareil s\u00e9curitaire du pays, afin de renforcer la discipline, l\u2019efficacit\u00e9 et la pr\u00e9sence des forces arm\u00e9es sur l\u2019ensemble du territoire national.<\/p>\n<p>&nbsp;<\/p>\n<p>Lerevelateur224.com<\/p>\n","protected":false},"excerpt":{"rendered":"<p>Le Pr\u00e9sident de la transition en Guin\u00e9e, Mamadi Doumbouya, a sign\u00e9 ce mardi 10 mars 2026 un d\u00e9cret portant nomination de plusieurs officiers sup\u00e9rieurs \u00e0 des postes strat\u00e9giques au sein du Minist\u00e8re de la D\u00e9fense nationale. Ces d\u00e9cisions s\u2019inscrivent dans la dynamique de r\u00e9organisation et de renforcement de la cha\u00eene de commandement des Forces Arm\u00e9es [&hellip;]<\/p>\n","protected":false},"author":2,"featured_media":2093,"comment_status":"closed","ping_status":"closed","sticky":false,"template":"","format":"standard","meta":{"_jetpack_memberships_contains_paid_content":false,"footnotes":"","jetpack_publicize_message":"","jetpack_publicize_feature_enabled":true,"jetpack_social_post_already_shared":true,"jetpack_social_options":{"image_generator_settings":{"template":"highway","default_image_id":0,"font":"","enabled":false},"version":2}},"categories":[30,24],"tags":[455],"class_list":{"0":"post-7787","1":"post","2":"type-post","3":"status-publish","4":"format-standard","5":"has-post-thumbnail","7":"category-faits-divers","8":"category-news","9":"tag-armees-guineennes"},"jetpack_publicize_connections":[],"jetpack_featured_media_url":"https:\/\/ledenonciateur224.com\/wp-content\/uploads\/2025\/03\/idy-amine-et-mamadi-doumbouya.jpg","jetpack_sharing_enabled":true,"_links":{"self":[{"href":"https:\/\/ledenonciateur224.com\/index.php\/wp-json\/wp\/v2\/posts\/7787","targetHints":{"allow":["GET"]}}],"collection":[{"href":"https:\/\/ledenonciateur224.com\/index.php\/wp-json\/wp\/v2\/posts"}],"about":[{"href":"https:\/\/ledenonciateur224.com\/index.php\/wp-json\/wp\/v2\/types\/post"}],"author":[{"embeddable":true,"href":"https:\/\/ledenonciateur224.com\/index.php\/wp-json\/wp\/v2\/users\/2"}],"replies":[{"embeddable":true,"href":"https:\/\/ledenonciateur224.com\/index.php\/wp-json\/wp\/v2\/comments?post=7787"}],"version-history":[{"count":1,"href":"https:\/\/ledenonciateur224.com\/index.php\/wp-json\/wp\/v2\/posts\/7787\/revisions"}],"predecessor-version":[{"id":7788,"href":"https:\/\/ledenonciateur224.com\/index.php\/wp-json\/wp\/v2\/posts\/7787\/revisions\/7788"}],"wp:featuredmedia":[{"embeddable":true,"href":"https:\/\/ledenonciateur224.com\/index.php\/wp-json\/wp\/v2\/media\/2093"}],"wp:attachment":[{"href":"https:\/\/ledenonciateur224.com\/index.php\/wp-json\/wp\/v2\/media?parent=7787"}],"wp:term":[{"taxonomy":"category","embeddable":true,"href":"https:\/\/ledenonciateur224.com\/index.php\/wp-json\/wp\/v2\/categories?post=7787"},{"taxonomy":"post_tag","embeddable":true,"href":"https:\/\/ledenonciateur224.com\/index.php\/wp-json\/wp\/v2\/tags?post=7787"}],"curies":[{"name":"wp","href":"https:\/\/api.w.org\/{rel}","templated":true}]}}