{"id":7789,"date":"2026-03-11T19:59:59","date_gmt":"2026-03-11T19:59:59","guid":{"rendered":"https:\/\/ledenonciateur224.com\/?p=7789"},"modified":"2026-03-11T19:59:59","modified_gmt":"2026-03-11T19:59:59","slug":"diplomatie-eclair-drapeaux-arraches-quand-la-frontiere-guinee-liberia-se-rappelle-brutalement-au-bon-souvenir-des-promesses","status":"publish","type":"post","link":"https:\/\/ledenonciateur224.com\/index.php\/diplomatie-eclair-drapeaux-arraches-quand-la-frontiere-guinee-liberia-se-rappelle-brutalement-au-bon-souvenir-des-promesses\/","title":{"rendered":"Diplomatie \u00e9clair, drapeaux arrach\u00e9s : quand la fronti\u00e8re Guin\u00e9e\u2013Lib\u00e9ria se rappelle brutalement au bon souvenir des promesses"},"content":{"rendered":"<p>La tension est mont\u00e9e d\u2019un cran \u00e0 la fronti\u00e8re entre la Guin\u00e9e et le Lib\u00e9ria, dans la localit\u00e9 de Ki\u00e9ss\u00e8n\u00e8ye, situ\u00e9e \u00e0 quelques kilom\u00e8tres de la ville de Gu\u00e9ck\u00e9dou. Ces incidents surviennent \u00e0 peine deux jours apr\u00e8s une rencontre diplomatique entre les autorit\u00e9s des deux pays, qui avaient pourtant convenu de privil\u00e9gier la voie pacifique pour r\u00e9gler ce diff\u00e9rend frontalier.<br \/>\nLe dimanche 8 mars 2026, un conclave s\u2019est tenu \u00e0 Gu\u00e9ck\u00e9dou entre le ministre guin\u00e9en de l\u2019Administration du territoire et de la D\u00e9centralisation, le g\u00e9n\u00e9ral Ibrahima Kalil Cond\u00e9, et une mission gouvernementale lib\u00e9rienne conduite par le ministre des Affaires int\u00e9rieures, Niuma Ley. \u00c0 l\u2019issue de cette rencontre, les deux parties avaient affich\u00e9 une volont\u00e9 commune de calmer le jeu et de privil\u00e9gier la diplomatie afin de d\u00e9samorcer les tensions n\u00e9es autour de cette portion de fronti\u00e8re.<br \/>\nMais sur le terrain, la r\u00e9alit\u00e9 semble avoir pris une direction bien diff\u00e9rente de celle des communiqu\u00e9s officiels.<br \/>\nLa situation s\u2019est brusquement d\u00e9t\u00e9rior\u00e9e le mardi 10 mars 2026 lorsque des jeunes venus du c\u00f4t\u00e9 lib\u00e9rien se seraient oppos\u00e9s aux militaires guin\u00e9ens pr\u00e9sents sur le site frontalier de Ki\u00e9ss\u00e8n\u00e8ye. Selon plusieurs sources locales, ces jeunes ont hiss\u00e9 sur place le drapeau lib\u00e9rien et auraient arrach\u00e9 le tricolore guin\u00e9en qui venait d\u2019y \u00eatre install\u00e9.<br \/>\n\u00ab \u00c0 l\u2019origine des tensions, la Guin\u00e9e \u00e9tait all\u00e9e monter le drapeau puisqu\u2019on suppose que c\u2019est notre territoire. De l\u2019autre c\u00f4t\u00e9, les jeunes lib\u00e9riens sont \u00e9galement venus \u00e0 leur tour hisser leur drapeau et m\u00eame s\u2019en prendre aux militaires guin\u00e9ens qui \u00e9taient sur place. Ceux-ci ont re\u00e7u l\u2019ordre de se replier. Ils ont hiss\u00e9 leur drapeau sur place et fait descendre le drapeau guin\u00e9en qui \u00e9tait l\u00e0\u2026 \u00bb, explique notre interlocuteur.<br \/>\nCet \u00e9pisode, \u00e0 la fois symbolique et explosif, illustre la fragilit\u00e9 persistante des fronti\u00e8res h\u00e9rit\u00e9es de l\u2019histoire dans cette r\u00e9gion o\u00f9 les populations vivent souvent de part et d\u2019autre des m\u00eames espaces, avec des perceptions parfois divergentes de l\u2019appartenance territoriale.<\/p>\n<p>Cet acte a rapidement provoqu\u00e9 une vive indignation du c\u00f4t\u00e9 guin\u00e9en. Inform\u00e9s de l\u2019incident, de nombreux jeunes de Gu\u00e9ck\u00e9dou ont tent\u00e9, dans la matin\u00e9e de ce mercredi 11 mars, de traverser le fleuve Makona afin, selon leurs propres mots, de \u00ab rendre la monnaie de leur pi\u00e8ce \u00bb.<\/p>\n<p>&nbsp;<\/p>\n<p>Lerevelateur224.com<\/p>\n","protected":false},"excerpt":{"rendered":"<p>La tension est mont\u00e9e d\u2019un cran \u00e0 la fronti\u00e8re entre la Guin\u00e9e et le Lib\u00e9ria, dans la localit\u00e9 de Ki\u00e9ss\u00e8n\u00e8ye, situ\u00e9e \u00e0 quelques kilom\u00e8tres de la ville de Gu\u00e9ck\u00e9dou. Ces incidents surviennent \u00e0 peine deux jours apr\u00e8s une rencontre diplomatique entre les autorit\u00e9s des deux pays, qui avaient pourtant convenu de privil\u00e9gier la voie pacifique [&hellip;]<\/p>\n","protected":false},"author":2,"featured_media":7790,"comment_status":"closed","ping_status":"closed","sticky":false,"template":"","format":"standard","meta":{"_jetpack_memberships_contains_paid_content":false,"footnotes":"","jetpack_publicize_message":"","jetpack_publicize_feature_enabled":true,"jetpack_social_post_already_shared":true,"jetpack_social_options":{"image_generator_settings":{"template":"highway","default_image_id":0,"font":"","enabled":false},"version":2}},"categories":[38,24],"tags":[1564,1565],"class_list":{"0":"post-7789","1":"post","2":"type-post","3":"status-publish","4":"format-standard","5":"has-post-thumbnail","7":"category-international","8":"category-news","9":"tag-frontiere","10":"tag-guinee-liberia"},"jetpack_publicize_connections":[],"jetpack_featured_media_url":"https:\/\/ledenonciateur224.com\/wp-content\/uploads\/2026\/03\/1zne.webp","jetpack_sharing_enabled":true,"_links":{"self":[{"href":"https:\/\/ledenonciateur224.com\/index.php\/wp-json\/wp\/v2\/posts\/7789","targetHints":{"allow":["GET"]}}],"collection":[{"href":"https:\/\/ledenonciateur224.com\/index.php\/wp-json\/wp\/v2\/posts"}],"about":[{"href":"https:\/\/ledenonciateur224.com\/index.php\/wp-json\/wp\/v2\/types\/post"}],"author":[{"embeddable":true,"href":"https:\/\/ledenonciateur224.com\/index.php\/wp-json\/wp\/v2\/users\/2"}],"replies":[{"embeddable":true,"href":"https:\/\/ledenonciateur224.com\/index.php\/wp-json\/wp\/v2\/comments?post=7789"}],"version-history":[{"count":1,"href":"https:\/\/ledenonciateur224.com\/index.php\/wp-json\/wp\/v2\/posts\/7789\/revisions"}],"predecessor-version":[{"id":7791,"href":"https:\/\/ledenonciateur224.com\/index.php\/wp-json\/wp\/v2\/posts\/7789\/revisions\/7791"}],"wp:featuredmedia":[{"embeddable":true,"href":"https:\/\/ledenonciateur224.com\/index.php\/wp-json\/wp\/v2\/media\/7790"}],"wp:attachment":[{"href":"https:\/\/ledenonciateur224.com\/index.php\/wp-json\/wp\/v2\/media?parent=7789"}],"wp:term":[{"taxonomy":"category","embeddable":true,"href":"https:\/\/ledenonciateur224.com\/index.php\/wp-json\/wp\/v2\/categories?post=7789"},{"taxonomy":"post_tag","embeddable":true,"href":"https:\/\/ledenonciateur224.com\/index.php\/wp-json\/wp\/v2\/tags?post=7789"}],"curies":[{"name":"wp","href":"https:\/\/api.w.org\/{rel}","templated":true}]}}