{"id":7792,"date":"2026-03-11T20:07:56","date_gmt":"2026-03-11T20:07:56","guid":{"rendered":"https:\/\/ledenonciateur224.com\/?p=7792"},"modified":"2026-03-11T20:07:56","modified_gmt":"2026-03-11T20:07:56","slug":"serment-de-loyaute-et-dintegrite-le-general-amara-camara-reaffirme-son-engagement-au-sommet-de-letat","status":"publish","type":"post","link":"https:\/\/ledenonciateur224.com\/index.php\/serment-de-loyaute-et-dintegrite-le-general-amara-camara-reaffirme-son-engagement-au-sommet-de-letat\/","title":{"rendered":"Serment de loyaut\u00e9 et d\u2019int\u00e9grit\u00e9 : le G\u00e9n\u00e9ral Amara Camara r\u00e9affirme son engagement au sommet de l\u2019\u00c9tat"},"content":{"rendered":"<p>Reconduit r\u00e9cemment dans ses fonctions de Secr\u00e9taire g\u00e9n\u00e9ral de la Pr\u00e9sidence, le G\u00e9n\u00e9ral de corps d\u2019arm\u00e9e Amara Camara a solennellement pr\u00eat\u00e9 serment devant le Pr\u00e9sident de la R\u00e9publique, le G\u00e9n\u00e9ral Mamadi Doumbouya. \u00c0 cette occasion, il a pris une s\u00e9rie d\u2019engagements forts, pla\u00e7ant la loyaut\u00e9, le respect des principes r\u00e9publicains et la d\u00e9fense de l\u2019int\u00e9r\u00eat national au c\u0153ur de sa mission.<br \/>\nPilier de l\u2019administration pr\u00e9sidentielle, le Secr\u00e9taire g\u00e9n\u00e9ral de la Pr\u00e9sidence joue un r\u00f4le strat\u00e9gique dans la coordination des activit\u00e9s du palais et dans la mise en \u0153uvre des orientations du chef de l\u2019\u00c9tat. Conscient de la port\u00e9e de cette responsabilit\u00e9, le G\u00e9n\u00e9ral Amara Camara a tenu \u00e0 rappeler son attachement ind\u00e9fectible aux valeurs de la R\u00e9publique et aux exigences d\u2019une gouvernance fond\u00e9e sur l\u2019honneur, la probit\u00e9 et la dignit\u00e9.<br \/>\n\u00ab Je me conformerai scrupuleusement aux dispositions de la Constitution, des lois et aux principes de l\u2019honneur, de la probit\u00e9 et de la dignit\u00e9. J\u2019agirai avec responsabilit\u00e9 et toujours demeurerai, dans l\u2019esprit, conforme aux orientations du Pr\u00e9sident de la R\u00e9publique, en tous lieux et en toutes circonstances. Je mettrai tout en \u0153uvre pour pr\u00e9server l\u2019int\u00e9r\u00eat sup\u00e9rieur de la R\u00e9publique et du peuple de Guin\u00e9e. Je ferai montre de d\u00e9vouement inconditionnel aux institutions de la R\u00e9publique dans l\u2019exercice de mes fonctions et pr\u00e9rogatives. J\u2019\u0153uvrerai toujours, dans mes prises de d\u00e9cision, \u00e0 traiter \u00e9quitablement toutes les filles et fils de la Guin\u00e9e, sans distinction d\u2019ethnies, de r\u00e9gions et de religions \u00bb, a d\u00e9clar\u00e9 le G\u00e9n\u00e9ral Amara Camara.<\/p>\n<p>Dans un contexte o\u00f9 les responsabilit\u00e9s au sommet de l\u2019\u00c9tat exigent rigueur et discr\u00e9tion, le Ministre Secr\u00e9taire g\u00e9n\u00e9ral de la Pr\u00e9sidence a \u00e9galement insist\u00e9 sur la n\u00e9cessit\u00e9 de pr\u00e9server la neutralit\u00e9 de l\u2019administration pr\u00e9sidentielle face aux influences ext\u00e9rieures ou communautaires.<br \/>\nIl a affirm\u00e9 sa volont\u00e9 d\u2019exercer ses fonctions dans le strict respect des textes en vigueur, tout en restant fid\u00e8le \u00e0 la vision du chef de l\u2019\u00c9tat.<br \/>\n\u00ab Je conduirai mes actes conform\u00e9ment \u00e0 la Constitution, aux lois et \u00e0 la vision du Pr\u00e9sident de la R\u00e9publique, et sans aucune influence ethnique, r\u00e9gionaliste ou \u00e9trang\u00e8re. Devant les situations d\u00e9licates o\u00f9 l\u2019int\u00e9r\u00eat national pourrait vaciller, je m\u2019engage \u00e0 toujours prendre en compte avec foi les directives du Pr\u00e9sident de la R\u00e9publique. Je garderai jalousement le secret des accords ou d\u00e9saccords qui interviendront avant, pendant et apr\u00e8s ma mission \u00bb, a-t-il promis avec insistance.<br \/>\nCette d\u00e9claration souligne l\u2019importance du respect du secret d\u2019\u00c9tat et de la discipline institutionnelle, deux \u00e9l\u00e9ments essentiels au bon fonctionnement des plus hautes sph\u00e8res de l\u2019administration.<\/p>\n<p>Au terme de son serment, le G\u00e9n\u00e9ral de corps d\u2019arm\u00e9e Amara Camara a tenu \u00e0 rappeler que son engagement est guid\u00e9 par la conviction profonde de servir la nation guin\u00e9enne avec loyaut\u00e9 et sens du devoir.<br \/>\n\u00ab Convaincu de ma bonne foi et de ma volont\u00e9 de servir la nation, l\u2019\u00c9tat et les institutions de la R\u00e9publique, je souscris librement \u00e0 ces engagements et oppose ma signature pour que plaise \u00e0 Dieu de m\u2019aider \u00e0 me conduire dignement tout au long de ma mission, envers lui, envers le Pr\u00e9sident de la R\u00e9publique et le peuple de Guin\u00e9e \u00bb, a martel\u00e9 le haut grad\u00e9.<\/p>\n<p>\u00c0 travers cette reconduction et ce serment solennel, le G\u00e9n\u00e9ral Amara Camara r\u00e9affirme sa d\u00e9termination \u00e0 accompagner l\u2019action du Pr\u00e9sident Mamadi Doumbouya et \u00e0 contribuer \u00e0 la consolidation des institutions de la R\u00e9publique, dans un esprit d\u2019\u00e9quit\u00e9, de responsabilit\u00e9 et de service au peuple guin\u00e9en.<\/p>\n<p>&nbsp;<\/p>\n<p>AMC<\/p>\n","protected":false},"excerpt":{"rendered":"<p>Reconduit r\u00e9cemment dans ses fonctions de Secr\u00e9taire g\u00e9n\u00e9ral de la Pr\u00e9sidence, le G\u00e9n\u00e9ral de corps d\u2019arm\u00e9e Amara Camara a solennellement pr\u00eat\u00e9 serment devant le Pr\u00e9sident de la R\u00e9publique, le G\u00e9n\u00e9ral Mamadi Doumbouya. \u00c0 cette occasion, il a pris une s\u00e9rie d\u2019engagements forts, pla\u00e7ant la loyaut\u00e9, le respect des principes r\u00e9publicains et la d\u00e9fense de l\u2019int\u00e9r\u00eat [&hellip;]<\/p>\n","protected":false},"author":2,"featured_media":7793,"comment_status":"closed","ping_status":"closed","sticky":false,"template":"","format":"standard","meta":{"_jetpack_memberships_contains_paid_content":false,"footnotes":"","jetpack_publicize_message":"","jetpack_publicize_feature_enabled":true,"jetpack_social_post_already_shared":true,"jetpack_social_options":{"image_generator_settings":{"template":"highway","default_image_id":0,"font":"","enabled":false},"version":2}},"categories":[30,24],"tags":[295],"class_list":{"0":"post-7792","1":"post","2":"type-post","3":"status-publish","4":"format-standard","5":"has-post-thumbnail","7":"category-faits-divers","8":"category-news","9":"tag-general-amara-camara"},"jetpack_publicize_connections":[],"jetpack_featured_media_url":"https:\/\/ledenonciateur224.com\/wp-content\/uploads\/2026\/03\/649699235-1479865320816642-8324489697356860101-n.jpg","jetpack_sharing_enabled":true,"_links":{"self":[{"href":"https:\/\/ledenonciateur224.com\/index.php\/wp-json\/wp\/v2\/posts\/7792","targetHints":{"allow":["GET"]}}],"collection":[{"href":"https:\/\/ledenonciateur224.com\/index.php\/wp-json\/wp\/v2\/posts"}],"about":[{"href":"https:\/\/ledenonciateur224.com\/index.php\/wp-json\/wp\/v2\/types\/post"}],"author":[{"embeddable":true,"href":"https:\/\/ledenonciateur224.com\/index.php\/wp-json\/wp\/v2\/users\/2"}],"replies":[{"embeddable":true,"href":"https:\/\/ledenonciateur224.com\/index.php\/wp-json\/wp\/v2\/comments?post=7792"}],"version-history":[{"count":1,"href":"https:\/\/ledenonciateur224.com\/index.php\/wp-json\/wp\/v2\/posts\/7792\/revisions"}],"predecessor-version":[{"id":7794,"href":"https:\/\/ledenonciateur224.com\/index.php\/wp-json\/wp\/v2\/posts\/7792\/revisions\/7794"}],"wp:featuredmedia":[{"embeddable":true,"href":"https:\/\/ledenonciateur224.com\/index.php\/wp-json\/wp\/v2\/media\/7793"}],"wp:attachment":[{"href":"https:\/\/ledenonciateur224.com\/index.php\/wp-json\/wp\/v2\/media?parent=7792"}],"wp:term":[{"taxonomy":"category","embeddable":true,"href":"https:\/\/ledenonciateur224.com\/index.php\/wp-json\/wp\/v2\/categories?post=7792"},{"taxonomy":"post_tag","embeddable":true,"href":"https:\/\/ledenonciateur224.com\/index.php\/wp-json\/wp\/v2\/tags?post=7792"}],"curies":[{"name":"wp","href":"https:\/\/api.w.org\/{rel}","templated":true}]}}