{"id":7795,"date":"2026-03-11T21:05:00","date_gmt":"2026-03-11T21:05:00","guid":{"rendered":"https:\/\/ledenonciateur224.com\/?p=7795"},"modified":"2026-03-11T21:05:00","modified_gmt":"2026-03-11T21:05:00","slug":"tension-a-la-frontiere-guinee-liberia-des-tirs-de-sommation-signales-a-kiesseneye-les-autorites-appellent-au-calme","status":"publish","type":"post","link":"https:\/\/ledenonciateur224.com\/index.php\/tension-a-la-frontiere-guinee-liberia-des-tirs-de-sommation-signales-a-kiesseneye-les-autorites-appellent-au-calme\/","title":{"rendered":"Tension \u00e0 la fronti\u00e8re Guin\u00e9e\u2013Lib\u00e9ria : des tirs de sommation signal\u00e9s \u00e0 Ki\u00e9ss\u00e8n\u00e8ye, les autorit\u00e9s appellent au calme"},"content":{"rendered":"<div dir=\"auto\">Dans la matin\u00e9e de ce mercredi 11 mars 2026, des tirs ont \u00e9t\u00e9 entendus au d\u00e9barcad\u00e8re de Ki\u00e9ss\u00e8n\u00e8ye, une zone frontali\u00e8re sensible situ\u00e9e entre la Guin\u00e9e et le Lib\u00e9ria. L\u2019incident, qui a rapidement suscit\u00e9 des inqui\u00e9tudes parmi les populations riveraines, s\u2019inscrit dans un contexte de tensions r\u00e9currentes observ\u00e9es ces derni\u00e8res semaines le long des fronti\u00e8res guin\u00e9ennes.<\/div>\n<div dir=\"auto\">En effet, apr\u00e8s des remous r\u00e9cemment signal\u00e9s \u00e0 la fronti\u00e8re entre la Guin\u00e9e et la Sierra L\u00e9one, cet \u00e9pisode vient rappeler la fragilit\u00e9 de certaines zones frontali\u00e8res o\u00f9 les mouvements de populations, les activit\u00e9s commerciales informelles et les d\u00e9placements de jeunes peuvent parfois provoquer des situations de tension.<\/div>\n<div dir=\"auto\">Intervenant sur ces tirs entendus dans la localit\u00e9, le pr\u00e9fet de Gu\u00e9ck\u00e9dou, le g\u00e9n\u00e9ral Kandia Mara, a apport\u00e9 des pr\u00e9cisions sur les circonstances de l\u2019incident. Selon lui, il s\u2019agissait de tirs de sommation effectu\u00e9s par des militaires lib\u00e9riens afin de disperser des jeunes qui tentaient de franchir la fronti\u00e8re vers le territoire guin\u00e9en.<\/div>\n<div dir=\"auto\">Le pr\u00e9fet explique qu\u2019il se trouvait lui-m\u00eame sur place au moment des faits dans le cadre d\u2019une mission de sensibilisation.<\/div>\n<div dir=\"auto\">\u00ab Ce matin, je suis all\u00e9 avec les notables de B\u00e8makissi \u00e0 Ki\u00e9ss\u00e8n\u00e8ye pour sensibiliser les jeunes. Nous sommes rest\u00e9s sur place lorsque des coups de feu ont \u00e9t\u00e9 entendus de l\u2019autre c\u00f4t\u00e9 de la fronti\u00e8re \u00bb, a-t-il confi\u00e9.<\/div>\n<div dir=\"auto\">Toujours selon lui, alors qu\u2019il se trouvait aux c\u00f4t\u00e9s du pr\u00e9sident du district de B\u00e8makissi, ce dernier a re\u00e7u un appel t\u00e9l\u00e9phonique du ministre lib\u00e9rien des Affaires int\u00e9rieures.<\/div>\n<div dir=\"auto\">\u00ab Le pr\u00e9sident de B\u00e8makissi a re\u00e7u un appel du ministre lib\u00e9rien des Affaires int\u00e9rieures. Au bout du fil, le ministre Niouma Ley a expliqu\u00e9 que les tirs venus du Lib\u00e9ria n\u2019\u00e9taient pas dirig\u00e9s contre les Guin\u00e9ens. Il s\u2019agissait plut\u00f4t de tirs de sommation pour disperser des jeunes lib\u00e9riens qui tentaient de traverser vers la rive guin\u00e9enne du fleuve \u00bb, a rapport\u00e9 le pr\u00e9fet au micro du correspondant du site Ledjely.com.<\/div>\n<div dir=\"auto\">Le ministre lib\u00e9rien aurait \u00e9galement indiqu\u00e9 que des mesures sont en cours pour apaiser la situation sur le terrain. Parmi elles, le remplacement prochain des militaires lib\u00e9riens d\u00e9ploy\u00e9s dans la zone par des policiers, une initiative qui vise \u00e0 r\u00e9duire les tensions et \u00e0 favoriser une gestion plus civile de la s\u00e9curit\u00e9 frontali\u00e8re.<\/div>\n<div dir=\"auto\">Face aux inqui\u00e9tudes suscit\u00e9es par cet incident, le pr\u00e9fet de Gu\u00e9ck\u00e9dou a tenu \u00e0 lancer un appel au calme \u00e0 l\u2019endroit des populations, en particulier des jeunes.<\/div>\n<div dir=\"auto\">Il a rassur\u00e9 que les forces de d\u00e9fense et de s\u00e9curit\u00e9 restent mobilis\u00e9es et que les autorit\u00e9s des deux pays travaillent de concert pour pr\u00e9server la stabilit\u00e9 dans cette zone strat\u00e9gique.<\/div>\n<div dir=\"auto\">\u00ab Nous demandons \u00e0 toute la population de Gu\u00e9ck\u00e9dou, notamment aux jeunes, de rester calme. Les forces de d\u00e9fense et de s\u00e9curit\u00e9 sont pr\u00e9sentes sur le terrain et les deux gouvernements sont en train de travailler pour un retour rapide de la qui\u00e9tude dans la localit\u00e9 \u00bb, a-t-il insist\u00e9.<\/div>\n<div dir=\"auto\"><\/div>\n<div dir=\"auto\">Pour l\u2019heure, la situation serait sous contr\u00f4le, m\u00eame si les autorit\u00e9s locales poursuivent leurs efforts de sensibilisation afin d\u2019\u00e9viter tout nouvel incident dans cette zone frontali\u00e8re o\u00f9 les relations entre communaut\u00e9s restent \u00e9troitement li\u00e9es de part et d\u2019autre de la fronti\u00e8re.<\/div>\n<div dir=\"auto\"><\/div>\n<div dir=\"auto\"><\/div>\n<div dir=\"auto\">Ledenonciateur224.com<\/div>\n","protected":false},"excerpt":{"rendered":"<p>Dans la matin\u00e9e de ce mercredi 11 mars 2026, des tirs ont \u00e9t\u00e9 entendus au d\u00e9barcad\u00e8re de Ki\u00e9ss\u00e8n\u00e8ye, une zone frontali\u00e8re sensible situ\u00e9e entre la Guin\u00e9e et le Lib\u00e9ria. L\u2019incident, qui a rapidement suscit\u00e9 des inqui\u00e9tudes parmi les populations riveraines, s\u2019inscrit dans un contexte de tensions r\u00e9currentes observ\u00e9es ces derni\u00e8res semaines le long des fronti\u00e8res [&hellip;]<\/p>\n","protected":false},"author":2,"featured_media":7796,"comment_status":"closed","ping_status":"closed","sticky":false,"template":"","format":"standard","meta":{"_jetpack_memberships_contains_paid_content":false,"footnotes":"","jetpack_publicize_message":"","jetpack_publicize_feature_enabled":true,"jetpack_social_post_already_shared":true,"jetpack_social_options":{"image_generator_settings":{"template":"highway","default_image_id":0,"font":"","enabled":false},"version":2}},"categories":[30,38,24],"tags":[1564],"class_list":{"0":"post-7795","1":"post","2":"type-post","3":"status-publish","4":"format-standard","5":"has-post-thumbnail","7":"category-faits-divers","8":"category-international","9":"category-news","10":"tag-frontiere"},"jetpack_publicize_connections":[],"jetpack_featured_media_url":"https:\/\/ledenonciateur224.com\/wp-content\/uploads\/2026\/03\/prefet-kandia-mara.jpg","jetpack_sharing_enabled":true,"_links":{"self":[{"href":"https:\/\/ledenonciateur224.com\/index.php\/wp-json\/wp\/v2\/posts\/7795","targetHints":{"allow":["GET"]}}],"collection":[{"href":"https:\/\/ledenonciateur224.com\/index.php\/wp-json\/wp\/v2\/posts"}],"about":[{"href":"https:\/\/ledenonciateur224.com\/index.php\/wp-json\/wp\/v2\/types\/post"}],"author":[{"embeddable":true,"href":"https:\/\/ledenonciateur224.com\/index.php\/wp-json\/wp\/v2\/users\/2"}],"replies":[{"embeddable":true,"href":"https:\/\/ledenonciateur224.com\/index.php\/wp-json\/wp\/v2\/comments?post=7795"}],"version-history":[{"count":1,"href":"https:\/\/ledenonciateur224.com\/index.php\/wp-json\/wp\/v2\/posts\/7795\/revisions"}],"predecessor-version":[{"id":7797,"href":"https:\/\/ledenonciateur224.com\/index.php\/wp-json\/wp\/v2\/posts\/7795\/revisions\/7797"}],"wp:featuredmedia":[{"embeddable":true,"href":"https:\/\/ledenonciateur224.com\/index.php\/wp-json\/wp\/v2\/media\/7796"}],"wp:attachment":[{"href":"https:\/\/ledenonciateur224.com\/index.php\/wp-json\/wp\/v2\/media?parent=7795"}],"wp:term":[{"taxonomy":"category","embeddable":true,"href":"https:\/\/ledenonciateur224.com\/index.php\/wp-json\/wp\/v2\/categories?post=7795"},{"taxonomy":"post_tag","embeddable":true,"href":"https:\/\/ledenonciateur224.com\/index.php\/wp-json\/wp\/v2\/tags?post=7795"}],"curies":[{"name":"wp","href":"https:\/\/api.w.org\/{rel}","templated":true}]}}