{"id":7798,"date":"2026-03-12T14:55:56","date_gmt":"2026-03-12T14:55:56","guid":{"rendered":"https:\/\/ledenonciateur224.com\/?p=7798"},"modified":"2026-03-12T14:55:56","modified_gmt":"2026-03-12T14:55:56","slug":"guinee-apres-des-renvois-juges-abusifs-la-justice-libere-el-sisi-et-relance-le-debat-sur-les-droits-fondamentaux","status":"publish","type":"post","link":"https:\/\/ledenonciateur224.com\/index.php\/guinee-apres-des-renvois-juges-abusifs-la-justice-libere-el-sisi-et-relance-le-debat-sur-les-droits-fondamentaux\/","title":{"rendered":"Guin\u00e9e : apr\u00e8s des renvois jug\u00e9s abusifs, la justice lib\u00e8re \u201cEl Sisi\u201d et relance le d\u00e9bat sur les droits fondamentaux"},"content":{"rendered":"<p>Un des militants de l\u2019ancien parti au pouvoir, r\u00e9cemment dissous par les autorit\u00e9s guin\u00e9ennes, Fod\u00e9 Moussa Mara, plus connu sous le surnom d\u2019\u00ab El Sisi \u00bb, a recouvr\u00e9 la libert\u00e9 dans la soir\u00e9e du mercredi 11 mars 2026. Cette d\u00e9cision, rendue par le tribunal de Kaloum, intervient apr\u00e8s plusieurs semaines de proc\u00e9dure marqu\u00e9es par des reports successifs et des contestations de la part de la d\u00e9fense.<br \/>\nPour son avocat, Me Mory Doumbouya, cette remise en libert\u00e9 constitue bien plus qu\u2019une simple d\u00e9cision judiciaire : elle repr\u00e9sente la r\u00e9paration d\u2019une atteinte grave aux droits fondamentaux de son client.<br \/>\nSelon lui, le dossier n\u2019a pu \u00eatre examin\u00e9 que gr\u00e2ce \u00e0 une initiative proc\u00e9durale exceptionnelle prise par la d\u00e9fense, face \u00e0 une s\u00e9rie de renvois que celle-ci consid\u00e9rait comme injustifi\u00e9s.<br \/>\n\u00ab Le dossier a \u00e9t\u00e9 trait\u00e9 aujourd\u2019hui parce que, jusque-l\u00e0, il ne cessait d\u2019\u00eatre renvoy\u00e9 pour des raisons qui ne nous semblaient pas fond\u00e9es. Nous avons donc choisi d\u2019introduire un r\u00e9f\u00e9r\u00e9 p\u00e9nal. Le code de proc\u00e9dure p\u00e9nale, dans son article pr\u00e9liminaire, point douze, donne cette possibilit\u00e9 \u00e0 toute personne poursuivie. C\u2019est ce recours que nous avons engag\u00e9 ce mercredi devant le tribunal de Kaloum \u00bb, a expliqu\u00e9 l\u2019avocat.<\/p>\n<p>Ancien ministre de la Justice, Me Mory Doumbouya affirme que sa principale pr\u00e9occupation dans ce dossier \u00e9tait de garantir l\u2019examen de la proc\u00e9dure par une juridiction ind\u00e9pendante et impartiale. Il souligne que, depuis l\u2019arrestation de son client, la d\u00e9fense n\u2019a cess\u00e9 de r\u00e9clamer la tenue d\u2019une audience respectant les principes d\u2019un proc\u00e8s juste et \u00e9quitable.<br \/>\n\u00ab Ce qui m\u2019importait dans cette affaire, c\u2019\u00e9tait que la proc\u00e9dure soit examin\u00e9e par une juridiction impartiale et ind\u00e9pendante. Nous avons toujours demand\u00e9 la tenue d\u2019un proc\u00e8s juste et \u00e9quitable. Mais il y a eu de nombreuses turbulences, des contraintes et plusieurs renvois successifs. Finalement, l\u2019audience a pu se tenir aujourd\u2019hui et la juridiction correctionnelle a d\u00e9cid\u00e9 de sa remise en libert\u00e9 \u00bb, a-t-il indiqu\u00e9.<\/p>\n<p>L\u2019affaire a rapidement pris une dimension politique en raison du profil du pr\u00e9venu. Fod\u00e9 Moussa Mara est en effet identifi\u00e9 comme un militant actif de l\u2019ancien parti au pouvoir, formation politique r\u00e9cemment dissoute par les autorit\u00e9s guin\u00e9ennes dans un contexte de recomposition du paysage politique national.<br \/>\nSa d\u00e9tention avait suscit\u00e9 des interrogations au sein de certains milieux politiques et de la soci\u00e9t\u00e9 civile, certains observateurs y voyant un test pour l\u2019ind\u00e9pendance de la justice dans un climat politique particuli\u00e8rement sensible.<\/p>\n<p>Si la d\u00e9cision de la juridiction correctionnelle marque un tournant dans ce dossier, la d\u00e9fense reste prudente quant \u00e0 la suite de la proc\u00e9dure.<br \/>\nMe Mory Doumbouya esp\u00e8re que cette remise en libert\u00e9 ouvrira la voie \u00e0 l\u2019abandon d\u00e9finitif des poursuites contre son client. Toutefois, il souligne que l\u2019\u00e9quipe de d\u00e9fense demeure attentive \u00e0 toute \u00e9volution du dossier et pr\u00eate \u00e0 intervenir si la proc\u00e9dure devait se poursuivre.<br \/>\nPour les proches de Fod\u00e9 Moussa Mara, surnomm\u00e9 \u00ab El Sisi \u00bb, cette lib\u00e9ration repr\u00e9sente avant tout la fin d\u2019une d\u00e9tention qu\u2019ils consid\u00e9raient comme injustifi\u00e9e.<\/p>\n<p>Mais au-del\u00e0 du cas individuel, l\u2019affaire relance un d\u00e9bat plus large en Guin\u00e9e : celui du respect des garanties judiciaires et des droits fondamentaux dans les proc\u00e9dures p\u00e9nales.<\/p>\n<p>&nbsp;<\/p>\n<p>AMC<\/p>\n","protected":false},"excerpt":{"rendered":"<p>Un des militants de l\u2019ancien parti au pouvoir, r\u00e9cemment dissous par les autorit\u00e9s guin\u00e9ennes, Fod\u00e9 Moussa Mara, plus connu sous le surnom d\u2019\u00ab El Sisi \u00bb, a recouvr\u00e9 la libert\u00e9 dans la soir\u00e9e du mercredi 11 mars 2026. Cette d\u00e9cision, rendue par le tribunal de Kaloum, intervient apr\u00e8s plusieurs semaines de proc\u00e9dure marqu\u00e9es par des [&hellip;]<\/p>\n","protected":false},"author":2,"featured_media":7799,"comment_status":"closed","ping_status":"closed","sticky":false,"template":"","format":"standard","meta":{"_jetpack_memberships_contains_paid_content":false,"footnotes":"","jetpack_publicize_message":"","jetpack_publicize_feature_enabled":true,"jetpack_social_post_already_shared":true,"jetpack_social_options":{"image_generator_settings":{"template":"highway","default_image_id":0,"font":"","enabled":false},"version":2}},"categories":[30,24],"tags":[1474],"class_list":{"0":"post-7798","1":"post","2":"type-post","3":"status-publish","4":"format-standard","5":"has-post-thumbnail","7":"category-faits-divers","8":"category-news","9":"tag-tribunal-de-kaloum"},"jetpack_publicize_connections":[],"jetpack_featured_media_url":"https:\/\/ledenonciateur224.com\/wp-content\/uploads\/2026\/03\/img-9171.webp","jetpack_sharing_enabled":true,"_links":{"self":[{"href":"https:\/\/ledenonciateur224.com\/index.php\/wp-json\/wp\/v2\/posts\/7798","targetHints":{"allow":["GET"]}}],"collection":[{"href":"https:\/\/ledenonciateur224.com\/index.php\/wp-json\/wp\/v2\/posts"}],"about":[{"href":"https:\/\/ledenonciateur224.com\/index.php\/wp-json\/wp\/v2\/types\/post"}],"author":[{"embeddable":true,"href":"https:\/\/ledenonciateur224.com\/index.php\/wp-json\/wp\/v2\/users\/2"}],"replies":[{"embeddable":true,"href":"https:\/\/ledenonciateur224.com\/index.php\/wp-json\/wp\/v2\/comments?post=7798"}],"version-history":[{"count":1,"href":"https:\/\/ledenonciateur224.com\/index.php\/wp-json\/wp\/v2\/posts\/7798\/revisions"}],"predecessor-version":[{"id":7800,"href":"https:\/\/ledenonciateur224.com\/index.php\/wp-json\/wp\/v2\/posts\/7798\/revisions\/7800"}],"wp:featuredmedia":[{"embeddable":true,"href":"https:\/\/ledenonciateur224.com\/index.php\/wp-json\/wp\/v2\/media\/7799"}],"wp:attachment":[{"href":"https:\/\/ledenonciateur224.com\/index.php\/wp-json\/wp\/v2\/media?parent=7798"}],"wp:term":[{"taxonomy":"category","embeddable":true,"href":"https:\/\/ledenonciateur224.com\/index.php\/wp-json\/wp\/v2\/categories?post=7798"},{"taxonomy":"post_tag","embeddable":true,"href":"https:\/\/ledenonciateur224.com\/index.php\/wp-json\/wp\/v2\/tags?post=7798"}],"curies":[{"name":"wp","href":"https:\/\/api.w.org\/{rel}","templated":true}]}}