{"id":7813,"date":"2026-03-13T16:24:25","date_gmt":"2026-03-13T16:24:25","guid":{"rendered":"https:\/\/ledenonciateur224.com\/?p=7813"},"modified":"2026-03-13T16:24:25","modified_gmt":"2026-03-13T16:24:25","slug":"kindia-la-ministre-fatima-camara-salue-le-respect-des-prix-plafond-sur-le-marche","status":"publish","type":"post","link":"https:\/\/ledenonciateur224.com\/index.php\/kindia-la-ministre-fatima-camara-salue-le-respect-des-prix-plafond-sur-le-marche\/","title":{"rendered":"Kindia: la ministre Fatima Camara salue le respect des prix plafond sur le march\u00e9"},"content":{"rendered":"<p>Kindia, 13 mars 2026 \u2013 La ministre de l\u2019Industrie et du Commerce, Fatima Camara, a effectu\u00e9 ce vendredi une visite de terrain dans la ville de Kindia pour v\u00e9rifier l\u2019application des prix plafonds fix\u00e9s sur les denr\u00e9es de premi\u00e8re n\u00e9cessit\u00e9 pendant les p\u00e9riodes de Car\u00eame et de Ramadan.Cette mission s\u2019inscrit dans le cadre des instructions du pr\u00e9sident de la R\u00e9publique, le g\u00e9n\u00e9ral Mamadi Doumbouya, et du Premier ministre Amadou Oury Bah, visant \u00e0 prot\u00e9ger le pouvoir d\u2019achat des populations face \u00e0 la hausse des prix.<\/p>\n<p><img loading=\"lazy\" decoding=\"async\" class=\"alignnone size-full wp-image-7816\" src=\"https:\/\/ledenonciateur224.com\/wp-content\/uploads\/2026\/03\/img-20260313-wa0060.jpg\" alt=\"\" width=\"1016\" height=\"605\" srcset=\"https:\/\/ledenonciateur224.com\/wp-content\/uploads\/2026\/03\/img-20260313-wa0060.jpg 1016w, https:\/\/ledenonciateur224.com\/wp-content\/uploads\/2026\/03\/img-20260313-wa0060-300x179.jpg 300w, https:\/\/ledenonciateur224.com\/wp-content\/uploads\/2026\/03\/img-20260313-wa0060-768x457.jpg 768w, https:\/\/ledenonciateur224.com\/wp-content\/uploads\/2026\/03\/img-20260313-wa0060-150x89.jpg 150w, https:\/\/ledenonciateur224.com\/wp-content\/uploads\/2026\/03\/img-20260313-wa0060-696x414.jpg 696w, https:\/\/ledenonciateur224.com\/wp-content\/uploads\/2026\/03\/img-20260313-wa0060-705x420.jpg 705w\" sizes=\"auto, (max-width: 1016px) 100vw, 1016px\" \/><\/p>\n<p>Accompagn\u00e9e de plusieurs services techniques, la ministre a parcouru des boutiques, magasins et points de vente de produits alimentaires afin de contr\u00f4ler les prix, les poids et la qualit\u00e9 des produits. Elle a \u00e9galement \u00e9chang\u00e9 avec les commer\u00e7ants pour recueillir leurs pr\u00e9occupations.<\/p>\n<p><img loading=\"lazy\" decoding=\"async\" class=\"alignnone size-full wp-image-7814\" src=\"https:\/\/ledenonciateur224.com\/wp-content\/uploads\/2026\/03\/img-20260313-wa0052.jpg\" alt=\"\" width=\"1080\" height=\"720\" srcset=\"https:\/\/ledenonciateur224.com\/wp-content\/uploads\/2026\/03\/img-20260313-wa0052.jpg 1080w, https:\/\/ledenonciateur224.com\/wp-content\/uploads\/2026\/03\/img-20260313-wa0052-300x200.jpg 300w, https:\/\/ledenonciateur224.com\/wp-content\/uploads\/2026\/03\/img-20260313-wa0052-1024x683.jpg 1024w, https:\/\/ledenonciateur224.com\/wp-content\/uploads\/2026\/03\/img-20260313-wa0052-768x512.jpg 768w, https:\/\/ledenonciateur224.com\/wp-content\/uploads\/2026\/03\/img-20260313-wa0052-150x100.jpg 150w, https:\/\/ledenonciateur224.com\/wp-content\/uploads\/2026\/03\/img-20260313-wa0052-696x464.jpg 696w, https:\/\/ledenonciateur224.com\/wp-content\/uploads\/2026\/03\/img-20260313-wa0052-1068x712.jpg 1068w, https:\/\/ledenonciateur224.com\/wp-content\/uploads\/2026\/03\/img-20260313-wa0052-630x420.jpg 630w\" sizes=\"auto, (max-width: 1080px) 100vw, 1080px\" \/><\/p>\n<p>\u00c0 l\u2019issue de la visite, Fatima Camara s\u2019est dite satisfaite du constat fait au grand march\u00e9 de Kindia. Selon elle, les prix des produits concern\u00e9s sont globalement respect\u00e9s et restent m\u00eame, pour certains, en dessous du plafond fix\u00e9 par le gouvernement.Toutefois, quelques insuffisances ont \u00e9t\u00e9 relev\u00e9es, notamment sur les conditions de conservation de certains produits et un l\u00e9ger \u00e9cart de poids sur un article, qui sera retir\u00e9 du march\u00e9 jusqu\u2019\u00e0 sa mise en conformit\u00e9.<\/p>\n<p><img loading=\"lazy\" decoding=\"async\" class=\"alignnone size-full wp-image-7815\" src=\"https:\/\/ledenonciateur224.com\/wp-content\/uploads\/2026\/03\/img-20260313-wa0135.jpg\" alt=\"\" width=\"1882\" height=\"1523\" srcset=\"https:\/\/ledenonciateur224.com\/wp-content\/uploads\/2026\/03\/img-20260313-wa0135.jpg 1882w, https:\/\/ledenonciateur224.com\/wp-content\/uploads\/2026\/03\/img-20260313-wa0135-300x243.jpg 300w, https:\/\/ledenonciateur224.com\/wp-content\/uploads\/2026\/03\/img-20260313-wa0135-1024x829.jpg 1024w, https:\/\/ledenonciateur224.com\/wp-content\/uploads\/2026\/03\/img-20260313-wa0135-768x622.jpg 768w, https:\/\/ledenonciateur224.com\/wp-content\/uploads\/2026\/03\/img-20260313-wa0135-1536x1243.jpg 1536w, https:\/\/ledenonciateur224.com\/wp-content\/uploads\/2026\/03\/img-20260313-wa0135-150x121.jpg 150w, https:\/\/ledenonciateur224.com\/wp-content\/uploads\/2026\/03\/img-20260313-wa0135-696x563.jpg 696w, https:\/\/ledenonciateur224.com\/wp-content\/uploads\/2026\/03\/img-20260313-wa0135-1068x864.jpg 1068w, https:\/\/ledenonciateur224.com\/wp-content\/uploads\/2026\/03\/img-20260313-wa0135-519x420.jpg 519w\" sizes=\"auto, (max-width: 1882px) 100vw, 1882px\" \/><\/p>\n<p>Pour lutter contre les abus, le minist\u00e8re rappelle que les citoyens peuvent signaler toute irr\u00e9gularit\u00e9 via le num\u00e9ro vert 142.<\/p>\n<p>&nbsp;<\/p>\n<p>Ledenonciateur224.com<\/p>\n","protected":false},"excerpt":{"rendered":"<p>Kindia, 13 mars 2026 \u2013 La ministre de l\u2019Industrie et du Commerce, Fatima Camara, a effectu\u00e9 ce vendredi une visite de terrain dans la ville de Kindia pour v\u00e9rifier l\u2019application des prix plafonds fix\u00e9s sur les denr\u00e9es de premi\u00e8re n\u00e9cessit\u00e9 pendant les p\u00e9riodes de Car\u00eame et de Ramadan.Cette mission s\u2019inscrit dans le cadre des instructions [&hellip;]<\/p>\n","protected":false},"author":2,"featured_media":7815,"comment_status":"closed","ping_status":"closed","sticky":false,"template":"","format":"standard","meta":{"_jetpack_memberships_contains_paid_content":false,"footnotes":"","jetpack_publicize_message":"","jetpack_publicize_feature_enabled":true,"jetpack_social_post_already_shared":true,"jetpack_social_options":{"image_generator_settings":{"template":"highway","default_image_id":0,"font":"","enabled":false},"version":2}},"categories":[29,24],"tags":[1570,1502],"class_list":{"0":"post-7813","1":"post","2":"type-post","3":"status-publish","4":"format-standard","5":"has-post-thumbnail","7":"category-economie","8":"category-news","9":"tag-marche-interieur","10":"tag-ministre-fatima-camara"},"jetpack_publicize_connections":[],"jetpack_featured_media_url":"https:\/\/ledenonciateur224.com\/wp-content\/uploads\/2026\/03\/img-20260313-wa0135.jpg","jetpack_sharing_enabled":true,"_links":{"self":[{"href":"https:\/\/ledenonciateur224.com\/index.php\/wp-json\/wp\/v2\/posts\/7813","targetHints":{"allow":["GET"]}}],"collection":[{"href":"https:\/\/ledenonciateur224.com\/index.php\/wp-json\/wp\/v2\/posts"}],"about":[{"href":"https:\/\/ledenonciateur224.com\/index.php\/wp-json\/wp\/v2\/types\/post"}],"author":[{"embeddable":true,"href":"https:\/\/ledenonciateur224.com\/index.php\/wp-json\/wp\/v2\/users\/2"}],"replies":[{"embeddable":true,"href":"https:\/\/ledenonciateur224.com\/index.php\/wp-json\/wp\/v2\/comments?post=7813"}],"version-history":[{"count":1,"href":"https:\/\/ledenonciateur224.com\/index.php\/wp-json\/wp\/v2\/posts\/7813\/revisions"}],"predecessor-version":[{"id":7817,"href":"https:\/\/ledenonciateur224.com\/index.php\/wp-json\/wp\/v2\/posts\/7813\/revisions\/7817"}],"wp:featuredmedia":[{"embeddable":true,"href":"https:\/\/ledenonciateur224.com\/index.php\/wp-json\/wp\/v2\/media\/7815"}],"wp:attachment":[{"href":"https:\/\/ledenonciateur224.com\/index.php\/wp-json\/wp\/v2\/media?parent=7813"}],"wp:term":[{"taxonomy":"category","embeddable":true,"href":"https:\/\/ledenonciateur224.com\/index.php\/wp-json\/wp\/v2\/categories?post=7813"},{"taxonomy":"post_tag","embeddable":true,"href":"https:\/\/ledenonciateur224.com\/index.php\/wp-json\/wp\/v2\/tags?post=7813"}],"curies":[{"name":"wp","href":"https:\/\/api.w.org\/{rel}","templated":true}]}}