{"id":7818,"date":"2026-03-13T17:07:13","date_gmt":"2026-03-13T17:07:13","guid":{"rendered":"https:\/\/ledenonciateur224.com\/?p=7818"},"modified":"2026-03-13T17:07:13","modified_gmt":"2026-03-13T17:07:13","slug":"lutte-contre-la-cherte-de-la-vie-fatima-camara-satisfaite-du-respect-des-prix-a-kindia","status":"publish","type":"post","link":"https:\/\/ledenonciateur224.com\/index.php\/lutte-contre-la-cherte-de-la-vie-fatima-camara-satisfaite-du-respect-des-prix-a-kindia\/","title":{"rendered":"Lutte contre la chert\u00e9 de la vie : Fatima Camara satisfaite du respect des prix \u00e0 Kindia"},"content":{"rendered":"<p>En pleine p\u00e9riode de je\u00fbne marqu\u00e9e par le Car\u00eame chr\u00e9tien et le Ramadan musulman, la ministre de l\u2019Industrie et du Commerce, Fatima Camara, a effectu\u00e9 ce vendredi 13 mars, une visite de terrain dans la ville de Kindia afin de v\u00e9rifier l\u2019application des prix plafonds fix\u00e9s sur plusieurs denr\u00e9es de premi\u00e8re n\u00e9cessit\u00e9.<br \/>\nCette mission s\u2019inscrit dans le cadre des orientations donn\u00e9es par le pr\u00e9sident de la R\u00e9publique, Mamadi Doumbouya, et du Premier ministre, Amadou Oury Bah. L\u2019objectif est clair : veiller \u00e0 la stabilit\u00e9 des prix et prot\u00e9ger le pouvoir d\u2019achat des populations, particuli\u00e8rement durant ces p\u00e9riodes de forte consommation o\u00f9 les sp\u00e9culations peuvent parfois se multiplier sur les march\u00e9s.<br \/>\nSur le terrain, la ministre et la d\u00e9l\u00e9gation qui l\u2019accompagnait ont sillonn\u00e9 plusieurs boutiques, magasins et points de vente de produits alimentaires du grand march\u00e9 de Kindia. Cette tourn\u00e9e de contr\u00f4le a permis de v\u00e9rifier non seulement les prix appliqu\u00e9s sur les produits concern\u00e9s par les mesures gouvernementales, mais aussi les poids, la qualit\u00e9 et les conditions de conservation des denr\u00e9es.<br \/>\nAu cours de cette visite, la ministre a \u00e9galement pris le temps d\u2019\u00e9changer avec les commer\u00e7ants et les responsables des march\u00e9s. Ces discussions ont port\u00e9 sur les difficult\u00e9s d\u2019approvisionnement, les co\u00fbts de transport ainsi que les efforts consentis par les acteurs du commerce pour maintenir les prix dans les limites fix\u00e9es par l\u2019\u00c9tat.<\/p>\n<p><img loading=\"lazy\" decoding=\"async\" class=\"alignnone size-full wp-image-7815\" src=\"https:\/\/ledenonciateur224.com\/wp-content\/uploads\/2026\/03\/img-20260313-wa0135.jpg\" alt=\"\" width=\"1882\" height=\"1523\" srcset=\"https:\/\/ledenonciateur224.com\/wp-content\/uploads\/2026\/03\/img-20260313-wa0135.jpg 1882w, https:\/\/ledenonciateur224.com\/wp-content\/uploads\/2026\/03\/img-20260313-wa0135-300x243.jpg 300w, https:\/\/ledenonciateur224.com\/wp-content\/uploads\/2026\/03\/img-20260313-wa0135-1024x829.jpg 1024w, https:\/\/ledenonciateur224.com\/wp-content\/uploads\/2026\/03\/img-20260313-wa0135-768x622.jpg 768w, https:\/\/ledenonciateur224.com\/wp-content\/uploads\/2026\/03\/img-20260313-wa0135-1536x1243.jpg 1536w, https:\/\/ledenonciateur224.com\/wp-content\/uploads\/2026\/03\/img-20260313-wa0135-150x121.jpg 150w, https:\/\/ledenonciateur224.com\/wp-content\/uploads\/2026\/03\/img-20260313-wa0135-696x563.jpg 696w, https:\/\/ledenonciateur224.com\/wp-content\/uploads\/2026\/03\/img-20260313-wa0135-1068x864.jpg 1068w, https:\/\/ledenonciateur224.com\/wp-content\/uploads\/2026\/03\/img-20260313-wa0135-519x420.jpg 519w\" sizes=\"auto, (max-width: 1882px) 100vw, 1882px\" \/><br \/>\n\u00c0 l\u2019issue de la tourn\u00e9e, Fatima Camara s\u2019est dite globalement satisfaite des constats effectu\u00e9s au grand march\u00e9 de Kindia. Selon elle, la majorit\u00e9 des commer\u00e7ants respecte les prix plafonds \u00e9tablis par le gouvernement. Dans certains cas, a-t-elle soulign\u00e9, les prix observ\u00e9s sont m\u00eame rest\u00e9s l\u00e9g\u00e8rement en dessous des seuils fix\u00e9s, un signe encourageant pour la protection du pouvoir d\u2019achat des consommateurs.<br \/>\nToutefois, la mission de contr\u00f4le a permis d\u2019identifier quelques insuffisances.<\/p>\n<p><img loading=\"lazy\" decoding=\"async\" class=\"alignnone size-full wp-image-7814\" src=\"https:\/\/ledenonciateur224.com\/wp-content\/uploads\/2026\/03\/img-20260313-wa0052.jpg\" alt=\"\" width=\"1080\" height=\"720\" srcset=\"https:\/\/ledenonciateur224.com\/wp-content\/uploads\/2026\/03\/img-20260313-wa0052.jpg 1080w, https:\/\/ledenonciateur224.com\/wp-content\/uploads\/2026\/03\/img-20260313-wa0052-300x200.jpg 300w, https:\/\/ledenonciateur224.com\/wp-content\/uploads\/2026\/03\/img-20260313-wa0052-1024x683.jpg 1024w, https:\/\/ledenonciateur224.com\/wp-content\/uploads\/2026\/03\/img-20260313-wa0052-768x512.jpg 768w, https:\/\/ledenonciateur224.com\/wp-content\/uploads\/2026\/03\/img-20260313-wa0052-150x100.jpg 150w, https:\/\/ledenonciateur224.com\/wp-content\/uploads\/2026\/03\/img-20260313-wa0052-696x464.jpg 696w, https:\/\/ledenonciateur224.com\/wp-content\/uploads\/2026\/03\/img-20260313-wa0052-1068x712.jpg 1068w, https:\/\/ledenonciateur224.com\/wp-content\/uploads\/2026\/03\/img-20260313-wa0052-630x420.jpg 630w\" sizes=\"auto, (max-width: 1080px) 100vw, 1080px\" \/><\/p>\n<p>Les autorit\u00e9s ont notamment relev\u00e9 des probl\u00e8mes li\u00e9s aux conditions de conservation de certains produits alimentaires, ainsi qu\u2019un l\u00e9ger \u00e9cart de poids concernant un article. Celui-ci sera temporairement retir\u00e9 du march\u00e9 jusqu\u2019\u00e0 sa mise en conformit\u00e9 avec les normes exig\u00e9es.<br \/>\nLe minist\u00e8re de l\u2019Industrie et du Commerce rappelle par ailleurs que la lutte contre la sp\u00e9culation et les pratiques commerciales abusives n\u00e9cessite la collaboration de tous.<\/p>\n<p><img loading=\"lazy\" decoding=\"async\" class=\"alignnone size-full wp-image-7816\" src=\"https:\/\/ledenonciateur224.com\/wp-content\/uploads\/2026\/03\/img-20260313-wa0060.jpg\" alt=\"\" width=\"1016\" height=\"605\" srcset=\"https:\/\/ledenonciateur224.com\/wp-content\/uploads\/2026\/03\/img-20260313-wa0060.jpg 1016w, https:\/\/ledenonciateur224.com\/wp-content\/uploads\/2026\/03\/img-20260313-wa0060-300x179.jpg 300w, https:\/\/ledenonciateur224.com\/wp-content\/uploads\/2026\/03\/img-20260313-wa0060-768x457.jpg 768w, https:\/\/ledenonciateur224.com\/wp-content\/uploads\/2026\/03\/img-20260313-wa0060-150x89.jpg 150w, https:\/\/ledenonciateur224.com\/wp-content\/uploads\/2026\/03\/img-20260313-wa0060-696x414.jpg 696w, https:\/\/ledenonciateur224.com\/wp-content\/uploads\/2026\/03\/img-20260313-wa0060-705x420.jpg 705w\" sizes=\"auto, (max-width: 1016px) 100vw, 1016px\" \/><\/p>\n<p>\u00c0 cet effet, les citoyens sont invit\u00e9s \u00e0 signaler toute irr\u00e9gularit\u00e9 ou hausse abusive des prix via le num\u00e9ro vert 142, mis en place pour recueillir les plaintes et alertes des consommateurs.<\/p>\n<p><img loading=\"lazy\" decoding=\"async\" class=\"alignnone size-full wp-image-7819\" src=\"https:\/\/ledenonciateur224.com\/wp-content\/uploads\/2026\/03\/img-20260313-wa0042.jpg\" alt=\"\" width=\"932\" height=\"600\" srcset=\"https:\/\/ledenonciateur224.com\/wp-content\/uploads\/2026\/03\/img-20260313-wa0042.jpg 932w, https:\/\/ledenonciateur224.com\/wp-content\/uploads\/2026\/03\/img-20260313-wa0042-300x193.jpg 300w, https:\/\/ledenonciateur224.com\/wp-content\/uploads\/2026\/03\/img-20260313-wa0042-768x494.jpg 768w, https:\/\/ledenonciateur224.com\/wp-content\/uploads\/2026\/03\/img-20260313-wa0042-150x97.jpg 150w, https:\/\/ledenonciateur224.com\/wp-content\/uploads\/2026\/03\/img-20260313-wa0042-696x448.jpg 696w, https:\/\/ledenonciateur224.com\/wp-content\/uploads\/2026\/03\/img-20260313-wa0042-652x420.jpg 652w\" sizes=\"auto, (max-width: 932px) 100vw, 932px\" \/><br \/>\n\u00c0 travers ces contr\u00f4les de proximit\u00e9, les autorit\u00e9s entendent renforcer la r\u00e9gulation des march\u00e9s et garantir un acc\u00e8s \u00e9quitable aux produits de premi\u00e8re n\u00e9cessit\u00e9 pour l&rsquo;ensemble de la population.<\/p>\n<p>&nbsp;<\/p>\n<p>Ledenonciateur224.com<\/p>\n","protected":false},"excerpt":{"rendered":"<p>En pleine p\u00e9riode de je\u00fbne marqu\u00e9e par le Car\u00eame chr\u00e9tien et le Ramadan musulman, la ministre de l\u2019Industrie et du Commerce, Fatima Camara, a effectu\u00e9 ce vendredi 13 mars, une visite de terrain dans la ville de Kindia afin de v\u00e9rifier l\u2019application des prix plafonds fix\u00e9s sur plusieurs denr\u00e9es de premi\u00e8re n\u00e9cessit\u00e9. Cette mission s\u2019inscrit [&hellip;]<\/p>\n","protected":false},"author":2,"featured_media":7819,"comment_status":"closed","ping_status":"closed","sticky":false,"template":"","format":"standard","meta":{"_jetpack_memberships_contains_paid_content":false,"footnotes":"","jetpack_publicize_message":"","jetpack_publicize_feature_enabled":true,"jetpack_social_post_already_shared":true,"jetpack_social_options":{"image_generator_settings":{"template":"highway","default_image_id":0,"font":"","enabled":false},"version":2}},"categories":[29,24,33],"tags":[472,1502,1571],"class_list":{"0":"post-7818","1":"post","2":"type-post","3":"status-publish","4":"format-standard","5":"has-post-thumbnail","7":"category-economie","8":"category-news","9":"category-region","10":"tag-marche","11":"tag-ministre-fatima-camara","12":"tag-prix-plafonds"},"jetpack_publicize_connections":[],"jetpack_featured_media_url":"https:\/\/ledenonciateur224.com\/wp-content\/uploads\/2026\/03\/img-20260313-wa0042.jpg","jetpack_sharing_enabled":true,"_links":{"self":[{"href":"https:\/\/ledenonciateur224.com\/index.php\/wp-json\/wp\/v2\/posts\/7818","targetHints":{"allow":["GET"]}}],"collection":[{"href":"https:\/\/ledenonciateur224.com\/index.php\/wp-json\/wp\/v2\/posts"}],"about":[{"href":"https:\/\/ledenonciateur224.com\/index.php\/wp-json\/wp\/v2\/types\/post"}],"author":[{"embeddable":true,"href":"https:\/\/ledenonciateur224.com\/index.php\/wp-json\/wp\/v2\/users\/2"}],"replies":[{"embeddable":true,"href":"https:\/\/ledenonciateur224.com\/index.php\/wp-json\/wp\/v2\/comments?post=7818"}],"version-history":[{"count":1,"href":"https:\/\/ledenonciateur224.com\/index.php\/wp-json\/wp\/v2\/posts\/7818\/revisions"}],"predecessor-version":[{"id":7820,"href":"https:\/\/ledenonciateur224.com\/index.php\/wp-json\/wp\/v2\/posts\/7818\/revisions\/7820"}],"wp:featuredmedia":[{"embeddable":true,"href":"https:\/\/ledenonciateur224.com\/index.php\/wp-json\/wp\/v2\/media\/7819"}],"wp:attachment":[{"href":"https:\/\/ledenonciateur224.com\/index.php\/wp-json\/wp\/v2\/media?parent=7818"}],"wp:term":[{"taxonomy":"category","embeddable":true,"href":"https:\/\/ledenonciateur224.com\/index.php\/wp-json\/wp\/v2\/categories?post=7818"},{"taxonomy":"post_tag","embeddable":true,"href":"https:\/\/ledenonciateur224.com\/index.php\/wp-json\/wp\/v2\/tags?post=7818"}],"curies":[{"name":"wp","href":"https:\/\/api.w.org\/{rel}","templated":true}]}}