{"id":7821,"date":"2026-03-13T17:42:37","date_gmt":"2026-03-13T17:42:37","guid":{"rendered":"https:\/\/ledenonciateur224.com\/?p=7821"},"modified":"2026-03-13T17:42:37","modified_gmt":"2026-03-13T17:42:37","slug":"journee-fifa-les-25-joueurs-convoques-contre-le-benin-et-le-togo","status":"publish","type":"post","link":"https:\/\/ledenonciateur224.com\/index.php\/journee-fifa-les-25-joueurs-convoques-contre-le-benin-et-le-togo\/","title":{"rendered":"Journ\u00e9e FIFA : les 25 joueurs convoqu\u00e9s contre le Benin et le Togo"},"content":{"rendered":"<p>La Guin\u00e9e disputera deux matches amicaux face au Togo et au B\u00e9nin les 27 et 31 mars 2026, respectivement \u00e0 Rabat et \u00e0 Casablanca, lors de la prochaine fen\u00eatre internationale FIFA.<\/p>\n<p>Pour ces deux rencontres, le S\u00e9lectionneur du Syli National, Paulo Jorge Rebelio Duarte a convoqu\u00e9 un groupe de 25 joueurs.<\/p>\n<p><strong>Liste\u00a0<\/strong><\/p>\n<p><strong>\u00a0<\/strong><strong>Gardiens<\/strong><\/p>\n<p>Souma\u00efla Sylla (Reims\/France)<\/p>\n<p>Ousmane Camara (Loubha FC\/Guin\u00e9e)<\/p>\n<p>Mohamed Camara (Ashanti Kotoko\/Ghana)<\/p>\n<p><strong>D\u00e9fenseurs<\/strong><\/p>\n<p>Mohamed Soumah (Sirius\/Su\u00e8de)<\/p>\n<p>S\u00e9kou Sylla (Deen Hagg\/Pays-Bas)<\/p>\n<p>Ibrahima Br\u00e8ze Fofana (Hammarby\/Su\u00e8de)<\/p>\n<p>Issiaga Sylla (Asteras\/Gr\u00e8ce)<\/p>\n<p>Mory Kont\u00e9 (Mechelen\/Belgique)<\/p>\n<p>Ibrahim Diakit\u00e9 (Cercles Brugges\/Belgique)<\/p>\n<p>Sa\u00efdou Sow (Clermont Foot\/France)<\/p>\n<p>Mansour Camara (Al-Kholood\/Arabie Saoudite)<\/p>\n<p><strong>Milieux<\/strong><\/p>\n<p>Jocelyn Janneh (SC Bastia\/France)<\/p>\n<p>Mohamed Kaba (FC Nantes\/France)<\/p>\n<p>S\u00e9kou Bangoura (Columbus Crew\/USA)<\/p>\n<p>Morlaye Sylla (Damac FC\/Arabie Saoudite)<\/p>\n<p>Seydouba Ciss\u00e9 (Leganes\/Espagne)<\/p>\n<p>Ilaix Moriba Kourouma (Celta Vigo\/Espagne)<\/p>\n<p><strong>Attaquants<\/strong><\/p>\n<p>Yadaly Diaby (Grenoble\/France)<\/p>\n<p>Ousmane Camara (GZ Power\/Chine)<\/p>\n<p>Aliou Badara Bald\u00e9 (ST Gallen\/Suisse)<\/p>\n<p>Mohamed Tour\u00e9 (Plzen\/Tch\u00e8que)<\/p>\n<p>Abdoulaye Camara (Vejle\/Danemark)<\/p>\n<p>Lamine Diaby Fadiga (Rakow\/Pologne)<\/p>\n<p>Serhou Guirassy (Dortmund\/Allemagne)<\/p>\n<p>Yacouba Gnagna Barry (Horoya AC\/Guin\u00e9e)<\/p>\n<p>Le regroupement de notre \u00e9quipe nationale d\u00e9butera le dimanche 22 mars 2026 dans la ville de Rabat au Maroc.<\/p>\n<div class=\"bs-info single-page-info\">\n<div class=\"meta meta-date\"><span class=\"month-day\"><i class=\"glyph-icon flaticon-clock\"><\/i>\u00a0<\/span><\/div>\n<div>Ledenonciateur224.com<\/div>\n<\/div>\n","protected":false},"excerpt":{"rendered":"<p>La Guin\u00e9e disputera deux matches amicaux face au Togo et au B\u00e9nin les 27 et 31 mars 2026, respectivement \u00e0 Rabat et \u00e0 Casablanca, lors de la prochaine fen\u00eatre internationale FIFA. Pour ces deux rencontres, le S\u00e9lectionneur du Syli National, Paulo Jorge Rebelio Duarte a convoqu\u00e9 un groupe de 25 joueurs. Liste\u00a0 \u00a0Gardiens Souma\u00efla Sylla [&hellip;]<\/p>\n","protected":false},"author":2,"featured_media":7822,"comment_status":"closed","ping_status":"closed","sticky":false,"template":"","format":"standard","meta":{"_jetpack_memberships_contains_paid_content":false,"footnotes":"","jetpack_publicize_message":"","jetpack_publicize_feature_enabled":true,"jetpack_social_post_already_shared":true,"jetpack_social_options":{"image_generator_settings":{"template":"highway","default_image_id":0,"font":"","enabled":false},"version":2}},"categories":[38,24,34],"tags":[1520,524],"class_list":{"0":"post-7821","1":"post","2":"type-post","3":"status-publish","4":"format-standard","5":"has-post-thumbnail","7":"category-international","8":"category-news","9":"category-sport","10":"tag-journee-fifa","11":"tag-sily-national-de-guinee"},"jetpack_publicize_connections":[],"jetpack_featured_media_url":"https:\/\/ledenonciateur224.com\/wp-content\/uploads\/2026\/03\/fb-img-1773423703453.jpg","jetpack_sharing_enabled":true,"_links":{"self":[{"href":"https:\/\/ledenonciateur224.com\/index.php\/wp-json\/wp\/v2\/posts\/7821","targetHints":{"allow":["GET"]}}],"collection":[{"href":"https:\/\/ledenonciateur224.com\/index.php\/wp-json\/wp\/v2\/posts"}],"about":[{"href":"https:\/\/ledenonciateur224.com\/index.php\/wp-json\/wp\/v2\/types\/post"}],"author":[{"embeddable":true,"href":"https:\/\/ledenonciateur224.com\/index.php\/wp-json\/wp\/v2\/users\/2"}],"replies":[{"embeddable":true,"href":"https:\/\/ledenonciateur224.com\/index.php\/wp-json\/wp\/v2\/comments?post=7821"}],"version-history":[{"count":1,"href":"https:\/\/ledenonciateur224.com\/index.php\/wp-json\/wp\/v2\/posts\/7821\/revisions"}],"predecessor-version":[{"id":7823,"href":"https:\/\/ledenonciateur224.com\/index.php\/wp-json\/wp\/v2\/posts\/7821\/revisions\/7823"}],"wp:featuredmedia":[{"embeddable":true,"href":"https:\/\/ledenonciateur224.com\/index.php\/wp-json\/wp\/v2\/media\/7822"}],"wp:attachment":[{"href":"https:\/\/ledenonciateur224.com\/index.php\/wp-json\/wp\/v2\/media?parent=7821"}],"wp:term":[{"taxonomy":"category","embeddable":true,"href":"https:\/\/ledenonciateur224.com\/index.php\/wp-json\/wp\/v2\/categories?post=7821"},{"taxonomy":"post_tag","embeddable":true,"href":"https:\/\/ledenonciateur224.com\/index.php\/wp-json\/wp\/v2\/tags?post=7821"}],"curies":[{"name":"wp","href":"https:\/\/api.w.org\/{rel}","templated":true}]}}