{"id":7827,"date":"2026-03-15T01:32:37","date_gmt":"2026-03-15T01:32:37","guid":{"rendered":"https:\/\/ledenonciateur224.com\/?p=7827"},"modified":"2026-03-15T01:32:37","modified_gmt":"2026-03-15T01:32:37","slug":"conflits-frontaliers-le-chef-detat-major-de-larmee-tranche","status":"publish","type":"post","link":"https:\/\/ledenonciateur224.com\/index.php\/conflits-frontaliers-le-chef-detat-major-de-larmee-tranche\/","title":{"rendered":"Conflits frontaliers : le chef d&rsquo;\u00e9tat-major de l&rsquo;arm\u00e9e tranche&#8230;"},"content":{"rendered":"<p>C\u2019est sa premi\u00e8re prise de parole de mani\u00e8re officielle sur la situation \u00e0 la fronti\u00e8re avec le Lib\u00e9ria, th\u00e9\u00e2tre de vives tensions. Lors d\u2019une r\u00e9union strat\u00e9gique tenue ce samedi 14 mars 2026 \u00e0 l\u2019\u00e9tat-major g\u00e9n\u00e9ral des arm\u00e9es, apr\u00e8s ces r\u00e9cents incidents frontaliers, le chef d\u2019\u00c9tat-major g\u00e9n\u00e9ral des arm\u00e9es, s\u2019est exprim\u00e9 avec fermet\u00e9 \u00e0 l\u2019issue de cette rencontre.<\/p>\n<p>Dans son message, le G\u00e9n\u00e9ral Ibrahima Sory Bangoura, n\u2019est pas pass\u00e9 par le dos de la cuill\u00e8re pr\u00e9cisant que que cette rencontre s\u2019est tenue sur instruction du commandant en chef des forces arm\u00e9es. Objectif, apporter la preuve irr\u00e9futable de l\u2019incursion territoriale subie par la Guin\u00e9e.<\/p>\n<p data-path-to-node=\"6\">\u00ab\u00a0<em>Nous sommes avec le minist\u00e8re des Affaires \u00e9trang\u00e8res sur instruction du commandant en chef des forces arm\u00e9es. Il nous a instruit de mettre \u00e0 la disposition du minist\u00e8re des Affaires \u00e9trang\u00e8res toutes les donn\u00e9es techniques qui prouvent \u00e0 suffisance que le territoire guin\u00e9en a \u00e9t\u00e9 offens\u00e9. Et \u00e7a, c\u2019est par la connaissance du terrain, par tout ce que nous poss\u00e9dons, par tout ce que nos militaires ont subi sur le terrain, ainsi que la configuration g\u00e9ographique de notre pays<\/em>\u00a0\u00bb, a-t-il d\u00e9clar\u00e9.<\/p>\n<p data-path-to-node=\"9\">Le haut responsable militaire pr\u00e9vient que l\u2019arm\u00e9e guin\u00e9enne ne ferait aucune concession sur l\u2019int\u00e9grit\u00e9 du territoire national. Le G\u00e9n\u00e9ral Bangoura a insist\u00e9 sur la d\u00e9termination de ses troupes :<\/p>\n<p data-path-to-node=\"10,0\">\u00ab\u00a0<em>Je voudrais pr\u00e9ciser que l\u2019arm\u00e9e ne va jamais faillir \u00e0 sa mission de d\u00e9fense de l\u2019int\u00e9grit\u00e9 du territoire. On fait la courtoisie, mais cela n\u2019emp\u00eache qu\u2019on fasse notre mission de d\u00e9fense. Donc je voudrais rassurer la population guin\u00e9enne d\u2019abord d\u2019\u00eatre calme, de ne pas aller \u00e0 l\u2019affront et de laisser l\u2019arm\u00e9e faire son travail et d\u2019avoir confiance en son arm\u00e9e. Aujourd\u2019hui, il faut qu\u2019elle soit s\u00fbre qu\u2019aucune portion de terrain ne sera c\u00e9d\u00e9e \u00e0 qui que ce soit<\/em>. \u00bb<\/p>\n","protected":false},"excerpt":{"rendered":"<p>C\u2019est sa premi\u00e8re prise de parole de mani\u00e8re officielle sur la situation \u00e0 la fronti\u00e8re avec le Lib\u00e9ria, th\u00e9\u00e2tre de vives tensions. Lors d\u2019une r\u00e9union strat\u00e9gique tenue ce samedi 14 mars 2026 \u00e0 l\u2019\u00e9tat-major g\u00e9n\u00e9ral des arm\u00e9es, apr\u00e8s ces r\u00e9cents incidents frontaliers, le chef d\u2019\u00c9tat-major g\u00e9n\u00e9ral des arm\u00e9es, s\u2019est exprim\u00e9 avec fermet\u00e9 \u00e0 l\u2019issue de [&hellip;]<\/p>\n","protected":false},"author":2,"featured_media":6310,"comment_status":"closed","ping_status":"closed","sticky":false,"template":"","format":"standard","meta":{"_jetpack_memberships_contains_paid_content":false,"footnotes":"","jetpack_publicize_message":"","jetpack_publicize_feature_enabled":true,"jetpack_social_post_already_shared":true,"jetpack_social_options":{"image_generator_settings":{"template":"highway","default_image_id":0,"font":"","enabled":false},"version":2}},"categories":[30,38,24],"tags":[1568,1569],"class_list":{"0":"post-7827","1":"post","2":"type-post","3":"status-publish","4":"format-standard","5":"has-post-thumbnail","7":"category-faits-divers","8":"category-international","9":"category-news","10":"tag-conflits","11":"tag-crises-frontaliere"},"jetpack_publicize_connections":[],"jetpack_featured_media_url":"https:\/\/ledenonciateur224.com\/wp-content\/uploads\/2025\/12\/cnrd-armee-1.jpg","jetpack_sharing_enabled":true,"_links":{"self":[{"href":"https:\/\/ledenonciateur224.com\/index.php\/wp-json\/wp\/v2\/posts\/7827","targetHints":{"allow":["GET"]}}],"collection":[{"href":"https:\/\/ledenonciateur224.com\/index.php\/wp-json\/wp\/v2\/posts"}],"about":[{"href":"https:\/\/ledenonciateur224.com\/index.php\/wp-json\/wp\/v2\/types\/post"}],"author":[{"embeddable":true,"href":"https:\/\/ledenonciateur224.com\/index.php\/wp-json\/wp\/v2\/users\/2"}],"replies":[{"embeddable":true,"href":"https:\/\/ledenonciateur224.com\/index.php\/wp-json\/wp\/v2\/comments?post=7827"}],"version-history":[{"count":1,"href":"https:\/\/ledenonciateur224.com\/index.php\/wp-json\/wp\/v2\/posts\/7827\/revisions"}],"predecessor-version":[{"id":7828,"href":"https:\/\/ledenonciateur224.com\/index.php\/wp-json\/wp\/v2\/posts\/7827\/revisions\/7828"}],"wp:featuredmedia":[{"embeddable":true,"href":"https:\/\/ledenonciateur224.com\/index.php\/wp-json\/wp\/v2\/media\/6310"}],"wp:attachment":[{"href":"https:\/\/ledenonciateur224.com\/index.php\/wp-json\/wp\/v2\/media?parent=7827"}],"wp:term":[{"taxonomy":"category","embeddable":true,"href":"https:\/\/ledenonciateur224.com\/index.php\/wp-json\/wp\/v2\/categories?post=7827"},{"taxonomy":"post_tag","embeddable":true,"href":"https:\/\/ledenonciateur224.com\/index.php\/wp-json\/wp\/v2\/tags?post=7827"}],"curies":[{"name":"wp","href":"https:\/\/api.w.org\/{rel}","templated":true}]}}