{"id":7829,"date":"2026-03-15T14:08:47","date_gmt":"2026-03-15T14:08:47","guid":{"rendered":"https:\/\/ledenonciateur224.com\/?p=7829"},"modified":"2026-03-15T14:08:47","modified_gmt":"2026-03-15T14:08:47","slug":"mamou-la-ministre-fatima-camara-au-marche-central-pour-veiller-sur-les-prix-et-la-qualite-des-denrees","status":"publish","type":"post","link":"https:\/\/ledenonciateur224.com\/index.php\/mamou-la-ministre-fatima-camara-au-marche-central-pour-veiller-sur-les-prix-et-la-qualite-des-denrees\/","title":{"rendered":"Mamou : la ministre Fatima Camara au march\u00e9 central pour veiller sur les prix et la qualit\u00e9 des denr\u00e9es"},"content":{"rendered":"<div dir=\"auto\">La campagne nationale de contr\u00f4le des prix, de la qualit\u00e9, des poids et mesures des denr\u00e9es de premi\u00e8re n\u00e9cessit\u00e9 se poursuit activement \u00e0 l\u2019int\u00e9rieur du pays. Apr\u00e8s les \u00e9tapes de Conakry et de Kindia, la ministre de l\u2019Industrie et du Commerce, Fatima Camara, s\u2019est rendue ce samedi 14 mars 2026 au march\u00e9 central de Mamou, accompagn\u00e9e des directions techniques de son d\u00e9partement, de la Chambre de commerce, du pr\u00e9sident de la d\u00e9l\u00e9gation sp\u00e9ciale ainsi que du pr\u00e9fet de Mamou.<\/div>\n<div dir=\"auto\"><img loading=\"lazy\" decoding=\"async\" class=\"alignnone size-full wp-image-7831\" src=\"https:\/\/ledenonciateur224.com\/wp-content\/uploads\/2026\/03\/fb-img-1773504129296.jpg\" alt=\"\" width=\"1032\" height=\"688\" srcset=\"https:\/\/ledenonciateur224.com\/wp-content\/uploads\/2026\/03\/fb-img-1773504129296.jpg 1032w, https:\/\/ledenonciateur224.com\/wp-content\/uploads\/2026\/03\/fb-img-1773504129296-300x200.jpg 300w, https:\/\/ledenonciateur224.com\/wp-content\/uploads\/2026\/03\/fb-img-1773504129296-1024x683.jpg 1024w, https:\/\/ledenonciateur224.com\/wp-content\/uploads\/2026\/03\/fb-img-1773504129296-768x512.jpg 768w, https:\/\/ledenonciateur224.com\/wp-content\/uploads\/2026\/03\/fb-img-1773504129296-150x100.jpg 150w, https:\/\/ledenonciateur224.com\/wp-content\/uploads\/2026\/03\/fb-img-1773504129296-696x464.jpg 696w, https:\/\/ledenonciateur224.com\/wp-content\/uploads\/2026\/03\/fb-img-1773504129296-630x420.jpg 630w\" sizes=\"auto, (max-width: 1032px) 100vw, 1032px\" \/><\/div>\n<div dir=\"auto\"><\/div>\n<div dir=\"auto\">Cette mission de terrain vise \u00e0 s\u2019assurer de l\u2019application effective des mesures gouvernementales destin\u00e9es \u00e0 prot\u00e9ger les consommateurs, garantir la transparence dans les transactions commerciales et maintenir la stabilit\u00e9 des prix des produits de premi\u00e8re n\u00e9cessit\u00e9 sur les march\u00e9s.<\/div>\n<div dir=\"auto\"><\/div>\n<div dir=\"auto\">Avant de rejoindre le principal centre d\u2019\u00e9changes commerciaux de la ville, la ministre et sa d\u00e9l\u00e9gation ont tenu \u00e0 effectuer une visite de courtoisie aupr\u00e8s des sages de Mamou. Ce geste symbolique s\u2019inscrit dans une tradition de concertation et de respect des autorit\u00e9s morales locales, souvent impliqu\u00e9es dans la m\u00e9diation sociale et la sensibilisation des communaut\u00e9s.<\/div>\n<div dir=\"auto\">\u00c9changes avec les commer\u00e7ants et rappel des engagements<\/div>\n<div dir=\"auto\">Au march\u00e9 central, la d\u00e9l\u00e9gation minist\u00e9rielle a pris le temps d\u2019\u00e9changer directement avec les commer\u00e7ants et les op\u00e9rateurs \u00e9conomiques. Ces discussions ont permis d\u2019\u00e9couter leurs pr\u00e9occupations, notamment celles li\u00e9es \u00e0 l\u2019approvisionnement, au transport des marchandises et aux marges commerciales.<\/div>\n<div dir=\"auto\">La ministre a \u00e9galement rappel\u00e9 l\u2019importance du respect du protocole d\u2019entente sur le plafonnement des prix des denr\u00e9es de premi\u00e8re n\u00e9cessit\u00e9, sign\u00e9 entre l\u2019\u00c9tat, la Chambre de commerce et les acteurs du secteur. Cette initiative s\u2019inscrit dans la volont\u00e9 du gouvernement de pr\u00e9server le pouvoir d\u2019achat des populations, tout en assurant la disponibilit\u00e9 de produits de qualit\u00e9 sur les march\u00e9s.<\/div>\n<div dir=\"auto\"><\/div>\n<div dir=\"auto\"><img loading=\"lazy\" decoding=\"async\" class=\"alignnone size-full wp-image-7832\" src=\"https:\/\/ledenonciateur224.com\/wp-content\/uploads\/2026\/03\/fb-img-1773504057377.jpg\" alt=\"\" width=\"1080\" height=\"720\" srcset=\"https:\/\/ledenonciateur224.com\/wp-content\/uploads\/2026\/03\/fb-img-1773504057377.jpg 1080w, https:\/\/ledenonciateur224.com\/wp-content\/uploads\/2026\/03\/fb-img-1773504057377-300x200.jpg 300w, https:\/\/ledenonciateur224.com\/wp-content\/uploads\/2026\/03\/fb-img-1773504057377-1024x683.jpg 1024w, https:\/\/ledenonciateur224.com\/wp-content\/uploads\/2026\/03\/fb-img-1773504057377-768x512.jpg 768w, https:\/\/ledenonciateur224.com\/wp-content\/uploads\/2026\/03\/fb-img-1773504057377-150x100.jpg 150w, https:\/\/ledenonciateur224.com\/wp-content\/uploads\/2026\/03\/fb-img-1773504057377-696x464.jpg 696w, https:\/\/ledenonciateur224.com\/wp-content\/uploads\/2026\/03\/fb-img-1773504057377-1068x712.jpg 1068w, https:\/\/ledenonciateur224.com\/wp-content\/uploads\/2026\/03\/fb-img-1773504057377-630x420.jpg 630w\" sizes=\"auto, (max-width: 1080px) 100vw, 1080px\" \/><\/div>\n<div dir=\"auto\">Pr\u00e9sent sur le terrain, le Directeur g\u00e9n\u00e9ral de l\u2019Institut guin\u00e9en de normalisation et de la m\u00e9trologie, Sangar\u00e9 Dioum\u00e9, a insist\u00e9 sur l\u2019importance du contr\u00f4le des instruments utilis\u00e9s dans les transactions commerciales.<\/div>\n<div dir=\"auto\">\u00abLa m\u00e9trologie est la science des mesures. Sur le terrain, nous avons trouv\u00e9 des instruments conformes, mais \u00e9galement d\u2019autres qui ne le sont pas. Il faudra donc prendre des dispositions pour v\u00e9rifier ces instruments non conformes afin de garantir la fiabilit\u00e9 des mesures sur le march\u00e9\u00bb, a-t-il expliqu\u00e9, saluant l\u2019implication personnelle de la ministre dans la r\u00e9ussite de cette mission.<\/div>\n<div dir=\"auto\">Selon lui, ces v\u00e9rifications sont essentielles pour \u00e9viter les pratiques frauduleuses, prot\u00e9ger les consommateurs et instaurer un climat de confiance entre vendeurs et acheteurs.<\/div>\n<div dir=\"auto\">Qualit\u00e9 des produits : des progr\u00e8s encourageants<\/div>\n<div dir=\"auto\">De son c\u00f4t\u00e9, le Directeur g\u00e9n\u00e9ral de l\u2019Office national de contr\u00f4le de qualit\u00e9, Mohamed Kadiatou Sylla, s\u2019est f\u00e9licit\u00e9 de cette mission conjointe qui mobilise plusieurs directions techniques du minist\u00e8re.<\/div>\n<div dir=\"auto\">Selon lui, cette initiative \u2014 qui r\u00e9unit la Direction nationale du commerce int\u00e9rieur, l\u2019Institut guin\u00e9en de normalisation et l\u2019Office national de contr\u00f4le de qualit\u00e9 \u2014 constitue une premi\u00e8re en mati\u00e8re de coordination des contr\u00f4les, permettant ainsi de renforcer l\u2019efficacit\u00e9 des inspections sur le terrain.<\/div>\n<div dir=\"auto\">Les constats r\u00e9alis\u00e9s au march\u00e9 central de Mamou restent globalement encourageants.<\/div>\n<div dir=\"auto\">\u00abLes op\u00e9rateurs \u00e9conomiques commencent \u00e0 prendre en compte la dimension qualit\u00e9 dans leurs activit\u00e9s. Cependant, nous avons formul\u00e9 des recommandations concernant les conditions de stockage, l\u2019a\u00e9ration des magasins, l\u2019hygi\u00e8ne et le respect des dates de production et d\u2019exploitation\u00bb, a-t-il indiqu\u00e9.<\/div>\n<div dir=\"auto\">Il a \u00e9galement annonc\u00e9 la mise en place d\u2019\u00e9quipes d\u2019inspecteurs charg\u00e9es de sillonner les march\u00e9s de Mamou, de Kindia et d\u2019autres zones commerciales afin de v\u00e9rifier l\u2019application des recommandations formul\u00e9es. En cas de non-respect des r\u00e8gles, des sanctions pourraient \u00eatre appliqu\u00e9es, dans le but de garantir la s\u00e9curit\u00e9 des consommateurs.<\/div>\n<div dir=\"auto\"><\/div>\n<div dir=\"auto\">Pour Mohamed Traor\u00e9, Directeur national du commerce int\u00e9rieur et de la concurrence, cette mission s\u2019inscrit dans la continuit\u00e9 de la campagne nationale lanc\u00e9e r\u00e9cemment sur l\u2019ensemble du territoire.<\/div>\n<div dir=\"auto\">Apr\u00e8s Conakry et Kindia, l\u2019\u00e9tape de Mamou visait \u00e0 \u00e9tendre l\u2019op\u00e9ration aux grandes villes de l\u2019int\u00e9rieur du pays, o\u00f9 les march\u00e9s jouent un r\u00f4le central dans l\u2019approvisionnement des populations.<\/div>\n<div dir=\"auto\">\u00abGlobalement, les prix contenus dans le protocole sign\u00e9 avec la Chambre de commerce et la Direction g\u00e9n\u00e9rale des douanes sont respect\u00e9s. \u00c0 Mamou, ils sont m\u00eame largement en dessous des prix plafonds \u00bb, a-t-il affirm\u00e9.<\/div>\n<div dir=\"auto\">Il a rappel\u00e9 que cette d\u00e9marche r\u00e9pond \u00e0 la volont\u00e9 du pr\u00e9sident de la R\u00e9publique, Mamadi Doumbouya, de pr\u00e9server le pouvoir d\u2019achat des citoyens et d\u2019assurer la stabilit\u00e9 du march\u00e9 national.<\/div>\n<div dir=\"auto\"><\/div>\n<div dir=\"auto\">Prenant la parole \u00e0 son tour, la ministre Fatima Camara a rassur\u00e9 les populations quant \u00e0 la poursuite de cette campagne de contr\u00f4le.<\/div>\n<div dir=\"auto\">Initialement pr\u00e9vue pour une dur\u00e9e de trois mois, l\u2019op\u00e9ration pourrait \u00eatre prolong\u00e9e et \u00e9largie \u00e0 d\u2019autres secteurs, notamment celui de la viande, en collaboration avec le minist\u00e8re de l\u2019\u00c9levage.<\/div>\n<div dir=\"auto\">\u00abLe gouvernement, \u00e0 travers le minist\u00e8re de l\u2019Industrie et du Commerce, restera mobilis\u00e9 pour soulager la population guin\u00e9enne et garantir des prix justes ainsi que des produits de qualit\u00e9\u00bb, a-t-elle d\u00e9clar\u00e9.<\/div>\n<div dir=\"auto\">La ministre a \u00e9galement soulign\u00e9 que la situation des prix \u00e0 Mamou diff\u00e8re de celle observ\u00e9e \u00e0 Kindia, notamment en raison de la forte concurrence commerciale li\u00e9e \u00e0 la pr\u00e9sence de plusieurs fronti\u00e8res dans la r\u00e9gion, ce qui contribue \u00e0 maintenir certains prix \u00e0 des niveaux relativement bas.<\/div>\n<div dir=\"auto\">Elle a toutefois appel\u00e9 les grossistes \u00e0 respecter strictement les marges commerciales fix\u00e9es et les prix plafonds, rappelant que les contr\u00f4les men\u00e9s par les services techniques ne se limitent pas \u00e0 une simple observation visuelle, mais incluent \u00e9galement la v\u00e9rification des carnets de vente, des factures et des prix unitaires pratiqu\u00e9s.<\/div>\n<div dir=\"auto\"><\/div>\n<div dir=\"auto\">\u00c0 travers cette tourn\u00e9e nationale, le minist\u00e8re de l\u2019Industrie et du Commerce entend renforcer la r\u00e9gulation des march\u00e9s, lutter contre les pratiques abusives et garantir aux consommateurs guin\u00e9ens l\u2019acc\u00e8s \u00e0 des denr\u00e9es de qualit\u00e9 \u00e0 des prix accessibles.<\/div>\n<div dir=\"auto\"><\/div>\n<div dir=\"auto\"><\/div>\n<div dir=\"auto\"><\/div>\n<div dir=\"auto\">Ledenonciateur224.com<\/div>\n","protected":false},"excerpt":{"rendered":"<p>La campagne nationale de contr\u00f4le des prix, de la qualit\u00e9, des poids et mesures des denr\u00e9es de premi\u00e8re n\u00e9cessit\u00e9 se poursuit activement \u00e0 l\u2019int\u00e9rieur du pays. Apr\u00e8s les \u00e9tapes de Conakry et de Kindia, la ministre de l\u2019Industrie et du Commerce, Fatima Camara, s\u2019est rendue ce samedi 14 mars 2026 au march\u00e9 central de Mamou, [&hellip;]<\/p>\n","protected":false},"author":2,"featured_media":7830,"comment_status":"closed","ping_status":"closed","sticky":false,"template":"","format":"standard","meta":{"_jetpack_memberships_contains_paid_content":false,"footnotes":"","jetpack_publicize_message":"","jetpack_publicize_feature_enabled":true,"jetpack_social_post_already_shared":true,"jetpack_social_options":{"image_generator_settings":{"template":"highway","default_image_id":0,"font":"","enabled":false},"version":2}},"categories":[29,24,33],"tags":[1502,1503],"class_list":{"0":"post-7829","1":"post","2":"type-post","3":"status-publish","4":"format-standard","5":"has-post-thumbnail","7":"category-economie","8":"category-news","9":"category-region","10":"tag-ministre-fatima-camara","11":"tag-prix-des-produits"},"jetpack_publicize_connections":[],"jetpack_featured_media_url":"https:\/\/ledenonciateur224.com\/wp-content\/uploads\/2026\/03\/fb-img-1773504041463.jpg","jetpack_sharing_enabled":true,"_links":{"self":[{"href":"https:\/\/ledenonciateur224.com\/index.php\/wp-json\/wp\/v2\/posts\/7829","targetHints":{"allow":["GET"]}}],"collection":[{"href":"https:\/\/ledenonciateur224.com\/index.php\/wp-json\/wp\/v2\/posts"}],"about":[{"href":"https:\/\/ledenonciateur224.com\/index.php\/wp-json\/wp\/v2\/types\/post"}],"author":[{"embeddable":true,"href":"https:\/\/ledenonciateur224.com\/index.php\/wp-json\/wp\/v2\/users\/2"}],"replies":[{"embeddable":true,"href":"https:\/\/ledenonciateur224.com\/index.php\/wp-json\/wp\/v2\/comments?post=7829"}],"version-history":[{"count":1,"href":"https:\/\/ledenonciateur224.com\/index.php\/wp-json\/wp\/v2\/posts\/7829\/revisions"}],"predecessor-version":[{"id":7833,"href":"https:\/\/ledenonciateur224.com\/index.php\/wp-json\/wp\/v2\/posts\/7829\/revisions\/7833"}],"wp:featuredmedia":[{"embeddable":true,"href":"https:\/\/ledenonciateur224.com\/index.php\/wp-json\/wp\/v2\/media\/7830"}],"wp:attachment":[{"href":"https:\/\/ledenonciateur224.com\/index.php\/wp-json\/wp\/v2\/media?parent=7829"}],"wp:term":[{"taxonomy":"category","embeddable":true,"href":"https:\/\/ledenonciateur224.com\/index.php\/wp-json\/wp\/v2\/categories?post=7829"},{"taxonomy":"post_tag","embeddable":true,"href":"https:\/\/ledenonciateur224.com\/index.php\/wp-json\/wp\/v2\/tags?post=7829"}],"curies":[{"name":"wp","href":"https:\/\/api.w.org\/{rel}","templated":true}]}}