{"id":7834,"date":"2026-03-15T21:41:59","date_gmt":"2026-03-15T21:41:59","guid":{"rendered":"https:\/\/ledenonciateur224.com\/?p=7834"},"modified":"2026-03-15T21:41:59","modified_gmt":"2026-03-15T21:41:59","slug":"dialogue-et-apaisement-autour-des-frontieres-de-lunion-du-fleuve-mano","status":"publish","type":"post","link":"https:\/\/ledenonciateur224.com\/index.php\/dialogue-et-apaisement-autour-des-frontieres-de-lunion-du-fleuve-mano\/","title":{"rendered":"Dialogue et apaisement autour des fronti\u00e8res de l\u2019Union du Fleuve Mano"},"content":{"rendered":"<p>Alors que la tension entre la Guin\u00e9e et ses voisins, le Lib\u00e9ria et la Sierra Leone, suscite des inqui\u00e9tudes au sujet de leurs fronti\u00e8res communes, les autorit\u00e9s diplomatiques de la r\u00e9gion s\u2019activent pour privil\u00e9gier la concertation et \u00e9viter toute escalade. Les ministres des Affaires \u00e9trang\u00e8res concern\u00e9s ont ainsi engag\u00e9 des d\u00e9marches afin de d\u00e9samorcer la situation par la voie du dialogue.<br \/>\nCe dimanche 15 mars 2026, les chefs de la diplomatie de la Sierra Leone, du Lib\u00e9ria et de la C\u00f4te d\u2019Ivoire sont attendus \u00e0 Conakry pour participer \u00e0 des pourparlers consacr\u00e9s \u00e0 cette crise frontali\u00e8re. Cette rencontre diplomatique vise \u00e0 favoriser un climat d\u2019\u00e9coute et de coop\u00e9ration entre les \u00c9tats voisins, dans un contexte o\u00f9 la stabilit\u00e9 de la sous-r\u00e9gion reste une priorit\u00e9 pour tous.<br \/>\nSelon nos informations, les d\u00e9l\u00e9gations \u00e9trang\u00e8res ont commenc\u00e9 \u00e0 rallier, dans l\u2019apr\u00e8s-midi, le Minist\u00e8re des Affaires \u00e9trang\u00e8res, de l\u2019Int\u00e9gration africaine et des Guin\u00e9ens \u00e9tablis \u00e0 l\u2019\u00e9tranger, o\u00f9 se tiendront les \u00e9changes. L\u2019objectif de ces discussions est d\u2019examiner les diff\u00e9rends frontaliers dans un cadre diplomatique et de rechercher des solutions consensuelles.<br \/>\n\u00ab Il s\u2019agit d\u2019une r\u00e9union bilat\u00e9rale pour la r\u00e9solution des diff\u00e9rends frontaliers entre les trois pays par voie diplomatique. Les ministres des Affaires \u00e9trang\u00e8res du Lib\u00e9ria et de la Sierra Leone, ainsi que leurs d\u00e9l\u00e9gations, commencent d\u00e9j\u00e0 \u00e0 rejoindre le d\u00e9partement \u00bb, a confi\u00e9 une source proche du minist\u00e8re guin\u00e9en des Affaires \u00e9trang\u00e8res.<\/p>\n<p>Au-del\u00e0 de ces discussions imm\u00e9diates, cette rencontre constitue \u00e9galement une \u00e9tape pr\u00e9paratoire au sommet des chefs d\u2019\u00c9tat de l\u2019Union du Fleuve Mano, pr\u00e9vu ce lundi 16 mars 2026. Ce sommet, convoqu\u00e9 par le pr\u00e9sident Mamadi Doumbouya, qui assure actuellement la pr\u00e9sidence de l\u2019organisation sous-r\u00e9gionale, devrait permettre aux dirigeants de r\u00e9affirmer leur engagement commun en faveur de la paix, de la coop\u00e9ration et de la gestion concert\u00e9e des fronti\u00e8res.<\/p>\n<p>Dans une r\u00e9gion o\u00f9 les liens historiques, \u00e9conomiques et humains sont \u00e9troits, ces initiatives diplomatiques apparaissent comme une voie essentielle pour pr\u00e9server la stabilit\u00e9 et renforcer l\u2019esprit de solidarit\u00e9 entre les pays membres de l\u2019Union du Fleuve Mano.<\/p>\n<p>&nbsp;<\/p>\n<p>Aboubacar Moussa Camara<\/p>\n","protected":false},"excerpt":{"rendered":"<p>Alors que la tension entre la Guin\u00e9e et ses voisins, le Lib\u00e9ria et la Sierra Leone, suscite des inqui\u00e9tudes au sujet de leurs fronti\u00e8res communes, les autorit\u00e9s diplomatiques de la r\u00e9gion s\u2019activent pour privil\u00e9gier la concertation et \u00e9viter toute escalade. Les ministres des Affaires \u00e9trang\u00e8res concern\u00e9s ont ainsi engag\u00e9 des d\u00e9marches afin de d\u00e9samorcer la [&hellip;]<\/p>\n","protected":false},"author":2,"featured_media":7836,"comment_status":"closed","ping_status":"closed","sticky":false,"template":"","format":"standard","meta":{"_jetpack_memberships_contains_paid_content":false,"footnotes":"","jetpack_publicize_message":"","jetpack_publicize_feature_enabled":true,"jetpack_social_post_already_shared":true,"jetpack_social_options":{"image_generator_settings":{"template":"highway","default_image_id":0,"font":"","enabled":false},"version":2}},"categories":[30,38,24],"tags":[1569,1572],"class_list":{"0":"post-7834","1":"post","2":"type-post","3":"status-publish","4":"format-standard","5":"has-post-thumbnail","7":"category-faits-divers","8":"category-international","9":"category-news","10":"tag-crises-frontaliere","11":"tag-union-fleuve-mano"},"jetpack_publicize_connections":[],"jetpack_featured_media_url":"https:\/\/ledenonciateur224.com\/wp-content\/uploads\/2026\/03\/20260315-213950-scaled.jpg","jetpack_sharing_enabled":true,"_links":{"self":[{"href":"https:\/\/ledenonciateur224.com\/index.php\/wp-json\/wp\/v2\/posts\/7834","targetHints":{"allow":["GET"]}}],"collection":[{"href":"https:\/\/ledenonciateur224.com\/index.php\/wp-json\/wp\/v2\/posts"}],"about":[{"href":"https:\/\/ledenonciateur224.com\/index.php\/wp-json\/wp\/v2\/types\/post"}],"author":[{"embeddable":true,"href":"https:\/\/ledenonciateur224.com\/index.php\/wp-json\/wp\/v2\/users\/2"}],"replies":[{"embeddable":true,"href":"https:\/\/ledenonciateur224.com\/index.php\/wp-json\/wp\/v2\/comments?post=7834"}],"version-history":[{"count":1,"href":"https:\/\/ledenonciateur224.com\/index.php\/wp-json\/wp\/v2\/posts\/7834\/revisions"}],"predecessor-version":[{"id":7837,"href":"https:\/\/ledenonciateur224.com\/index.php\/wp-json\/wp\/v2\/posts\/7834\/revisions\/7837"}],"wp:featuredmedia":[{"embeddable":true,"href":"https:\/\/ledenonciateur224.com\/index.php\/wp-json\/wp\/v2\/media\/7836"}],"wp:attachment":[{"href":"https:\/\/ledenonciateur224.com\/index.php\/wp-json\/wp\/v2\/media?parent=7834"}],"wp:term":[{"taxonomy":"category","embeddable":true,"href":"https:\/\/ledenonciateur224.com\/index.php\/wp-json\/wp\/v2\/categories?post=7834"},{"taxonomy":"post_tag","embeddable":true,"href":"https:\/\/ledenonciateur224.com\/index.php\/wp-json\/wp\/v2\/tags?post=7834"}],"curies":[{"name":"wp","href":"https:\/\/api.w.org\/{rel}","templated":true}]}}