{"id":7838,"date":"2026-03-15T22:40:46","date_gmt":"2026-03-15T22:40:46","guid":{"rendered":"https:\/\/ledenonciateur224.com\/?p=7838"},"modified":"2026-03-15T22:40:46","modified_gmt":"2026-03-15T22:40:46","slug":"defense-du-territoire-le-president-mamadi-doumbouya-mobilise-un-nouveau-contingent-de-soldats-guineens","status":"publish","type":"post","link":"https:\/\/ledenonciateur224.com\/index.php\/defense-du-territoire-le-president-mamadi-doumbouya-mobilise-un-nouveau-contingent-de-soldats-guineens\/","title":{"rendered":"D\u00e9fense du territoire : le Pr\u00e9sident Mamadi Doumbouya mobilise un nouveau contingent de soldats guin\u00e9ens"},"content":{"rendered":"<p>Le Pr\u00e9sident de la R\u00e9publique, Mamadi Doumbouya, a proc\u00e9d\u00e9 \u00e0 la mise en route du dernier contingent de soldats guin\u00e9ens charg\u00e9s de renforcer la d\u00e9fense et la protection du territoire national. Cette mobilisation s\u2019inscrit dans la volont\u00e9 des autorit\u00e9s de consolider la s\u00e9curit\u00e9 du pays et de garantir l\u2019int\u00e9grit\u00e9 territoriale de la Guin\u00e9e face aux d\u00e9fis s\u00e9curitaires actuels.<\/p>\n<p><img loading=\"lazy\" decoding=\"async\" class=\"alignnone size-full wp-image-7840\" src=\"https:\/\/ledenonciateur224.com\/wp-content\/uploads\/2026\/03\/fb-img-1773614128525.jpg\" alt=\"\" width=\"1282\" height=\"718\" srcset=\"https:\/\/ledenonciateur224.com\/wp-content\/uploads\/2026\/03\/fb-img-1773614128525.jpg 1282w, https:\/\/ledenonciateur224.com\/wp-content\/uploads\/2026\/03\/fb-img-1773614128525-300x168.jpg 300w, https:\/\/ledenonciateur224.com\/wp-content\/uploads\/2026\/03\/fb-img-1773614128525-1024x574.jpg 1024w, https:\/\/ledenonciateur224.com\/wp-content\/uploads\/2026\/03\/fb-img-1773614128525-768x430.jpg 768w, https:\/\/ledenonciateur224.com\/wp-content\/uploads\/2026\/03\/fb-img-1773614128525-150x84.jpg 150w, https:\/\/ledenonciateur224.com\/wp-content\/uploads\/2026\/03\/fb-img-1773614128525-696x390.jpg 696w, https:\/\/ledenonciateur224.com\/wp-content\/uploads\/2026\/03\/fb-img-1773614128525-1068x598.jpg 1068w, https:\/\/ledenonciateur224.com\/wp-content\/uploads\/2026\/03\/fb-img-1773614128525-750x420.jpg 750w\" sizes=\"auto, (max-width: 1282px) 100vw, 1282px\" \/><br \/>\nLa c\u00e9r\u00e9monie, marqu\u00e9e par un fort symbolisme patriotique, a \u00e9t\u00e9 l\u2019occasion pour le Chef de l\u2019\u00c9tat de rappeler le r\u00f4le essentiel des forces arm\u00e9es dans la pr\u00e9servation de la souverainet\u00e9 nationale. Devant les militaires rassembl\u00e9s, le Pr\u00e9sident a salu\u00e9 leur engagement et leur sens du devoir, tout en leur confiant une mission qu\u2019il a qualifi\u00e9e de capitale pour l\u2019avenir de la nation.<br \/>\nS\u2019adressant directement aux soldats, il a tenu \u00e0 r\u00e9affirmer la confiance du peuple guin\u00e9en envers son arm\u00e9e et l\u2019importance de l\u2019unit\u00e9 nationale dans les moments d\u00e9cisifs de l\u2019histoire du pays. \u00c0 cette occasion, le Pr\u00e9sident de la Transition a d\u00e9clar\u00e9 :<br \/>\n\u00ab Vous, soldats de Guin\u00e9e, vous \u00eates le symbole de notre unit\u00e9, de notre force et de notre r\u00e9silience. En ce temps o\u00f9 notre patrie fait face \u00e0 des d\u00e9fis, votre engagement et votre d\u00e9vouement sont plus pr\u00e9cieux que jamais. Je vous confie ce drapeau, qui est \u00e0 la fois un symbole et la responsabilit\u00e9 de d\u00e9fendre notre territoire, nos valeurs et notre avenir. Moi, Mamadi Doumbouya, j\u2019assure le peuple de Guin\u00e9e qu\u2019aucune portion de la terre laiss\u00e9e par nos anc\u00eatres ne sera conquise \u00bb, d&rsquo;apr\u00e8s Africaguinee.com<\/p>\n<p>Par ces mots, le Chef de l\u2019\u00c9tat a voulu souligner la d\u00e9termination des autorit\u00e9s de la transition \u00e0 prot\u00e9ger chaque parcelle du territoire national et \u00e0 honorer l\u2019h\u00e9ritage l\u00e9gu\u00e9 par les anc\u00eatres. Il a \u00e9galement rappel\u00e9 que l\u2019arm\u00e9e guin\u00e9enne demeure un pilier fondamental de la stabilit\u00e9 et de la coh\u00e9sion nationale.<br \/>\nLe d\u00e9ploiement de ce nouveau contingent traduit ainsi la volont\u00e9 des autorit\u00e9s de renforcer les capacit\u00e9s op\u00e9rationnelles des forces arm\u00e9es et d\u2019assurer une pr\u00e9sence accrue sur le terrain. Pour de nombreux observateurs, ce geste s\u2019inscrit dans une dynamique de consolidation de la s\u00e9curit\u00e9 nationale et de r\u00e9affirmation de la souverainet\u00e9 de la Guin\u00e9e.<\/p>\n<p>&nbsp;<\/p>\n<p>Ledenonciateur224.com<\/p>\n","protected":false},"excerpt":{"rendered":"<p>Le Pr\u00e9sident de la R\u00e9publique, Mamadi Doumbouya, a proc\u00e9d\u00e9 \u00e0 la mise en route du dernier contingent de soldats guin\u00e9ens charg\u00e9s de renforcer la d\u00e9fense et la protection du territoire national. Cette mobilisation s\u2019inscrit dans la volont\u00e9 des autorit\u00e9s de consolider la s\u00e9curit\u00e9 du pays et de garantir l\u2019int\u00e9grit\u00e9 territoriale de la Guin\u00e9e face aux [&hellip;]<\/p>\n","protected":false},"author":2,"featured_media":7839,"comment_status":"closed","ping_status":"closed","sticky":false,"template":"","format":"standard","meta":{"_jetpack_memberships_contains_paid_content":false,"footnotes":"","jetpack_publicize_message":"","jetpack_publicize_feature_enabled":true,"jetpack_social_post_already_shared":true,"jetpack_social_options":{"image_generator_settings":{"template":"highway","default_image_id":0,"font":"","enabled":false},"version":2}},"categories":[38,24],"tags":[1573,1574],"class_list":{"0":"post-7838","1":"post","2":"type-post","3":"status-publish","4":"format-standard","5":"has-post-thumbnail","7":"category-international","8":"category-news","9":"tag-contingent-guineen","10":"tag-crise-frontaliere"},"jetpack_publicize_connections":[],"jetpack_featured_media_url":"https:\/\/ledenonciateur224.com\/wp-content\/uploads\/2026\/03\/fb-img-1773613939703.jpg","jetpack_sharing_enabled":true,"_links":{"self":[{"href":"https:\/\/ledenonciateur224.com\/index.php\/wp-json\/wp\/v2\/posts\/7838","targetHints":{"allow":["GET"]}}],"collection":[{"href":"https:\/\/ledenonciateur224.com\/index.php\/wp-json\/wp\/v2\/posts"}],"about":[{"href":"https:\/\/ledenonciateur224.com\/index.php\/wp-json\/wp\/v2\/types\/post"}],"author":[{"embeddable":true,"href":"https:\/\/ledenonciateur224.com\/index.php\/wp-json\/wp\/v2\/users\/2"}],"replies":[{"embeddable":true,"href":"https:\/\/ledenonciateur224.com\/index.php\/wp-json\/wp\/v2\/comments?post=7838"}],"version-history":[{"count":1,"href":"https:\/\/ledenonciateur224.com\/index.php\/wp-json\/wp\/v2\/posts\/7838\/revisions"}],"predecessor-version":[{"id":7841,"href":"https:\/\/ledenonciateur224.com\/index.php\/wp-json\/wp\/v2\/posts\/7838\/revisions\/7841"}],"wp:featuredmedia":[{"embeddable":true,"href":"https:\/\/ledenonciateur224.com\/index.php\/wp-json\/wp\/v2\/media\/7839"}],"wp:attachment":[{"href":"https:\/\/ledenonciateur224.com\/index.php\/wp-json\/wp\/v2\/media?parent=7838"}],"wp:term":[{"taxonomy":"category","embeddable":true,"href":"https:\/\/ledenonciateur224.com\/index.php\/wp-json\/wp\/v2\/categories?post=7838"},{"taxonomy":"post_tag","embeddable":true,"href":"https:\/\/ledenonciateur224.com\/index.php\/wp-json\/wp\/v2\/tags?post=7838"}],"curies":[{"name":"wp","href":"https:\/\/api.w.org\/{rel}","templated":true}]}}