{"id":7846,"date":"2026-03-16T16:33:51","date_gmt":"2026-03-16T16:33:51","guid":{"rendered":"https:\/\/ledenonciateur224.com\/?p=7846"},"modified":"2026-03-16T16:33:51","modified_gmt":"2026-03-16T16:33:51","slug":"guinee-kassory-fofana-toujours-hospitalise-la-polemique-enfle-autour-dune-prise-en-charge-medicale-jugee-insuffisante","status":"publish","type":"post","link":"https:\/\/ledenonciateur224.com\/index.php\/guinee-kassory-fofana-toujours-hospitalise-la-polemique-enfle-autour-dune-prise-en-charge-medicale-jugee-insuffisante\/","title":{"rendered":"Guin\u00e9e : Kassory Fofana toujours hospitalis\u00e9, la pol\u00e9mique enfle autour d\u2019une prise en charge m\u00e9dicale jug\u00e9e insuffisante"},"content":{"rendered":"<p>&nbsp;<\/p>\n<p><span style=\"color: #212529;font-family: georgia, lucida grande, lucida sans unicode, arial, verdana, sans-serif\">Dix jours apr\u00e8s sa lib\u00e9ration provisoire, l\u2019ancien Premier ministre guin\u00e9en, Ibrahima Kassory Fofana, demeure alit\u00e9 \u00e0 la Clinique Pasteur. Selon ses avocats, son \u00e9tat de sant\u00e9 reste \u201cpr\u00e9occupant\u201d, tandis que la question de sa prise en charge m\u00e9dicale continue de susciter de vives interrogations.<\/span><\/p>\n<p><span style=\"color: #212529;font-family: georgia, lucida grande, lucida sans unicode, arial, verdana, sans-serif\">D\u2019apr\u00e8s son conseil, Me Dinah Sampil, la situation sanitaire de l\u2019ancien chef du gouvernement n\u2019aurait pas connu d\u2019am\u00e9lioration notable depuis sa sortie de d\u00e9tention. L\u2019avocat affirme que, depuis son incarc\u00e9ration et son transfert \u00e0 la Clinique Pasteur, son client n\u2019aurait b\u00e9n\u00e9fici\u00e9 d\u2019aucun v\u00e9ritable traitement curatif pour la pathologie dont il souffre.<\/span><\/p>\n<p><span style=\"color: #212529;font-family: georgia, lucida grande, lucida sans unicode, arial, verdana, sans-serif\">Selon lui, les m\u00e9decins auraient tr\u00e8s t\u00f4t estim\u00e9 que la maladie dont souffre l\u2019ancien Premier ministre ne pouvait pas \u00eatre correctement prise en charge en Guin\u00e9e, en raison du manque d\u2019\u00e9quipements sp\u00e9cialis\u00e9s et de personnel hautement qualifi\u00e9. La pathologie n\u00e9cessiterait en effet une intervention chirurgicale complexe, impliquant des technologies m\u00e9dicales avanc\u00e9es et une expertise sp\u00e9cifique.<\/span><\/p>\n<p><span style=\"color: #212529;font-family: georgia, lucida grande, lucida sans unicode, arial, verdana, sans-serif\">\u00ab Depuis son incarc\u00e9ration, et plus pr\u00e9cis\u00e9ment depuis son transfert \u00e0 la Clinique Pasteur, Kassory n\u2019a b\u00e9n\u00e9fici\u00e9 d\u2019aucun soin curatif. Aucun m\u00e9dicament traitant r\u00e9ellement sa pathologie ne lui a \u00e9t\u00e9 administr\u00e9. Tr\u00e8s t\u00f4t, les m\u00e9decins ont conclu que son mal ne pouvait pas \u00eatre pris en charge en Guin\u00e9e, faute d\u2019installations ad\u00e9quates et de sp\u00e9cialistes. Sa pathologie n\u00e9cessite une intervention chirurgicale qui exige des \u00e9quipements de pointe et un personnel hautement qualifi\u00e9. Si sa lib\u00e9ration provisoire a pu l\u2019all\u00e9ger moralement, sur le plan m\u00e9dical, le mal reste entier \u00bb, explique Me Dinah Sampil.<\/span><\/p>\n<p><span style=\"color: #212529;font-family: georgia, lucida grande, lucida sans unicode, arial, verdana, sans-serif\">Toujours selon la d\u00e9fense, l\u2019\u00e9tat de sant\u00e9 de l\u2019ancien Premier ministre demeure suffisamment fragile pour justifier une surveillance m\u00e9dicale constante. Les m\u00e9decins auraient d\u2019ailleurs refus\u00e9 de prendre la responsabilit\u00e9 de le laisser quitter la clinique.<\/span><\/p>\n<p><span style=\"color: #212529;font-family: georgia, lucida grande, lucida sans unicode, arial, verdana, sans-serif\">\u00ab Il est toujours \u00e0 la clinique. Les m\u00e9decins n\u2019ont pas voulu prendre la responsabilit\u00e9 de le laisser sortir, car le risque d\u2019un incident critique est permanent. Imaginez qu\u2019il rentre chez lui et qu\u2019il doive faire face \u00e0 l\u2019affluence de parents et d\u2019amis ; cela ne ferait qu\u2019aggraver son \u00e9tat. Il a donc pr\u00e9f\u00e9r\u00e9 rester dans son lit d\u2019h\u00f4pital \u00bb, ajoute l\u2019avocat.<\/span><\/p>\n<p><span style=\"color: #212529;font-family: georgia, lucida grande, lucida sans unicode, arial, verdana, sans-serif\">Face \u00e0 cette situation, la d\u00e9fense plaide pour une \u00e9vacuation sanitaire urgente \u00e0 l\u2019\u00e9tranger. Toutefois, la proc\u00e9dure judiciaire en cours complique la d\u00e9marche. La lib\u00e9ration de l\u2019ancien Premier ministre n\u2019\u00e9tant que provisoire, le fond du dossier n\u2019a pas encore \u00e9t\u00e9 jug\u00e9, ce qui limite juridiquement sa possibilit\u00e9 de quitter le territoire guin\u00e9en.<\/span><\/p>\n<p><span style=\"color: #212529;font-family: georgia, lucida grande, lucida sans unicode, arial, verdana, sans-serif\">Pourtant, selon ses avocats, une solution m\u00e9dicale serait d\u00e9j\u00e0 pr\u00eate. Le m\u00e9decin traitant habituel de Kassory Fofana, bas\u00e9 \u00e0 l\u2019H\u00f4pital Am\u00e9ricain de Paris, se serait d\u00e9clar\u00e9 dispos\u00e9 \u00e0 l\u2019accueillir \u00e0 partir du 20 de ce mois afin de prendre en charge son intervention.<\/span><\/p>\n<p><span style=\"color: #212529;font-family: georgia, lucida grande, lucida sans unicode, arial, verdana, sans-serif\">\u00ab Nous avons transmis cette information aux autorit\u00e9s comp\u00e9tentes : la juridiction de fond, le parquet sp\u00e9cial et les instances d\u00e9cisionnaires. Il faut d\u00e9sormais que le juge, lors de l\u2019examen du fond, constate que les infractions sont infond\u00e9es afin de permettre sa sortie du territoire pour des raisons humanitaires et m\u00e9dicales \u00bb, pr\u00e9cise Me Dinah Sampil.<\/span><\/p>\n<p><span style=\"color: #212529;font-family: georgia, lucida grande, lucida sans unicode, arial, verdana, sans-serif\">Dans ce contexte, le cas de l\u2019ancien Premier ministre continue d\u2019alimenter le d\u00e9bat public en Guin\u00e9e, entre exigences judiciaires et imp\u00e9ratif humanitaire, alors que ses proches et ses avocats alertent sur l\u2019urgence d\u2019une prise en charge m\u00e9dicale adapt\u00e9e.<\/span><\/p>\n<p>&nbsp;<\/p>\n<p>Aboubacar Moussa Camara<\/p>\n","protected":false},"excerpt":{"rendered":"<p>&nbsp; Dix jours apr\u00e8s sa lib\u00e9ration provisoire, l\u2019ancien Premier ministre guin\u00e9en, Ibrahima Kassory Fofana, demeure alit\u00e9 \u00e0 la Clinique Pasteur. Selon ses avocats, son \u00e9tat de sant\u00e9 reste \u201cpr\u00e9occupant\u201d, tandis que la question de sa prise en charge m\u00e9dicale continue de susciter de vives interrogations. D\u2019apr\u00e8s son conseil, Me Dinah Sampil, la situation sanitaire de [&hellip;]<\/p>\n","protected":false},"author":2,"featured_media":1770,"comment_status":"closed","ping_status":"closed","sticky":false,"template":"","format":"standard","meta":{"_jetpack_memberships_contains_paid_content":false,"footnotes":"","jetpack_publicize_message":"","jetpack_publicize_feature_enabled":true,"jetpack_social_post_already_shared":true,"jetpack_social_options":{"image_generator_settings":{"template":"highway","default_image_id":0,"font":"","enabled":false},"version":2}},"categories":[30,24],"tags":[1528,1576],"class_list":{"0":"post-7846","1":"post","2":"type-post","3":"status-publish","4":"format-standard","5":"has-post-thumbnail","7":"category-faits-divers","8":"category-news","9":"tag-dr-kassory-fofana","10":"tag-evacuation"},"jetpack_publicize_connections":[],"jetpack_featured_media_url":"https:\/\/ledenonciateur224.com\/wp-content\/uploads\/2025\/03\/kassory.jpg","jetpack_sharing_enabled":true,"_links":{"self":[{"href":"https:\/\/ledenonciateur224.com\/index.php\/wp-json\/wp\/v2\/posts\/7846","targetHints":{"allow":["GET"]}}],"collection":[{"href":"https:\/\/ledenonciateur224.com\/index.php\/wp-json\/wp\/v2\/posts"}],"about":[{"href":"https:\/\/ledenonciateur224.com\/index.php\/wp-json\/wp\/v2\/types\/post"}],"author":[{"embeddable":true,"href":"https:\/\/ledenonciateur224.com\/index.php\/wp-json\/wp\/v2\/users\/2"}],"replies":[{"embeddable":true,"href":"https:\/\/ledenonciateur224.com\/index.php\/wp-json\/wp\/v2\/comments?post=7846"}],"version-history":[{"count":1,"href":"https:\/\/ledenonciateur224.com\/index.php\/wp-json\/wp\/v2\/posts\/7846\/revisions"}],"predecessor-version":[{"id":7847,"href":"https:\/\/ledenonciateur224.com\/index.php\/wp-json\/wp\/v2\/posts\/7846\/revisions\/7847"}],"wp:featuredmedia":[{"embeddable":true,"href":"https:\/\/ledenonciateur224.com\/index.php\/wp-json\/wp\/v2\/media\/1770"}],"wp:attachment":[{"href":"https:\/\/ledenonciateur224.com\/index.php\/wp-json\/wp\/v2\/media?parent=7846"}],"wp:term":[{"taxonomy":"category","embeddable":true,"href":"https:\/\/ledenonciateur224.com\/index.php\/wp-json\/wp\/v2\/categories?post=7846"},{"taxonomy":"post_tag","embeddable":true,"href":"https:\/\/ledenonciateur224.com\/index.php\/wp-json\/wp\/v2\/tags?post=7846"}],"curies":[{"name":"wp","href":"https:\/\/api.w.org\/{rel}","templated":true}]}}