{"id":7848,"date":"2026-03-16T18:43:27","date_gmt":"2026-03-16T18:43:27","guid":{"rendered":"https:\/\/ledenonciateur224.com\/?p=7848"},"modified":"2026-03-16T18:43:27","modified_gmt":"2026-03-16T18:43:27","slug":"conakry-accueille-un-sommet-decisif-de-lunion-du-fleuve-mano-pour-apaiser-les-tensions-frontalieres","status":"publish","type":"post","link":"https:\/\/ledenonciateur224.com\/index.php\/conakry-accueille-un-sommet-decisif-de-lunion-du-fleuve-mano-pour-apaiser-les-tensions-frontalieres\/","title":{"rendered":"Conakry accueille un sommet d\u00e9cisif de l\u2019Union du Fleuve Mano pour apaiser les tensions frontali\u00e8res"},"content":{"rendered":"<p>Conakry s\u2019appr\u00eate \u00e0 devenir, le temps d\u2019un sommet r\u00e9gional, le centre des efforts diplomatiques visant \u00e0 d\u00e9samorcer les tensions frontali\u00e8res latentes entre la Guin\u00e9e, le Lib\u00e9ria et la Sierra Leone. \u00c0 l\u2019invitation des autorit\u00e9s guin\u00e9ennes, plusieurs chefs d\u2019\u00c9tat de la sous-r\u00e9gion sont arriv\u00e9s dans la capitale pour une rencontre de haut niveau consacr\u00e9e \u00e0 la stabilit\u00e9 et \u00e0 la coop\u00e9ration entre les pays membres de l\u2019Union du Fleuve Mano.<br \/>\nLe pr\u00e9sident sierra-l\u00e9onais, Julius Maada Bio, et son homologue lib\u00e9rien, Joseph Boakai, sont d\u00e9j\u00e0 \u00e0 Conakry. Les discussions devraient porter principalement sur les diff\u00e9rends frontaliers persistants entre les trois pays, mais aussi sur la n\u00e9cessit\u00e9 de renforcer les m\u00e9canismes de coop\u00e9ration s\u00e9curitaire et \u00e9conomique dans l\u2019espace du Fleuve Mano.<br \/>\nCes tensions, parfois aliment\u00e9es par des questions de d\u00e9limitation territoriale, de circulation des populations ou encore d\u2019exploitation de ressources dans les zones frontali\u00e8res, pr\u00e9occupent les autorit\u00e9s r\u00e9gionales. Les dirigeants entendent donc privil\u00e9gier le dialogue politique afin d\u2019\u00e9viter toute escalade et pr\u00e9server la stabilit\u00e9 dans cette zone strat\u00e9gique d\u2019Afrique de l\u2019Ouest.<br \/>\nCr\u00e9\u00e9e pour renforcer l\u2019int\u00e9gration et la coop\u00e9ration entre les pays riverains, Mano River Union \u2014 qui regroupe la Guinea, le Liberia, la Sierra Leone et la C\u00f4te d\u2019Ivoire \u2014 joue depuis plusieurs ann\u00e9es un r\u00f4le cl\u00e9 dans la promotion de la paix, de la s\u00e9curit\u00e9 et du d\u00e9veloppement \u00e9conomique dans la sous-r\u00e9gion.<br \/>\n\u00c0 travers ce sommet de Conakry, les chefs d\u2019\u00c9tat esp\u00e8rent non seulement apaiser les crispations frontali\u00e8res, mais aussi relancer la dynamique de coop\u00e9ration au sein de l\u2019organisation. La rencontre devrait d\u00e9boucher sur des engagements concrets visant \u00e0 renforcer la confiance entre les pays membres et \u00e0 consolider la stabilit\u00e9 dans l\u2019espace du Fleuve Mano.<\/p>\n<p>&nbsp;<\/p>\n<p>Ledenonciateur224.com<\/p>\n","protected":false},"excerpt":{"rendered":"<p>Conakry s\u2019appr\u00eate \u00e0 devenir, le temps d\u2019un sommet r\u00e9gional, le centre des efforts diplomatiques visant \u00e0 d\u00e9samorcer les tensions frontali\u00e8res latentes entre la Guin\u00e9e, le Lib\u00e9ria et la Sierra Leone. \u00c0 l\u2019invitation des autorit\u00e9s guin\u00e9ennes, plusieurs chefs d\u2019\u00c9tat de la sous-r\u00e9gion sont arriv\u00e9s dans la capitale pour une rencontre de haut niveau consacr\u00e9e \u00e0 la [&hellip;]<\/p>\n","protected":false},"author":2,"featured_media":7849,"comment_status":"closed","ping_status":"closed","sticky":false,"template":"","format":"standard","meta":{"_jetpack_memberships_contains_paid_content":false,"footnotes":"","jetpack_publicize_message":"","jetpack_publicize_feature_enabled":true,"jetpack_social_post_already_shared":true,"jetpack_social_options":{"image_generator_settings":{"template":"highway","default_image_id":0,"font":"","enabled":false},"version":2}},"categories":[38,24],"tags":[1572],"class_list":{"0":"post-7848","1":"post","2":"type-post","3":"status-publish","4":"format-standard","5":"has-post-thumbnail","7":"category-international","8":"category-news","9":"tag-union-fleuve-mano"},"jetpack_publicize_connections":[],"jetpack_featured_media_url":"https:\/\/ledenonciateur224.com\/wp-content\/uploads\/2026\/03\/fb-img-1773685774558.jpg","jetpack_sharing_enabled":true,"_links":{"self":[{"href":"https:\/\/ledenonciateur224.com\/index.php\/wp-json\/wp\/v2\/posts\/7848","targetHints":{"allow":["GET"]}}],"collection":[{"href":"https:\/\/ledenonciateur224.com\/index.php\/wp-json\/wp\/v2\/posts"}],"about":[{"href":"https:\/\/ledenonciateur224.com\/index.php\/wp-json\/wp\/v2\/types\/post"}],"author":[{"embeddable":true,"href":"https:\/\/ledenonciateur224.com\/index.php\/wp-json\/wp\/v2\/users\/2"}],"replies":[{"embeddable":true,"href":"https:\/\/ledenonciateur224.com\/index.php\/wp-json\/wp\/v2\/comments?post=7848"}],"version-history":[{"count":1,"href":"https:\/\/ledenonciateur224.com\/index.php\/wp-json\/wp\/v2\/posts\/7848\/revisions"}],"predecessor-version":[{"id":7850,"href":"https:\/\/ledenonciateur224.com\/index.php\/wp-json\/wp\/v2\/posts\/7848\/revisions\/7850"}],"wp:featuredmedia":[{"embeddable":true,"href":"https:\/\/ledenonciateur224.com\/index.php\/wp-json\/wp\/v2\/media\/7849"}],"wp:attachment":[{"href":"https:\/\/ledenonciateur224.com\/index.php\/wp-json\/wp\/v2\/media?parent=7848"}],"wp:term":[{"taxonomy":"category","embeddable":true,"href":"https:\/\/ledenonciateur224.com\/index.php\/wp-json\/wp\/v2\/categories?post=7848"},{"taxonomy":"post_tag","embeddable":true,"href":"https:\/\/ledenonciateur224.com\/index.php\/wp-json\/wp\/v2\/tags?post=7848"}],"curies":[{"name":"wp","href":"https:\/\/api.w.org\/{rel}","templated":true}]}}