{"id":7854,"date":"2026-03-16T21:54:22","date_gmt":"2026-03-16T21:54:22","guid":{"rendered":"https:\/\/ledenonciateur224.com\/?p=7854"},"modified":"2026-03-16T21:54:22","modified_gmt":"2026-03-16T21:54:22","slug":"economie-le-president-mamadi-doumbouya-nomme-plusieurs-hauts-cadres-strategiques","status":"publish","type":"post","link":"https:\/\/ledenonciateur224.com\/index.php\/economie-le-president-mamadi-doumbouya-nomme-plusieurs-hauts-cadres-strategiques\/","title":{"rendered":"Economie : le pr\u00e9sident Mamadi Doumbouya nomme plusieurs hauts cadres strat\u00e9giques"},"content":{"rendered":"<p>Le pr\u00e9sident de la R\u00e9publique, Mamadi Doumbouya, a proc\u00e9d\u00e9 ce lundi 16 mars 2026 \u00e0 la nomination de plusieurs hauts cadres au sein du minist\u00e8re de l\u2019\u00c9conomie, des Finances et du Budget. Le d\u00e9cret pr\u00e9sidentiel, lu \u00e0 la t\u00e9l\u00e9vision nationale, s\u2019inscrit dans une dynamique de r\u00e9organisation et de renforcement de l\u2019administration financi\u00e8re de l\u2019\u00c9tat.<br \/>\n\u00c0 travers cette s\u00e9rie de nominations, les autorit\u00e9s entendent consolider la gouvernance \u00e9conomique, am\u00e9liorer la gestion budg\u00e9taire et renforcer le pilotage des politiques publiques. Cette restructuration vise \u00e9galement \u00e0 optimiser la mobilisation des ressources, la gestion des investissements et le suivi des programmes \u00e9conomiques du pays.<br \/>\nSelon le d\u00e9cret, plusieurs responsables sont d\u00e9sormais appel\u00e9s \u00e0 occuper des postes strat\u00e9giques au sein des diff\u00e9rentes directions du d\u00e9partement charg\u00e9 de la gestion \u00e9conomique et budg\u00e9taire nationale. Ces nominations concernent des profils issus de divers horizons professionnels, notamment des \u00e9conomistes, juristes, administrateurs et sp\u00e9cialistes en gestion financi\u00e8re, appel\u00e9s \u00e0 contribuer \u00e0 la modernisation de l\u2019administration publique.<br \/>\nDans le d\u00e9tail, les personnalit\u00e9s suivantes ont \u00e9t\u00e9 nomm\u00e9es :<br \/>\nDirecteur G\u00e9n\u00e9ral du Bureau de Strat\u00e9gie et de D\u00e9veloppement : Docteur Mamadou Saliou Diallo, \u00e9conomiste.<\/p>\n<p>Directeur G\u00e9n\u00e9ral Adjoint du Bureau de Strat\u00e9gie et de D\u00e9veloppement : Monsieur Ibrahima Lincoln Camara, sp\u00e9cialiste en gestion financi\u00e8re.<\/p>\n<p>Directeur National des Financements : Monsieur Aboubacar Diakit\u00e9, auditeur.<\/p>\n<p>Directeur G\u00e9n\u00e9ral du Budget : Monsieur Mamadi Mariam Traor\u00e9, \u00e9conomiste.<\/p>\n<p>Directrice G\u00e9n\u00e9rale Adjointe du Budget : Madame Soua Dor\u00e9, sp\u00e9cialiste en gestion financi\u00e8re.<\/p>\n<p>Directeur G\u00e9n\u00e9ral du Contr\u00f4le des March\u00e9s Publics : Monsieur Mamy Traor\u00e9, expert en gestion de programmes et en politiques publiques.<\/p>\n<p>Directrice G\u00e9n\u00e9rale du Patrimoine de l\u2019\u00c9tat et des Investissements Priv\u00e9s : Madame Djenabou Boiro Diallo, juriste.<\/p>\n<p>Directeur G\u00e9n\u00e9ral du Fonds Sp\u00e9cial d\u2019Investissement : Monsieur Ibrahima Kalil Gueye, administrateur.<\/p>\n<p>Directrice G\u00e9n\u00e9rale des Investissements Publics et du Syst\u00e8me Int\u00e9gr\u00e9 de Gestion : Madame A\u00efssatou Yariatou Camara, experte en finances publiques.<\/p>\n<p>Secr\u00e9taire Ex\u00e9cutif de la Cellule Technique de Suivi des Programmes et de la R\u00e9forme des Finances Publiques : Docteur Mamadou Barry, \u00e9conomiste.<\/p>\n<p>Ces nouvelles nominations traduisent la volont\u00e9 des autorit\u00e9s de renforcer l\u2019efficacit\u00e9 des structures charg\u00e9es de la gestion des finances publiques. Elles interviennent dans un contexte marqu\u00e9 par des r\u00e9formes visant \u00e0 am\u00e9liorer la transparence, la performance budg\u00e9taire et l\u2019efficacit\u00e9 de l\u2019action publique.<br \/>\n\u00c0 travers ce renouvellement de l\u2019encadrement administratif, le gouvernement entend acc\u00e9l\u00e9rer la mise en \u0153uvre des r\u00e9formes \u00e9conomiques, renforcer la discipline budg\u00e9taire et soutenir les programmes d\u2019investissements publics indispensables au d\u00e9veloppement du pays.<\/p>\n<p>&nbsp;<\/p>\n<p>R\u00e9daction<\/p>\n","protected":false},"excerpt":{"rendered":"<p>Le pr\u00e9sident de la R\u00e9publique, Mamadi Doumbouya, a proc\u00e9d\u00e9 ce lundi 16 mars 2026 \u00e0 la nomination de plusieurs hauts cadres au sein du minist\u00e8re de l\u2019\u00c9conomie, des Finances et du Budget. Le d\u00e9cret pr\u00e9sidentiel, lu \u00e0 la t\u00e9l\u00e9vision nationale, s\u2019inscrit dans une dynamique de r\u00e9organisation et de renforcement de l\u2019administration financi\u00e8re de l\u2019\u00c9tat. \u00c0 [&hellip;]<\/p>\n","protected":false},"author":2,"featured_media":7427,"comment_status":"closed","ping_status":"closed","sticky":false,"template":"","format":"standard","meta":{"_jetpack_memberships_contains_paid_content":false,"footnotes":"","jetpack_publicize_message":"","jetpack_publicize_feature_enabled":true,"jetpack_social_post_already_shared":true,"jetpack_social_options":{"image_generator_settings":{"template":"highway","default_image_id":0,"font":"","enabled":false},"version":2}},"categories":[29,24],"tags":[469,822],"class_list":{"0":"post-7854","1":"post","2":"type-post","3":"status-publish","4":"format-standard","5":"has-post-thumbnail","7":"category-economie","8":"category-news","9":"tag-economie","10":"tag-decret-du-chef-de-letat"},"jetpack_publicize_connections":[],"jetpack_featured_media_url":"https:\/\/ledenonciateur224.com\/wp-content\/uploads\/2026\/02\/general-mamadi-doumbouya-decret.jpg","jetpack_sharing_enabled":true,"_links":{"self":[{"href":"https:\/\/ledenonciateur224.com\/index.php\/wp-json\/wp\/v2\/posts\/7854","targetHints":{"allow":["GET"]}}],"collection":[{"href":"https:\/\/ledenonciateur224.com\/index.php\/wp-json\/wp\/v2\/posts"}],"about":[{"href":"https:\/\/ledenonciateur224.com\/index.php\/wp-json\/wp\/v2\/types\/post"}],"author":[{"embeddable":true,"href":"https:\/\/ledenonciateur224.com\/index.php\/wp-json\/wp\/v2\/users\/2"}],"replies":[{"embeddable":true,"href":"https:\/\/ledenonciateur224.com\/index.php\/wp-json\/wp\/v2\/comments?post=7854"}],"version-history":[{"count":1,"href":"https:\/\/ledenonciateur224.com\/index.php\/wp-json\/wp\/v2\/posts\/7854\/revisions"}],"predecessor-version":[{"id":7855,"href":"https:\/\/ledenonciateur224.com\/index.php\/wp-json\/wp\/v2\/posts\/7854\/revisions\/7855"}],"wp:featuredmedia":[{"embeddable":true,"href":"https:\/\/ledenonciateur224.com\/index.php\/wp-json\/wp\/v2\/media\/7427"}],"wp:attachment":[{"href":"https:\/\/ledenonciateur224.com\/index.php\/wp-json\/wp\/v2\/media?parent=7854"}],"wp:term":[{"taxonomy":"category","embeddable":true,"href":"https:\/\/ledenonciateur224.com\/index.php\/wp-json\/wp\/v2\/categories?post=7854"},{"taxonomy":"post_tag","embeddable":true,"href":"https:\/\/ledenonciateur224.com\/index.php\/wp-json\/wp\/v2\/tags?post=7854"}],"curies":[{"name":"wp","href":"https:\/\/api.w.org\/{rel}","templated":true}]}}