{"id":7856,"date":"2026-03-17T14:37:35","date_gmt":"2026-03-17T14:37:35","guid":{"rendered":"https:\/\/ledenonciateur224.com\/?p=7856"},"modified":"2026-03-17T14:37:35","modified_gmt":"2026-03-17T14:37:35","slug":"apaisement-sous-controle-la-guinee-allege-son-dispositif-militaire-tout-en-restant-ferme-sur-sa-souverainete","status":"publish","type":"post","link":"https:\/\/ledenonciateur224.com\/index.php\/apaisement-sous-controle-la-guinee-allege-son-dispositif-militaire-tout-en-restant-ferme-sur-sa-souverainete\/","title":{"rendered":"Apaisement sous contr\u00f4le : la Guin\u00e9e all\u00e8ge son dispositif militaire tout en restant ferme sur sa souverainet\u00e9"},"content":{"rendered":"<p>Apr\u00e8s plusieurs jours de tensions li\u00e9es aux diff\u00e9rends frontaliers, la Guin\u00e9e amorce une phase de d\u00e9crispation prudente. L\u2019\u00e9tat-major g\u00e9n\u00e9ral des arm\u00e9es a annonc\u00e9 un all\u00e8gement progressif du dispositif militaire d\u00e9ploy\u00e9 le long des fronti\u00e8res, dans le sillage des d\u00e9cisions prises lors du sommet de l\u2019Union du fleuve Mano tenu ce lundi 16 mars \u00e0 Conakry, sous l\u2019\u00e9gide du dirigeant guin\u00e9en Mamadi Doumbouya.<br \/>\nSuite \u00e0 l\u2019accord trouv\u00e9 entre les chefs d\u2019\u00c9tat membres de cette organisation sous-r\u00e9gionale, r\u00e9unis dans la capitale guin\u00e9enne, un processus de r\u00e9duction des forces engag\u00e9es aux fronti\u00e8res a \u00e9t\u00e9 enclench\u00e9. L\u2019annonce officielle a \u00e9t\u00e9 faite tard dans la soir\u00e9e par le chef d\u2019\u00e9tat-major g\u00e9n\u00e9ral des arm\u00e9es, le g\u00e9n\u00e9ral Ibrahima Sory Bangoura, marquant ainsi une volont\u00e9 claire d\u2019apaisement apr\u00e8s une p\u00e9riode de crispation.<br \/>\nDans un communiqu\u00e9, l\u2019\u00c9tat-major pr\u00e9cise que cette d\u00e9cision d\u00e9coule directement des conclusions du sommet, au cours duquel les dirigeants ont convenu de privil\u00e9gier la voie diplomatique pour r\u00e9soudre les diff\u00e9rends frontaliers. Ce choix strat\u00e9gique traduit une orientation vers des m\u00e9canismes de dialogue, per\u00e7us comme plus durables pour pr\u00e9server la stabilit\u00e9 r\u00e9gionale.<br \/>\nLes chefs d\u2019\u00c9tat ont \u00e9galement insist\u00e9 sur la n\u00e9cessit\u00e9 de renforcer la coop\u00e9ration inter-\u00e9tatique. L\u2019objectif est de consolider un climat de s\u00e9curit\u00e9 et de confiance entre les pays voisins, dont les populations partagent des liens historiques, g\u00e9ographiques et culturels \u00e9troits. Cette dynamique s\u2019inscrit dans une logique de pr\u00e9vention des conflits et de gestion concert\u00e9e des tensions.<\/p>\n<p>Dans la foul\u00e9e, l\u2019arm\u00e9e guin\u00e9enne a salu\u00e9 l\u2019attitude des populations durant cette p\u00e9riode sensible. \u00ab L\u2019\u00c9tat-major g\u00e9n\u00e9ral des arm\u00e9es tient \u00e0 remercier le peuple de Guin\u00e9e pour son patriotisme et le calme observ\u00e9 durant cette p\u00e9riode \u00bb, souligne le communiqu\u00e9. Il rend \u00e9galement hommage aux forces de d\u00e9fense et de s\u00e9curit\u00e9, f\u00e9licit\u00e9es pour leur \u00ab proactivit\u00e9 \u00bb et leur \u00ab ma\u00eetrise de soi \u00bb, des qualit\u00e9s jug\u00e9es d\u00e9terminantes pour \u00e9viter toute escalade.<br \/>\nCependant, cet all\u00e8gement ne signifie en aucun cas un rel\u00e2chement sur les principes fondamentaux. L\u2019\u00e9tat-major se veut ferme sur la question de la souverainet\u00e9 nationale, r\u00e9affirmant son engagement \u00e0 d\u00e9fendre \u00ab chaque portion du territoire national \u00bb. Cette posture traduit un \u00e9quilibre entre ouverture diplomatique et vigilance strat\u00e9gique.<br \/>\n\u00ab Pour l\u2019application effective des conclusions de ce sommet, l\u2019\u00c9tat-major g\u00e9n\u00e9ral des arm\u00e9es d\u00e9cide de l\u2019all\u00e8gement progressif du dispositif de d\u00e9fense d\u00e9ploy\u00e9 le long des fronti\u00e8res guin\u00e9ennes, \u00e0 compter du mardi 17 mars 2026 \u00bb, pr\u00e9cise le g\u00e9n\u00e9ral Ibrahima Sory Bangoura, soulignant le caract\u00e8re graduel et encadr\u00e9 de cette d\u00e9cision.<br \/>\nDans le m\u00eame \u00e9lan, les autorit\u00e9s militaires appellent les populations \u00e0 rester vigilantes et \u00e0 accompagner les efforts de paix engag\u00e9s. Cette implication citoyenne est pr\u00e9sent\u00e9e comme essentielle pour consolider les avanc\u00e9es diplomatiques et \u00e9viter toute r\u00e9surgence de tensions.<\/p>\n<p>Ainsi, la Guin\u00e9e semble engager un tournant mesur\u00e9 : celui d\u2019un apaisement encadr\u00e9, fond\u00e9 sur le dialogue, mais soutenu par une posture de d\u00e9fense intacte. Une approche qui vise \u00e0 pr\u00e9server \u00e0 la fois la paix r\u00e9gionale et l\u2019int\u00e9grit\u00e9 territoriale du pays.<\/p>\n<p>&nbsp;<\/p>\n<p>Ledenonciateur224.com<\/p>\n","protected":false},"excerpt":{"rendered":"<p>Apr\u00e8s plusieurs jours de tensions li\u00e9es aux diff\u00e9rends frontaliers, la Guin\u00e9e amorce une phase de d\u00e9crispation prudente. L\u2019\u00e9tat-major g\u00e9n\u00e9ral des arm\u00e9es a annonc\u00e9 un all\u00e8gement progressif du dispositif militaire d\u00e9ploy\u00e9 le long des fronti\u00e8res, dans le sillage des d\u00e9cisions prises lors du sommet de l\u2019Union du fleuve Mano tenu ce lundi 16 mars \u00e0 Conakry, [&hellip;]<\/p>\n","protected":false},"author":2,"featured_media":7636,"comment_status":"closed","ping_status":"closed","sticky":false,"template":"","format":"standard","meta":{"_jetpack_memberships_contains_paid_content":false,"footnotes":"","jetpack_publicize_message":"","jetpack_publicize_feature_enabled":true,"jetpack_social_post_already_shared":true,"jetpack_social_options":{"image_generator_settings":{"template":"highway","default_image_id":0,"font":"","enabled":false},"version":2}},"categories":[30,38,24],"tags":[455],"class_list":{"0":"post-7856","1":"post","2":"type-post","3":"status-publish","4":"format-standard","5":"has-post-thumbnail","7":"category-faits-divers","8":"category-international","9":"category-news","10":"tag-armees-guineennes"},"jetpack_publicize_connections":[],"jetpack_featured_media_url":"https:\/\/ledenonciateur224.com\/wp-content\/uploads\/2026\/02\/345930440-3462584783954879-5837021883338164734-n.jpg","jetpack_sharing_enabled":true,"_links":{"self":[{"href":"https:\/\/ledenonciateur224.com\/index.php\/wp-json\/wp\/v2\/posts\/7856","targetHints":{"allow":["GET"]}}],"collection":[{"href":"https:\/\/ledenonciateur224.com\/index.php\/wp-json\/wp\/v2\/posts"}],"about":[{"href":"https:\/\/ledenonciateur224.com\/index.php\/wp-json\/wp\/v2\/types\/post"}],"author":[{"embeddable":true,"href":"https:\/\/ledenonciateur224.com\/index.php\/wp-json\/wp\/v2\/users\/2"}],"replies":[{"embeddable":true,"href":"https:\/\/ledenonciateur224.com\/index.php\/wp-json\/wp\/v2\/comments?post=7856"}],"version-history":[{"count":1,"href":"https:\/\/ledenonciateur224.com\/index.php\/wp-json\/wp\/v2\/posts\/7856\/revisions"}],"predecessor-version":[{"id":7857,"href":"https:\/\/ledenonciateur224.com\/index.php\/wp-json\/wp\/v2\/posts\/7856\/revisions\/7857"}],"wp:featuredmedia":[{"embeddable":true,"href":"https:\/\/ledenonciateur224.com\/index.php\/wp-json\/wp\/v2\/media\/7636"}],"wp:attachment":[{"href":"https:\/\/ledenonciateur224.com\/index.php\/wp-json\/wp\/v2\/media?parent=7856"}],"wp:term":[{"taxonomy":"category","embeddable":true,"href":"https:\/\/ledenonciateur224.com\/index.php\/wp-json\/wp\/v2\/categories?post=7856"},{"taxonomy":"post_tag","embeddable":true,"href":"https:\/\/ledenonciateur224.com\/index.php\/wp-json\/wp\/v2\/tags?post=7856"}],"curies":[{"name":"wp","href":"https:\/\/api.w.org\/{rel}","templated":true}]}}