{"id":7861,"date":"2026-03-17T22:00:29","date_gmt":"2026-03-17T22:00:29","guid":{"rendered":"https:\/\/ledenonciateur224.com\/?p=7861"},"modified":"2026-03-17T22:00:29","modified_gmt":"2026-03-17T22:00:29","slug":"scandale-a-la-can-2025-la-caf-arrache-le-titre-au-senegal-et-loffre-au-maroc","status":"publish","type":"post","link":"https:\/\/ledenonciateur224.com\/index.php\/scandale-a-la-can-2025-la-caf-arrache-le-titre-au-senegal-et-loffre-au-maroc\/","title":{"rendered":"SCANDALE \u00c0 LA CAN 2025 : LA CAF ARRACHE LE TITRE AU S\u00c9N\u00c9GAL ET L\u2019OFFRE AU MAROC\u00a0"},"content":{"rendered":"<p><span style=\"color: #212529;font-family: georgia, lucida grande, lucida sans unicode, arial, verdana, sans-serif\">Quel coup de tonnerre ! Pr\u00e8s de deux mois apr\u00e8s la finale de la CAN 2025 remport\u00e9e sur le terrain par le S\u00e9n\u00e9gal face au Maroc (1-0, a.p.), la Conf\u00e9d\u00e9ration Africaine de Football (CAF) vient de provoquer une onde de choc sans pr\u00e9c\u00e9dent dans le football africain.<\/span><\/p>\n<p><span style=\"color: #212529;font-family: georgia, lucida grande, lucida sans unicode, arial, verdana, sans-serif\">Ce mardi soir, la Conf\u00e9d\u00e9ration Africaine de Football a officiellement annonc\u00e9 avoir accept\u00e9 l\u2019appel du Maroc\u2026 au point de retirer purement et simplement le titre au S\u00e9n\u00e9gal pour le donner aux Lions de l\u2019Atlas. Une d\u00e9cision explosive, qui risque d\u2019embraser tout le continent.<\/span><\/p>\n<p><span style=\"color: #212529;font-family: georgia, lucida grande, lucida sans unicode, arial, verdana, sans-serif\">Apr\u00e8s avoir initialement rejet\u00e9 la demande de la F\u00e9d\u00e9ration Royale Marocaine de Football, la CAF a totalement fait volte-face. Dans une d\u00e9cision inattendue, son jury d\u2019appel a tranch\u00e9 :<\/span><\/p>\n<p><span style=\"color: #212529;font-family: georgia, lucida grande, lucida sans unicode, arial, verdana, sans-serif\">le S\u00e9n\u00e9gal est d\u00e9clar\u00e9 forfait en finale<\/span><\/p>\n<p><span style=\"color: #212529;font-family: georgia, lucida grande, lucida sans unicode, arial, verdana, sans-serif\">Cons\u00e9quence imm\u00e9diate : le match est homologu\u00e9 sur le score de 3-0 en faveur du Maroc, d\u00e9sormais sacr\u00e9 champion d\u2019Afrique sur tapis vert.<\/span><\/p>\n<p><span style=\"color: #212529;font-family: georgia, lucida grande, lucida sans unicode, arial, verdana, sans-serif\">Un sc\u00e9nario inimaginable pour des millions de supporters, qui avaient vu le S\u00e9n\u00e9gal triompher au bout de l\u2019effort apr\u00e8s prolongation.<\/span><\/p>\n<p><span style=\"color: #212529;font-family: georgia, lucida grande, lucida sans unicode, arial, verdana, sans-serif\">Pour justifier cette d\u00e9cision, l\u2019instance \u00e9voque le comportement des joueurs s\u00e9n\u00e9galais en fin de match. Ces derniers avaient quitt\u00e9 temporairement la pelouse pour contester un penalty accord\u00e9 au Maroc dans les derni\u00e8res minutes.<\/span><\/p>\n<p><span style=\"color: #212529;font-family: georgia, lucida grande, lucida sans unicode, arial, verdana, sans-serif\">Selon la CAF, ce geste tombe sous le coup des articles 82 et 84 du r\u00e8glement de la CAN, relatifs notamment :<\/span><\/p>\n<p><span style=\"color: #212529;font-family: georgia, lucida grande, lucida sans unicode, arial, verdana, sans-serif\">\u00e0 l\u2019abandon de terrain<\/span><\/p>\n<p><span style=\"color: #212529;font-family: georgia, lucida grande, lucida sans unicode, arial, verdana, sans-serif\">au refus de reprendre le jeu<\/span><\/p>\n<p><span style=\"color: #212529;font-family: georgia, lucida grande, lucida sans unicode, arial, verdana, sans-serif\">Une interpr\u00e9tation tr\u00e8s s\u00e9v\u00e8re, qui transforme une protestation en faute lourde\u2026 avec des cons\u00e9quences historiques.<\/span><\/p>\n<p><span style=\"color: #212529;font-family: georgia, lucida grande, lucida sans unicode, arial, verdana, sans-serif\">Ce retournement de situation est d\u00e9j\u00e0 per\u00e7u comme une v\u00e9ritable injustice par de nombreux observateurs.<\/span><\/p>\n<p><span style=\"color: #212529;font-family: georgia, lucida grande, lucida sans unicode, arial, verdana, sans-serif\">Car au-del\u00e0 du r\u00e8glement, c\u2019est une question fondamentale qui est pos\u00e9e :<\/span><\/p>\n<p><span style=\"color: #212529;font-family: georgia, lucida grande, lucida sans unicode, arial, verdana, sans-serif\">\u00a0peut-on retirer un titre gagn\u00e9 sur le terrain des semaines apr\u00e8s le coup de sifflet final ?<\/span><\/p>\n<p><span style=\"color: #212529;font-family: georgia, lucida grande, lucida sans unicode, arial, verdana, sans-serif\">L\u2019indignation monte, et tout indique que le S\u00e9n\u00e9gal ne compte pas se laisser faire.<\/span><\/p>\n<p><span style=\"color: #212529;font-family: georgia, lucida grande, lucida sans unicode, arial, verdana, sans-serif\">La suite s\u2019annonce tendue. La F\u00e9d\u00e9ration s\u00e9n\u00e9galaise devrait porter l\u2019affaire devant le Tribunal arbitral du sport, avec l\u2019espoir de faire annuler cette d\u00e9cision controvers\u00e9e.<\/span><\/p>\n<p><span style=\"color: #212529;font-family: georgia, lucida grande, lucida sans unicode, arial, verdana, sans-serif\">Si cela se confirme, le dossier pourrait devenir l\u2019un des plus grands feuilletons juridiques de l\u2019histoire du football africain.<\/span><\/p>\n<p><span style=\"color: #212529;font-family: georgia, lucida grande, lucida sans unicode, arial, verdana, sans-serif\">Au-del\u00e0 de cette finale, c\u2019est la cr\u00e9dibilit\u00e9 m\u00eame de la CAF qui est aujourd\u2019hui mise en cause.<\/span><\/p>\n<p><span style=\"color: #212529;font-family: georgia, lucida grande, lucida sans unicode, arial, verdana, sans-serif\">Entre incompr\u00e9hension, col\u00e8re et soup\u00e7ons, cette d\u00e9cision risque de laisser des traces profondes dans le football africain.<\/span><\/p>\n<p><span style=\"color: #212529;font-family: georgia, lucida grande, lucida sans unicode, arial, verdana, sans-serif\">Une chose est s\u00fbre :<\/span><\/p>\n<p><span style=\"color: #212529;font-family: georgia, lucida grande, lucida sans unicode, arial, verdana, sans-serif\">la CAN 2025 ne restera pas dans les m\u00e9moires pour le jeu, mais pour un scandale retentissant.<\/span><\/p>\n<p>&nbsp;<\/p>\n<p><span style=\"color: #212529;font-family: georgia, lucida grande, lucida sans unicode, arial, verdana, sans-serif\">AMC 622 42 41 87\u00a0<\/span><\/p>\n","protected":false},"excerpt":{"rendered":"<p>Quel coup de tonnerre ! Pr\u00e8s de deux mois apr\u00e8s la finale de la CAN 2025 remport\u00e9e sur le terrain par le S\u00e9n\u00e9gal face au Maroc (1-0, a.p.), la Conf\u00e9d\u00e9ration Africaine de Football (CAF) vient de provoquer une onde de choc sans pr\u00e9c\u00e9dent dans le football africain. Ce mardi soir, la Conf\u00e9d\u00e9ration Africaine de Football [&hellip;]<\/p>\n","protected":false},"author":2,"featured_media":7862,"comment_status":"closed","ping_status":"closed","sticky":false,"template":"","format":"standard","meta":{"_jetpack_memberships_contains_paid_content":false,"footnotes":"","jetpack_publicize_message":"","jetpack_publicize_feature_enabled":true,"jetpack_social_post_already_shared":true,"jetpack_social_options":{"image_generator_settings":{"template":"highway","default_image_id":0,"font":"","enabled":false},"version":2}},"categories":[38,24,34],"tags":[960,830,216],"class_list":{"0":"post-7861","1":"post","2":"type-post","3":"status-publish","4":"format-standard","5":"has-post-thumbnail","7":"category-international","8":"category-news","9":"category-sport","10":"tag-can-2025","11":"tag-senegal","12":"tag-can-maroc"},"jetpack_publicize_connections":[],"jetpack_featured_media_url":"https:\/\/ledenonciateur224.com\/wp-content\/uploads\/2026\/03\/https-mediaafrik-footcom-main-2026-01-iconsport-282778-0014-scaled.webp","jetpack_sharing_enabled":true,"_links":{"self":[{"href":"https:\/\/ledenonciateur224.com\/index.php\/wp-json\/wp\/v2\/posts\/7861","targetHints":{"allow":["GET"]}}],"collection":[{"href":"https:\/\/ledenonciateur224.com\/index.php\/wp-json\/wp\/v2\/posts"}],"about":[{"href":"https:\/\/ledenonciateur224.com\/index.php\/wp-json\/wp\/v2\/types\/post"}],"author":[{"embeddable":true,"href":"https:\/\/ledenonciateur224.com\/index.php\/wp-json\/wp\/v2\/users\/2"}],"replies":[{"embeddable":true,"href":"https:\/\/ledenonciateur224.com\/index.php\/wp-json\/wp\/v2\/comments?post=7861"}],"version-history":[{"count":1,"href":"https:\/\/ledenonciateur224.com\/index.php\/wp-json\/wp\/v2\/posts\/7861\/revisions"}],"predecessor-version":[{"id":7863,"href":"https:\/\/ledenonciateur224.com\/index.php\/wp-json\/wp\/v2\/posts\/7861\/revisions\/7863"}],"wp:featuredmedia":[{"embeddable":true,"href":"https:\/\/ledenonciateur224.com\/index.php\/wp-json\/wp\/v2\/media\/7862"}],"wp:attachment":[{"href":"https:\/\/ledenonciateur224.com\/index.php\/wp-json\/wp\/v2\/media?parent=7861"}],"wp:term":[{"taxonomy":"category","embeddable":true,"href":"https:\/\/ledenonciateur224.com\/index.php\/wp-json\/wp\/v2\/categories?post=7861"},{"taxonomy":"post_tag","embeddable":true,"href":"https:\/\/ledenonciateur224.com\/index.php\/wp-json\/wp\/v2\/tags?post=7861"}],"curies":[{"name":"wp","href":"https:\/\/api.w.org\/{rel}","templated":true}]}}