{"id":787,"date":"2025-01-04T19:52:54","date_gmt":"2025-01-04T19:52:54","guid":{"rendered":"https:\/\/ledenonciateur224.com\/?p=787"},"modified":"2025-01-04T19:52:54","modified_gmt":"2025-01-04T19:52:54","slug":"manifestation-du-6-janvier-le-gouvernement-maintient-sa-fermete-face-aux-revendications","status":"publish","type":"post","link":"https:\/\/ledenonciateur224.com\/index.php\/manifestation-du-6-janvier-le-gouvernement-maintient-sa-fermete-face-aux-revendications\/","title":{"rendered":"Manifestation du 6 janvier : Le gouvernement maintient sa fermet\u00e9 face aux revendications"},"content":{"rendered":"<div dir=\"auto\">\n<div dir=\"auto\">\n<div dir=\"auto\">Alors que la manifestation pr\u00e9vue le 6 janvier par les forces vives de Guin\u00e9e suscite des inqui\u00e9tudes parmi une partie de la population, les autorit\u00e9s de la transition affichent une s\u00e9r\u00e9nit\u00e9 r\u00e9solue. Les organisateurs de cet \u00e9v\u00e9nement revendiquent principalement la mise en place d\u2019une transition civile, en d\u00e9non\u00e7ant le non-respect du calendrier de la transition qui devait initialement prendre fin le 31 d\u00e9cembre 2024. En r\u00e9ponse, Ousmane Gaoual Diallo, porte-parole du gouvernement, insiste sur le fait que l\u2019organisation des \u00e9lections ne constitue pas une priorit\u00e9 imm\u00e9diate. Selon lui, les Guin\u00e9ens se concentrent davantage sur les enjeux de d\u00e9veloppement et d\u2019am\u00e9lioration des conditions de vie que sur des d\u00e9bats politiques autour du calendrier \u00e9lectoral. Cependant, le ministre des Transports rappelle que la porte du dialogue reste ouverte \u00e0 tous les acteurs politiques.<\/div>\n<\/div>\n<\/div>\n<div dir=\"auto\"><\/div>\n<div dir=\"auto\"><\/div>\n<div dir=\"auto\">\n<div dir=\"auto\">\n<div dir=\"auto\"><\/div>\n<div dir=\"auto\">Un appel au dialogue et \u00e0 la r\u00e9conciliation<\/div>\n<\/div>\n<\/div>\n<div dir=\"auto\"><\/div>\n<div dir=\"auto\"><\/div>\n<div dir=\"auto\">\n<div dir=\"auto\">\n<div dir=\"auto\"><\/div>\n<div dir=\"auto\">\u00ab Nous n\u2019avons peur de rien. Personne n\u2019est inquiet. Qu\u2019ils manifestent, ce n\u2019est pas un probl\u00e8me. Ils sont soutenus par ceux qui passent leur temps \u00e0 d\u00e9nigrer leur pays. Si quelqu\u2019un se r\u00e9clame d\u00e9mocrate et est invit\u00e9 \u00e0 la table des n\u00e9gociations, le bon sens voudrait qu\u2019il accepte. Mais \u00e0 chaque fois qu\u2019on les invite \u00e0 dialoguer, ils refusent. Ce sont des individus d\u00e9connect\u00e9s de la r\u00e9alit\u00e9. La Guin\u00e9e est fatigu\u00e9e de ces antagonismes interminables \u00bb, a r\u00e9agi fermement Ousmane Gaoual Diallo, dans une interview accord\u00e9e \u00e0 Rfi Fulfuld\u00e9, cit\u00e9e par Africaguin\u00e9e.<\/div>\n<\/div>\n<\/div>\n<div dir=\"auto\"><\/div>\n<div dir=\"auto\"><\/div>\n<div dir=\"auto\"><\/div>\n<div dir=\"auto\">\n<div dir=\"auto\">\n<div dir=\"auto\"><\/div>\n<div dir=\"auto\">Le porte-parole du gouvernement n\u2019a pas manqu\u00e9 de souligner la volont\u00e9 du gouvernement de travailler \u00e0 la r\u00e9conciliation et au progr\u00e8s du pays. \u00ab Nous voulons avancer, nous voulons voir le d\u00e9veloppement du pays, que nos citoyens trouvent un emploi et puissent vivre dans la paix. C\u2019est ce que nous souhaitons profond\u00e9ment. Pour tout le reste, la porte du dialogue est toujours ouverte \u00bb, a-t-il ajout\u00e9. Selon M. Diallo, le Premier ministre a d\u2019ores et d\u00e9j\u00e0 r\u00e9affirm\u00e9 r\u00e9cemment l\u2019engagement du gouvernement \u00e0 accueillir toute personne d\u00e9sireuse de dialoguer.<\/div>\n<\/div>\n<\/div>\n<div dir=\"auto\"><\/div>\n<div dir=\"auto\"><\/div>\n<div dir=\"auto\"><\/div>\n<div dir=\"auto\">\n<div dir=\"auto\">\n<div dir=\"auto\"><\/div>\n<div dir=\"auto\">Une approche pragmatique du dialogue<\/div>\n<\/div>\n<\/div>\n<div dir=\"auto\"><\/div>\n<div dir=\"auto\"><\/div>\n<div dir=\"auto\"><\/div>\n<div dir=\"auto\">\n<div dir=\"auto\">\n<div dir=\"auto\"><\/div>\n<div dir=\"auto\">\u00ab Le jour o\u00f9 ils d\u00e9cideront de venir discuter, nous serons pr\u00eats \u00e0 \u00e9couter leurs pr\u00e9occupations. Nous examinerons ensemble ce qui est r\u00e9alisable, et pour ce qui ne l\u2019est pas, nous l\u2019ajournerons \u00bb, a insist\u00e9 le porte-parole. Cette posture refl\u00e8te la volont\u00e9 du gouvernement de rester pragmatique tout en s\u2019engageant dans un processus de transition pacifique et respectueux des besoins urgents du pays.<\/div>\n<\/div>\n<\/div>\n<div dir=\"auto\"><\/div>\n<div dir=\"auto\"><\/div>\n<div dir=\"auto\"><\/div>\n<div dir=\"auto\"><\/div>\n<div dir=\"auto\">\n<div dir=\"auto\">\n<div dir=\"auto\"><\/div>\n<div dir=\"auto\">En attendant, les autorit\u00e9s guin\u00e9ennes continuent de suivre avec attention les \u00e9volutions de la situation, appelant une fois de plus \u00e0 la coop\u00e9ration et \u00e0 la stabilit\u00e9 pour permettre \u00e0 la Guin\u00e9e de se concentrer sur les grands d\u00e9fis socio-\u00e9conomiques qui l&rsquo;attendent.<\/div>\n<\/div>\n<\/div>\n<div dir=\"auto\"><\/div>\n<div dir=\"auto\"><\/div>\n<div dir=\"auto\"><\/div>\n<div dir=\"auto\"><\/div>\n<div dir=\"auto\">\n<div dir=\"auto\">\n<div dir=\"auto\"><\/div>\n<div dir=\"auto\"><\/div>\n<\/div>\n<\/div>\n<div dir=\"auto\">\n<div dir=\"auto\">\n<div dir=\"auto\">Ledenonciateur224.com<\/div>\n<\/div>\n<\/div>\n","protected":false},"excerpt":{"rendered":"<p>Alors que la manifestation pr\u00e9vue le 6 janvier par les forces vives de Guin\u00e9e suscite des inqui\u00e9tudes parmi une partie de la population, les autorit\u00e9s de la transition affichent une s\u00e9r\u00e9nit\u00e9 r\u00e9solue. Les organisateurs de cet \u00e9v\u00e9nement revendiquent principalement la mise en place d\u2019une transition civile, en d\u00e9non\u00e7ant le non-respect du calendrier de la transition [&hellip;]<\/p>\n","protected":false},"author":2,"featured_media":656,"comment_status":"open","ping_status":"open","sticky":false,"template":"","format":"standard","meta":{"_jetpack_memberships_contains_paid_content":false,"footnotes":"","jetpack_publicize_message":"","jetpack_publicize_feature_enabled":true,"jetpack_social_post_already_shared":false,"jetpack_social_options":{"image_generator_settings":{"template":"highway","default_image_id":0,"font":"","enabled":false},"version":2}},"categories":[24,27],"tags":[36,178,35,102],"class_list":{"0":"post-787","1":"post","2":"type-post","3":"status-publish","4":"format-standard","5":"has-post-thumbnail","7":"category-news","8":"category-politique","9":"tag-conakry","10":"tag-gouvernement","11":"tag-guinee","12":"tag-manifestation"},"jetpack_publicize_connections":[],"jetpack_featured_media_url":"https:\/\/ledenonciateur224.com\/wp-content\/uploads\/2024\/12\/ousmane-gaoual-diallo.jpg","jetpack_sharing_enabled":true,"_links":{"self":[{"href":"https:\/\/ledenonciateur224.com\/index.php\/wp-json\/wp\/v2\/posts\/787","targetHints":{"allow":["GET"]}}],"collection":[{"href":"https:\/\/ledenonciateur224.com\/index.php\/wp-json\/wp\/v2\/posts"}],"about":[{"href":"https:\/\/ledenonciateur224.com\/index.php\/wp-json\/wp\/v2\/types\/post"}],"author":[{"embeddable":true,"href":"https:\/\/ledenonciateur224.com\/index.php\/wp-json\/wp\/v2\/users\/2"}],"replies":[{"embeddable":true,"href":"https:\/\/ledenonciateur224.com\/index.php\/wp-json\/wp\/v2\/comments?post=787"}],"version-history":[{"count":0,"href":"https:\/\/ledenonciateur224.com\/index.php\/wp-json\/wp\/v2\/posts\/787\/revisions"}],"wp:featuredmedia":[{"embeddable":true,"href":"https:\/\/ledenonciateur224.com\/index.php\/wp-json\/wp\/v2\/media\/656"}],"wp:attachment":[{"href":"https:\/\/ledenonciateur224.com\/index.php\/wp-json\/wp\/v2\/media?parent=787"}],"wp:term":[{"taxonomy":"category","embeddable":true,"href":"https:\/\/ledenonciateur224.com\/index.php\/wp-json\/wp\/v2\/categories?post=787"},{"taxonomy":"post_tag","embeddable":true,"href":"https:\/\/ledenonciateur224.com\/index.php\/wp-json\/wp\/v2\/tags?post=787"}],"curies":[{"name":"wp","href":"https:\/\/api.w.org\/{rel}","templated":true}]}}