{"id":789,"date":"2025-01-05T17:16:28","date_gmt":"2025-01-05T17:16:28","guid":{"rendered":"https:\/\/ledenonciateur224.com\/?p=789"},"modified":"2025-01-05T17:16:28","modified_gmt":"2025-01-05T17:16:28","slug":"manifestation-projetee-par-les-forces-vives-de-guinee-sidya-toure-mobilise-ses-militants","status":"publish","type":"post","link":"https:\/\/ledenonciateur224.com\/index.php\/manifestation-projetee-par-les-forces-vives-de-guinee-sidya-toure-mobilise-ses-militants\/","title":{"rendered":"Manifestation projet\u00e9e par les forces vives de Guin\u00e9e:\u00a0 Sidya Tour\u00e9 mobilise ses militants\u00a0"},"content":{"rendered":"<div dir=\"auto\">\n<p dir=\"ltr\">L\u2019organisation des \u00e9lections en 2025 et la manifestation projet\u00e9e des Forces Vives de Guin\u00e9e le 6 janvier prochain, \u00e9taient les principaux sujets abord\u00e9s ce samedi, 4 janvier 2025 au si\u00e8ge de l\u2019UFR. En Assembl\u00e9e g\u00e9n\u00e9rale hebdomadaire \u00e0 Conakry, le pr\u00e9sident du parti s\u2019est adress\u00e9 \u00e0 ses militants par appel t\u00e9l\u00e9phonique depuis la C\u00f4te d\u2019Ivoire o\u00f9 il s\u00e9journe.<\/p>\n<\/div>\n<p dir=\"ltr\">\n<p dir=\"ltr\">\n<p dir=\"ltr\">\n<div dir=\"auto\">\n<p>Apr\u00e8s avoir pr\u00e9sent\u00e9 ses v\u0153ux de nouvel an, Sidya Tour\u00e9 s\u2019est prononc\u00e9 sur l\u2019adresse \u00e0 la nation du pr\u00e9sident de la transition. Selon lui, il y a peu de chances que les \u00e9lections se tiennent en 2025 comme l\u2019a promis le Chef de l\u2019\u00c9tat, le G\u00e9n\u00e9ral Mamadi Doumbouya dans son discours de nouvel an.<\/p>\n<\/div>\n<p>&nbsp;<\/p>\n<p>&nbsp;<\/p>\n<div dir=\"auto\">\n<p><i>\u00ab Normalement, cette transition devrait prendre fin le 31 d\u00e9cembre. Mais non seulement elle ne s\u2019est pas achev\u00e9e, mais aussi les propositions qui sont faites pour 2025 ne sont pas rassurantes. Parce que le b.a-ba de toute \u00e9lection, c\u2019est de commencer par un recensement. Ce recensement n\u2019a pas \u00e9t\u00e9 fait. Et la mani\u00e8re dont elle a commenc\u00e9 ne peut engager personne. La deuxi\u00e8me chose, on ne sait m\u00eame pas qui va organiser les \u00e9lections. Comment les \u00e9lections vont \u00eatre organis\u00e9es. Apr\u00e8s avoir remplac\u00e9 tous les chefs de quartiers, on voit tr\u00e8s bien o\u00f9 est-ce tout cela peut nous mener \u00bb<\/i>, a-t-il r\u00e9agi au t\u00e9l\u00e9phone.Sidya Tour\u00e9 invite ses militants \u00e0 r\u00e9pondre \u00e0 l\u2019appel \u00e0 manifestation des forces vives pr\u00e9vue le 6 janvier 2025.<\/p>\n<\/div>\n<p>&nbsp;<\/p>\n<p>&nbsp;<\/p>\n<p>&nbsp;<\/p>\n<div dir=\"auto\">\n<p dir=\"ltr\"><i>\u00ab Aucun dialogue n\u2019a \u00e9t\u00e9 ouvert pour discuter avec les militaires. Comment se fait qu\u2019apr\u00e8s trois ans, on n\u2019a pas pu trouver les moyens pour qu\u2019on s\u2019asseye\u00a0 pour dialoguer d\u2019autant plus que c\u2019est le pays de tout le monde. Donc aujourd\u2019hui, nous sommes dans une position o\u00f9 la confiance est rompue. C\u2019est la raison pour laquelle on demande \u00e0 tous les guin\u00e9ens de se manifester le 6 janvier.<\/i><\/p>\n<p><i>On ne vous demande pas d\u2019aller jeter des cailloux dans la rue ou de provoquer qui que ce soit. Mais au moins ceux qui ne sont pas d\u2019accords peuvent s\u2019arr\u00eater devant chez eux pour dire que nous, on n\u2019est pas d\u2019accord avec \u00e7a. \u00c7a c\u2019est un droit. On ne peut pas interdire \u00e7a \u00e0 qui que ce soit. On veut faire quoi ? On veut d\u00e9montrer que les choses ne vont pas dans le bon sens. Que la Guin\u00e9e ne peut pas\u00a0 d\u00e9pendre d\u2019une seule personne. Que la Guin\u00e9e, c\u2019est tous les guin\u00e9ens. Mais si on fait de telle sorte qu\u2019on ne peut m\u00eame pas demander notre avis, nous ne partageons pas ce point de vue sur la conduite de notre pays. Autrement, le discours qui a \u00e9t\u00e9 servi ne nous satisfait pas \u00bb<\/i>, a lanc\u00e9 Sidya Tour\u00e9 \u00e0 ses militants d&rsquo;apr\u00e8s nos confreres de Guin\u00e9ensws.<\/p>\n<\/div>\n","protected":false},"excerpt":{"rendered":"<p>L\u2019organisation des \u00e9lections en 2025 et la manifestation projet\u00e9e des Forces Vives de Guin\u00e9e le 6 janvier prochain, \u00e9taient les principaux sujets abord\u00e9s ce samedi, 4 janvier 2025 au si\u00e8ge de l\u2019UFR. En Assembl\u00e9e g\u00e9n\u00e9rale hebdomadaire \u00e0 Conakry, le pr\u00e9sident du parti s\u2019est adress\u00e9 \u00e0 ses militants par appel t\u00e9l\u00e9phonique depuis la C\u00f4te d\u2019Ivoire o\u00f9 [&hellip;]<\/p>\n","protected":false},"author":2,"featured_media":790,"comment_status":"open","ping_status":"open","sticky":false,"template":"","format":"standard","meta":{"_jetpack_memberships_contains_paid_content":false,"footnotes":"","jetpack_publicize_message":"","jetpack_publicize_feature_enabled":true,"jetpack_social_post_already_shared":false,"jetpack_social_options":{"image_generator_settings":{"template":"highway","default_image_id":0,"font":"","enabled":false},"version":2}},"categories":[24,27],"tags":[],"class_list":{"0":"post-789","1":"post","2":"type-post","3":"status-publish","4":"format-standard","5":"has-post-thumbnail","7":"category-news","8":"category-politique"},"jetpack_publicize_connections":[],"jetpack_featured_media_url":"https:\/\/ledenonciateur224.com\/wp-content\/uploads\/2025\/01\/sidya-toure-750x430-1.jpg","jetpack_sharing_enabled":true,"_links":{"self":[{"href":"https:\/\/ledenonciateur224.com\/index.php\/wp-json\/wp\/v2\/posts\/789","targetHints":{"allow":["GET"]}}],"collection":[{"href":"https:\/\/ledenonciateur224.com\/index.php\/wp-json\/wp\/v2\/posts"}],"about":[{"href":"https:\/\/ledenonciateur224.com\/index.php\/wp-json\/wp\/v2\/types\/post"}],"author":[{"embeddable":true,"href":"https:\/\/ledenonciateur224.com\/index.php\/wp-json\/wp\/v2\/users\/2"}],"replies":[{"embeddable":true,"href":"https:\/\/ledenonciateur224.com\/index.php\/wp-json\/wp\/v2\/comments?post=789"}],"version-history":[{"count":0,"href":"https:\/\/ledenonciateur224.com\/index.php\/wp-json\/wp\/v2\/posts\/789\/revisions"}],"wp:featuredmedia":[{"embeddable":true,"href":"https:\/\/ledenonciateur224.com\/index.php\/wp-json\/wp\/v2\/media\/790"}],"wp:attachment":[{"href":"https:\/\/ledenonciateur224.com\/index.php\/wp-json\/wp\/v2\/media?parent=789"}],"wp:term":[{"taxonomy":"category","embeddable":true,"href":"https:\/\/ledenonciateur224.com\/index.php\/wp-json\/wp\/v2\/categories?post=789"},{"taxonomy":"post_tag","embeddable":true,"href":"https:\/\/ledenonciateur224.com\/index.php\/wp-json\/wp\/v2\/tags?post=789"}],"curies":[{"name":"wp","href":"https:\/\/api.w.org\/{rel}","templated":true}]}}