{"id":796,"date":"2025-01-05T22:59:26","date_gmt":"2025-01-05T22:59:26","guid":{"rendered":"https:\/\/ledenonciateur224.com\/?p=796"},"modified":"2025-01-05T22:59:26","modified_gmt":"2025-01-05T22:59:26","slug":"manifestation-des-forces-vives-boycott-du-mouvement-des-jeunes-de-laxe","status":"publish","type":"post","link":"https:\/\/ledenonciateur224.com\/index.php\/manifestation-des-forces-vives-boycott-du-mouvement-des-jeunes-de-laxe\/","title":{"rendered":"Manifestation des forces vives : boycott du Mouvement des Jeunes de l&rsquo;Axe"},"content":{"rendered":"<p>D\u00e9claration No : 001\/BE\/MoJAR\/2025 du Mouvement des Jeunes de l\u2019Axe pour la Renaissance (MoJAR) portant appel au dialogue, \u00e0 la non-violence, et \u00e0 l\u2019unit\u00e9 des jeunes de l\u2019Axe<\/p>\n<p>Suite \u00e0 l\u2019annonce de la manifestation pr\u00e9vue le lundi 6 janvier 2025 par les Forces Vives de Guin\u00e9e dans la capitale pour r\u00e9clamer un retour rapide \u00e0 l\u2019ordre constitutionnel, le Mouvement des Jeunes de l\u2019Axe pour la Renaissance(MoJAR) tient \u00e0 exprimer ses pr\u00e9occupations face aux risques de violence qui pourraient surgir lors de cet \u00e9v\u00e9nement.<\/p>\n<p>&nbsp;<\/p>\n<p>&nbsp;<\/p>\n<p>Nous appelons les organisateurs de cette manifestation \u00e0 privil\u00e9gier le dialogue et les moyens pacifiques pour faire entendre leurs revendications. La violence n\u2019a jamais \u00e9t\u00e9 une solution durable \u00e0 nos probl\u00e8mes et ne peut que compromettre la stabilit\u00e9 et la coh\u00e9sion sociale de notre nation.<\/p>\n<p>Le MoJAR exhorte tous les jeunes de l\u2019Axe Hamdanllalay-Kagbelen \u00e0 s\u2019unir pour promouvoir l\u2019unit\u00e9 nationale et la non-violence.<\/p>\n<p>&nbsp;<\/p>\n<p>&nbsp;<\/p>\n<p>Nous rappelons que la jeunesse de l\u2019Axe a \u00e9t\u00e9, depuis trop longtemps, manipul\u00e9e et utilis\u00e9e comme un outil de violence par divers acteurs politiques. Il est temps de briser ce cycle destructeur et de prendre notre avenir en main en choisissant la voie de la paix et de la solidarit\u00e9.<\/p>\n<p>Nous demandons \u00e0 tous les jeunes de l\u2019Axe de rester chez eux le jour de la manifestation afin d\u2019\u00e9viter toute tentative de manipulation ou d\u2019implication dans des actes contraires aux principes de paix et de dialogue.<\/p>\n<p>Pour assurer un suivi impartial des \u00e9v\u00e9nements et garantir la s\u00e9curit\u00e9 des communaut\u00e9s, le MoJAR d\u00e9ploiera 350 observateurs tout au long de l\u2019Axe. Ces observateurs seront charg\u00e9s de:<\/p>\n<p>1. Surveiller et documenter tout acte de violence.<\/p>\n<p>2. Identifier les auteurs d\u2019actes violents, qu\u2019ils soient manifestants ou membres des forces de l\u2019ordre.<\/p>\n<p>3. Rendre compte de mani\u00e8re transparente des incidents enregistr\u00e9s.<\/p>\n<p>Nous r\u00e9affirmons notre engagement \u00e0 promouvoir une jeunesse consciente, r\u00e9siliente et engag\u00e9e dans la reconstruction pacifique de notre nation. Nous exhortons toutes les parties prenantes \u00e0 faire preuve de retenue et \u00e0 collaborer pour un avenir meilleur et plus stable pour la Guin\u00e9e.<\/p>\n<p>Vive la jeunesse consciente ! Vive l\u2019unit\u00e9 nationale !<\/p>\n<p>Fait \u00e0 Conakry, le 5 janvier 2025<\/p>\n<p>&nbsp;<\/p>\n<p>Pour le Mouvement des Jeunes de l\u2019Axe pour la Renaissance,<\/p>\n<p>&nbsp;<\/p>\n<p>Le Pr\u00e9sident<\/p>\n<p>&nbsp;<\/p>\n<p>DIALLO Alhassane<\/p>\n<p>2<\/p>\n","protected":false},"excerpt":{"rendered":"<p>D\u00e9claration No : 001\/BE\/MoJAR\/2025 du Mouvement des Jeunes de l\u2019Axe pour la Renaissance (MoJAR) portant appel au dialogue, \u00e0 la non-violence, et \u00e0 l\u2019unit\u00e9 des jeunes de l\u2019Axe Suite \u00e0 l\u2019annonce de la manifestation pr\u00e9vue le lundi 6 janvier 2025 par les Forces Vives de Guin\u00e9e dans la capitale pour r\u00e9clamer un retour rapide \u00e0 [&hellip;]<\/p>\n","protected":false},"author":2,"featured_media":797,"comment_status":"open","ping_status":"open","sticky":false,"template":"","format":"standard","meta":{"_jetpack_memberships_contains_paid_content":false,"footnotes":"","jetpack_publicize_message":"","jetpack_publicize_feature_enabled":true,"jetpack_social_post_already_shared":false,"jetpack_social_options":{"image_generator_settings":{"template":"highway","default_image_id":0,"font":"","enabled":false},"version":2}},"categories":[24,27],"tags":[36,35,179,66],"class_list":{"0":"post-796","1":"post","2":"type-post","3":"status-publish","4":"format-standard","5":"has-post-thumbnail","7":"category-news","8":"category-politique","9":"tag-conakry","10":"tag-guinee","11":"tag-manifestation-de-rue","12":"tag-transition"},"jetpack_publicize_connections":[],"jetpack_featured_media_url":"https:\/\/ledenonciateur224.com\/wp-content\/uploads\/2025\/01\/img-20250105-wa0207.jpg","jetpack_sharing_enabled":true,"_links":{"self":[{"href":"https:\/\/ledenonciateur224.com\/index.php\/wp-json\/wp\/v2\/posts\/796","targetHints":{"allow":["GET"]}}],"collection":[{"href":"https:\/\/ledenonciateur224.com\/index.php\/wp-json\/wp\/v2\/posts"}],"about":[{"href":"https:\/\/ledenonciateur224.com\/index.php\/wp-json\/wp\/v2\/types\/post"}],"author":[{"embeddable":true,"href":"https:\/\/ledenonciateur224.com\/index.php\/wp-json\/wp\/v2\/users\/2"}],"replies":[{"embeddable":true,"href":"https:\/\/ledenonciateur224.com\/index.php\/wp-json\/wp\/v2\/comments?post=796"}],"version-history":[{"count":0,"href":"https:\/\/ledenonciateur224.com\/index.php\/wp-json\/wp\/v2\/posts\/796\/revisions"}],"wp:featuredmedia":[{"embeddable":true,"href":"https:\/\/ledenonciateur224.com\/index.php\/wp-json\/wp\/v2\/media\/797"}],"wp:attachment":[{"href":"https:\/\/ledenonciateur224.com\/index.php\/wp-json\/wp\/v2\/media?parent=796"}],"wp:term":[{"taxonomy":"category","embeddable":true,"href":"https:\/\/ledenonciateur224.com\/index.php\/wp-json\/wp\/v2\/categories?post=796"},{"taxonomy":"post_tag","embeddable":true,"href":"https:\/\/ledenonciateur224.com\/index.php\/wp-json\/wp\/v2\/tags?post=796"}],"curies":[{"name":"wp","href":"https:\/\/api.w.org\/{rel}","templated":true}]}}