{"id":804,"date":"2025-01-06T17:20:12","date_gmt":"2025-01-06T17:20:12","guid":{"rendered":"https:\/\/ledenonciateur224.com\/?p=804"},"modified":"2025-01-06T17:20:12","modified_gmt":"2025-01-06T17:20:12","slug":"manifestation-du-6-janvier-2025-tensions-violences-et-perturbations-a-conakry","status":"publish","type":"post","link":"https:\/\/ledenonciateur224.com\/index.php\/manifestation-du-6-janvier-2025-tensions-violences-et-perturbations-a-conakry\/","title":{"rendered":"Manifestation du 6 janvier 2025 : Tensions, violences et perturbations \u00e0 Conakry"},"content":{"rendered":"<p><span style=\"color: #222222;font-family: roboto\">Le 6 janvier 2025, la manifestation organis\u00e9e par les Forces Vives de Guin\u00e9e a engendr\u00e9 des affrontements violents entre manifestants et forces de l\u2019ordre \u00e0 divers endroits de Conakry, paralysant la ville. \u00c0 Koloma, notamment au carrefour Cirage, des \u00e9chauffour\u00e9es ont \u00e9clat\u00e9 entre jeunes manifestants et contre-manifestants. Les forces de l&rsquo;ordre ont proc\u00e9d\u00e9 \u00e0 l&rsquo;arrestation de sept manifestants, dont plusieurs mineurs, parmi eux Monnourou Diallo, 12 ans, qui a exprim\u00e9 un dernier message poignant \u00e0 sa m\u00e8re avant son arrestation.<\/span><\/p>\n<p>&nbsp;<\/p>\n<p><img loading=\"lazy\" decoding=\"async\" class=\"alignnone size-medium wp-image-806\" src=\"https:\/\/ledenonciateur224.com\/wp-content\/uploads\/2025\/01\/img-20250106-wa0129-300x134.jpg\" alt=\"\" width=\"300\" height=\"134\" srcset=\"https:\/\/ledenonciateur224.com\/wp-content\/uploads\/2025\/01\/img-20250106-wa0129-300x134.jpg 300w, https:\/\/ledenonciateur224.com\/wp-content\/uploads\/2025\/01\/img-20250106-wa0129-1024x457.jpg 1024w, https:\/\/ledenonciateur224.com\/wp-content\/uploads\/2025\/01\/img-20250106-wa0129-768x343.jpg 768w, https:\/\/ledenonciateur224.com\/wp-content\/uploads\/2025\/01\/img-20250106-wa0129-1536x685.jpg 1536w, https:\/\/ledenonciateur224.com\/wp-content\/uploads\/2025\/01\/img-20250106-wa0129-2048x914.jpg 2048w, https:\/\/ledenonciateur224.com\/wp-content\/uploads\/2025\/01\/img-20250106-wa0129-150x67.jpg 150w, https:\/\/ledenonciateur224.com\/wp-content\/uploads\/2025\/01\/img-20250106-wa0129-696x311.jpg 696w, https:\/\/ledenonciateur224.com\/wp-content\/uploads\/2025\/01\/img-20250106-wa0129-1068x476.jpg 1068w, https:\/\/ledenonciateur224.com\/wp-content\/uploads\/2025\/01\/img-20250106-wa0129-1920x857.jpg 1920w, https:\/\/ledenonciateur224.com\/wp-content\/uploads\/2025\/01\/img-20250106-wa0129-941x420.jpg 941w\" sizes=\"auto, (max-width: 300px) 100vw, 300px\" \/><\/p>\n<p><span style=\"color: #222222;font-family: roboto\">Un incident tragique s&rsquo;est produit \u00e0 Sonfonia, o\u00f9 Mamadou Ba\u00eflo Sidib\u00e9, un m\u00e9canicien de 20 ans, a \u00e9t\u00e9 tu\u00e9 par balle. En d\u00e9pit des tensions, certains secteurs comme l&rsquo;axe Fidel Castro ont connu une mobilisation moins importante que pr\u00e9vu, avec peu de perturbations dans les quartiers de Bonfi, Gbessia et Madina, o\u00f9 les commerces restaient ouverts.<\/span><\/p>\n<p><img loading=\"lazy\" decoding=\"async\" class=\"alignnone size-medium wp-image-808\" src=\"https:\/\/ledenonciateur224.com\/wp-content\/uploads\/2025\/01\/20250106-110524-300x169.jpg\" alt=\"\" width=\"300\" height=\"169\" srcset=\"https:\/\/ledenonciateur224.com\/wp-content\/uploads\/2025\/01\/20250106-110524-300x169.jpg 300w, https:\/\/ledenonciateur224.com\/wp-content\/uploads\/2025\/01\/20250106-110524-1024x576.jpg 1024w, https:\/\/ledenonciateur224.com\/wp-content\/uploads\/2025\/01\/20250106-110524-768x432.jpg 768w, https:\/\/ledenonciateur224.com\/wp-content\/uploads\/2025\/01\/20250106-110524-1536x864.jpg 1536w, https:\/\/ledenonciateur224.com\/wp-content\/uploads\/2025\/01\/20250106-110524-2048x1152.jpg 2048w, https:\/\/ledenonciateur224.com\/wp-content\/uploads\/2025\/01\/20250106-110524-150x84.jpg 150w, https:\/\/ledenonciateur224.com\/wp-content\/uploads\/2025\/01\/20250106-110524-696x392.jpg 696w, https:\/\/ledenonciateur224.com\/wp-content\/uploads\/2025\/01\/20250106-110524-1068x601.jpg 1068w, https:\/\/ledenonciateur224.com\/wp-content\/uploads\/2025\/01\/20250106-110524-1920x1080.jpg 1920w, https:\/\/ledenonciateur224.com\/wp-content\/uploads\/2025\/01\/20250106-110524-747x420.jpg 747w\" sizes=\"auto, (max-width: 300px) 100vw, 300px\" \/><\/p>\n<p>&nbsp;<\/p>\n<p><span style=\"color: #222222;font-family: roboto\">L&rsquo;impact sur la circulation et l&rsquo;activit\u00e9 \u00e9conomique \u00e9tait palpable : la circulation a \u00e9t\u00e9 compl\u00e8tement perturb\u00e9e, en particulier \u00e0 la Cimenterie o\u00f9 des affrontements ont eu lieu, malgr\u00e9 l\u2019intervention d\u2019un groupe en gilets jaunes pour apaiser la situation. \u00c0 Sanoyah, des barricades et des pneus en feu ont symbolis\u00e9 la col\u00e8re des manifestants.<\/span><\/p>\n<p>&nbsp;<\/p>\n<p>&nbsp;<\/p>\n<p><span style=\"color: #222222;font-family: roboto\">Les forces de s\u00e9curit\u00e9, renforc\u00e9es par des blind\u00e9s, ont fait usage de gaz lacrymog\u00e8nes et de jets de pierres ont \u00e9t\u00e9 rapport\u00e9s, rendant l\u2019atmosph\u00e8re tendue jusqu&rsquo;en d\u00e9but d&rsquo;apr\u00e8s-midi. Des bless\u00e9s ont \u00e9t\u00e9 signal\u00e9s et de nombreux commerces, notamment autour du march\u00e9, sont rest\u00e9s ferm\u00e9s, \u00e0 l&rsquo;exception du march\u00e9 central.<\/span><\/p>\n<p><img loading=\"lazy\" decoding=\"async\" class=\"alignnone size-medium wp-image-807\" src=\"https:\/\/ledenonciateur224.com\/wp-content\/uploads\/2025\/01\/img-20250106-wa0089-300x139.jpg\" alt=\"\" width=\"300\" height=\"139\" srcset=\"https:\/\/ledenonciateur224.com\/wp-content\/uploads\/2025\/01\/img-20250106-wa0089-300x139.jpg 300w, https:\/\/ledenonciateur224.com\/wp-content\/uploads\/2025\/01\/img-20250106-wa0089-768x355.jpg 768w, https:\/\/ledenonciateur224.com\/wp-content\/uploads\/2025\/01\/img-20250106-wa0089-150x69.jpg 150w, https:\/\/ledenonciateur224.com\/wp-content\/uploads\/2025\/01\/img-20250106-wa0089-696x321.jpg 696w, https:\/\/ledenonciateur224.com\/wp-content\/uploads\/2025\/01\/img-20250106-wa0089-910x420.jpg 910w, https:\/\/ledenonciateur224.com\/wp-content\/uploads\/2025\/01\/img-20250106-wa0089.jpg 1020w\" sizes=\"auto, (max-width: 300px) 100vw, 300px\" \/><\/p>\n<p>&nbsp;<\/p>\n<p><span style=\"color: #222222;font-family: roboto\">Enfin, des interpellations ont eu lieu \u00e0 Conakry et dans d&rsquo;autres r\u00e9gions du pays. L&rsquo;impact de cette journ\u00e9e de manifestation a \u00e9galement perturb\u00e9 la scolarit\u00e9, avec des \u00e9coles ferm\u00e9es dans plusieurs quartiers de la capitale.<\/span><\/p>\n<p>&nbsp;<\/p>\n<p>&nbsp;<\/p>\n<p>Ledenonciateur224.com<\/p>\n","protected":false},"excerpt":{"rendered":"<p>Le 6 janvier 2025, la manifestation organis\u00e9e par les Forces Vives de Guin\u00e9e a engendr\u00e9 des affrontements violents entre manifestants et forces de l\u2019ordre \u00e0 divers endroits de Conakry, paralysant la ville. \u00c0 Koloma, notamment au carrefour Cirage, des \u00e9chauffour\u00e9es ont \u00e9clat\u00e9 entre jeunes manifestants et contre-manifestants. Les forces de l&rsquo;ordre ont proc\u00e9d\u00e9 \u00e0 l&rsquo;arrestation [&hellip;]<\/p>\n","protected":false},"author":2,"featured_media":805,"comment_status":"open","ping_status":"open","sticky":false,"template":"","format":"standard","meta":{"_jetpack_memberships_contains_paid_content":false,"footnotes":"","jetpack_publicize_message":"","jetpack_publicize_feature_enabled":true,"jetpack_social_post_already_shared":false,"jetpack_social_options":{"image_generator_settings":{"template":"highway","default_image_id":0,"font":"","enabled":false},"version":2}},"categories":[30,24,27],"tags":[36,35,102,66],"class_list":{"0":"post-804","1":"post","2":"type-post","3":"status-publish","4":"format-standard","5":"has-post-thumbnail","7":"category-faits-divers","8":"category-news","9":"category-politique","10":"tag-conakry","11":"tag-guinee","12":"tag-manifestation","13":"tag-transition"},"jetpack_publicize_connections":[],"jetpack_featured_media_url":"https:\/\/ledenonciateur224.com\/wp-content\/uploads\/2025\/01\/img-20250106-wa0128.jpg","jetpack_sharing_enabled":true,"_links":{"self":[{"href":"https:\/\/ledenonciateur224.com\/index.php\/wp-json\/wp\/v2\/posts\/804","targetHints":{"allow":["GET"]}}],"collection":[{"href":"https:\/\/ledenonciateur224.com\/index.php\/wp-json\/wp\/v2\/posts"}],"about":[{"href":"https:\/\/ledenonciateur224.com\/index.php\/wp-json\/wp\/v2\/types\/post"}],"author":[{"embeddable":true,"href":"https:\/\/ledenonciateur224.com\/index.php\/wp-json\/wp\/v2\/users\/2"}],"replies":[{"embeddable":true,"href":"https:\/\/ledenonciateur224.com\/index.php\/wp-json\/wp\/v2\/comments?post=804"}],"version-history":[{"count":0,"href":"https:\/\/ledenonciateur224.com\/index.php\/wp-json\/wp\/v2\/posts\/804\/revisions"}],"wp:featuredmedia":[{"embeddable":true,"href":"https:\/\/ledenonciateur224.com\/index.php\/wp-json\/wp\/v2\/media\/805"}],"wp:attachment":[{"href":"https:\/\/ledenonciateur224.com\/index.php\/wp-json\/wp\/v2\/media?parent=804"}],"wp:term":[{"taxonomy":"category","embeddable":true,"href":"https:\/\/ledenonciateur224.com\/index.php\/wp-json\/wp\/v2\/categories?post=804"},{"taxonomy":"post_tag","embeddable":true,"href":"https:\/\/ledenonciateur224.com\/index.php\/wp-json\/wp\/v2\/tags?post=804"}],"curies":[{"name":"wp","href":"https:\/\/api.w.org\/{rel}","templated":true}]}}