{"id":814,"date":"2025-01-07T19:28:40","date_gmt":"2025-01-07T19:28:40","guid":{"rendered":"https:\/\/ledenonciateur224.com\/?p=814"},"modified":"2025-01-07T19:28:40","modified_gmt":"2025-01-07T19:28:40","slug":"ousmane-dady-camara-denonce-alpha-conde-sidya-toure-et-cellou-dalein-ils-sont-devenus-des-problemes-pour-la-guinee","status":"publish","type":"post","link":"https:\/\/ledenonciateur224.com\/index.php\/ousmane-dady-camara-denonce-alpha-conde-sidya-toure-et-cellou-dalein-ils-sont-devenus-des-problemes-pour-la-guinee\/","title":{"rendered":"Ousmane Dady Camara d\u00e9nonce Alpha Cond\u00e9, Sidya Tour\u00e9 et Cellou Dalein : \u00ab Ils sont devenus des probl\u00e8mes pour la Guin\u00e9e \u00bb"},"content":{"rendered":"<div dir=\"auto\">Lors d\u2019une conf\u00e9rence tenue le 7 janvier 2024 au si\u00e8ge national de son parti, le Rassemblement Guin\u00e9en du Travail (RGT), sous le th\u00e8me \u00ab Une transition engag\u00e9e pour le retour \u00e0 l\u2019ordre constitutionnel \u00bb, Ousmane Dady Camara, son pr\u00e9sident, a violemment critiqu\u00e9 trois figures politiques majeures de la Guin\u00e9e : Alpha Cond\u00e9, Sidya Tour\u00e9 et Cellou Dalein Diallo, affirmant qu&rsquo;ils sont d\u00e9sormais des obstacles pour le pays.<\/div>\n<div dir=\"auto\"><\/div>\n<div dir=\"auto\"><\/div>\n<div dir=\"auto\"><\/div>\n<div dir=\"auto\"><\/div>\n<div dir=\"auto\">Alpha Cond\u00e9 : Un soutien trahi<\/div>\n<div dir=\"auto\"><\/div>\n<div dir=\"auto\">Ousmane Dady Camara a d\u00e9but\u00e9 ses critiques par l\u2019ex-pr\u00e9sident Alpha Cond\u00e9, regrettant la situation actuelle apr\u00e8s tout le soutien qu\u2019il avait apport\u00e9 \u00e0 ce dernier pendant ses ann\u00e9es de pouvoir. \u00ab Nous avons lutt\u00e9 pour Alpha Cond\u00e9, mais aujourd&rsquo;hui, il n\u2019a plus le droit de demander une guerre pour revenir au pouvoir. Ses propos montrent qu\u2019il n\u2019est pas vraiment Guin\u00e9en \u00bb, a-t-il d\u00e9clar\u00e9, d\u00e9plorant que l&rsquo;ancien pr\u00e9sident, apr\u00e8s avoir dirig\u00e9 le pays pendant 11 ans, appelle \u00e0 des troubles pour son retour.<\/div>\n<div dir=\"auto\"><\/div>\n<div dir=\"auto\"><\/div>\n<div dir=\"auto\"><\/div>\n<div dir=\"auto\">Sidya Tour\u00e9 : Un discours incoh\u00e9rent<\/div>\n<div dir=\"auto\"><\/div>\n<div dir=\"auto\">Le pr\u00e9sident du RGT s\u2019en est \u00e9galement pris \u00e0 Sidya Tour\u00e9, accusant ce dernier d\u2019\u00eatre d\u00e9connect\u00e9 des r\u00e9alit\u00e9s guin\u00e9ennes. \u00ab Sidya Tour\u00e9 ose dire qu\u2019il ne revient pas en Guin\u00e9e car il n\u2019a pas de logement. C\u2019est une moquerie envers les Guin\u00e9ens, alors qu\u2019il poss\u00e8de plusieurs propri\u00e9t\u00e9s dans le pays \u00bb, a-t-il insist\u00e9, d\u00e9non\u00e7ant une incoh\u00e9rence dans ses d\u00e9clarations.<\/div>\n<div dir=\"auto\"><\/div>\n<div dir=\"auto\"><\/div>\n<div dir=\"auto\"><\/div>\n<div dir=\"auto\">Cellou Dalein Diallo : L&rsquo;incapacit\u00e9 \u00e0 affronter la justice<\/div>\n<div dir=\"auto\"><\/div>\n<div dir=\"auto\">Quant \u00e0 Cellou Dalein Diallo, leader de l&rsquo;UFDG, Ousmane Dady Camara a fustig\u00e9 son incapacit\u00e9 \u00e0 revenir en Guin\u00e9e pour affronter la justice dans des affaires datant de l&rsquo;\u00e9poque de l&rsquo;ancien r\u00e9gime. \u00ab Il se fait constamment duper et refuse de faire face \u00e0 la justice pour des faits qui n\u2019ont rien \u00e0 voir avec le CNRD \u00bb, a-t-il martel\u00e9, appelant Cellou \u00e0 revenir assumer ses responsabilit\u00e9s.<\/div>\n<div dir=\"auto\"><\/div>\n<div dir=\"auto\"><\/div>\n<div dir=\"auto\"><\/div>\n<div dir=\"auto\">Un appel \u00e0 l&rsquo;unit\u00e9 nationale<\/div>\n<div dir=\"auto\"><\/div>\n<div dir=\"auto\">En conclusion, Ousmane Dady Camara a exprim\u00e9 son m\u00e9contentement face \u00e0 ce qu\u2019il consid\u00e8re comme une tentative de d\u00e9stabilisation du pays par ces trois leaders. \u00ab Ces trois individus \u00e9taient autrefois une source d\u2019espoir, mais ils ont \u00e9chou\u00e9 \u00e0 gouverner quand ils en avaient la possibilit\u00e9. Maintenant, ils s\u2019unissent pour d\u00e9truire le pays. Cela ne fonctionnera pas. Ceux qui veulent r\u00e9ellement d\u00e9fendre la Guin\u00e9e doivent revenir ici et soutenir la transition dirig\u00e9e par le pr\u00e9sident Mamadi Doumbouya \u00bb, a-t-il conclu.<\/div>\n<div dir=\"auto\"><\/div>\n<div dir=\"auto\"><\/div>\n<div dir=\"auto\"><\/div>\n<div dir=\"auto\"><\/div>\n<div dir=\"auto\">Ledenonciateur224.com<\/div>\n","protected":false},"excerpt":{"rendered":"<p>Lors d\u2019une conf\u00e9rence tenue le 7 janvier 2024 au si\u00e8ge national de son parti, le Rassemblement Guin\u00e9en du Travail (RGT), sous le th\u00e8me \u00ab Une transition engag\u00e9e pour le retour \u00e0 l\u2019ordre constitutionnel \u00bb, Ousmane Dady Camara, son pr\u00e9sident, a violemment critiqu\u00e9 trois figures politiques majeures de la Guin\u00e9e : Alpha Cond\u00e9, Sidya Tour\u00e9 et [&hellip;]<\/p>\n","protected":false},"author":2,"featured_media":815,"comment_status":"open","ping_status":"open","sticky":false,"template":"","format":"standard","meta":{"_jetpack_memberships_contains_paid_content":false,"footnotes":"","jetpack_publicize_message":"","jetpack_publicize_feature_enabled":true,"jetpack_social_post_already_shared":false,"jetpack_social_options":{"image_generator_settings":{"template":"highway","default_image_id":0,"font":"","enabled":false},"version":2}},"categories":[24,27],"tags":[36,35,181,66],"class_list":{"0":"post-814","1":"post","2":"type-post","3":"status-publish","4":"format-standard","5":"has-post-thumbnail","7":"category-news","8":"category-politique","9":"tag-conakry","10":"tag-guinee","11":"tag-les-leaders-politiques","12":"tag-transition"},"jetpack_publicize_connections":[],"jetpack_featured_media_url":"https:\/\/ledenonciateur224.com\/wp-content\/uploads\/2025\/01\/img-20250107-wa0070.jpg","jetpack_sharing_enabled":true,"_links":{"self":[{"href":"https:\/\/ledenonciateur224.com\/index.php\/wp-json\/wp\/v2\/posts\/814","targetHints":{"allow":["GET"]}}],"collection":[{"href":"https:\/\/ledenonciateur224.com\/index.php\/wp-json\/wp\/v2\/posts"}],"about":[{"href":"https:\/\/ledenonciateur224.com\/index.php\/wp-json\/wp\/v2\/types\/post"}],"author":[{"embeddable":true,"href":"https:\/\/ledenonciateur224.com\/index.php\/wp-json\/wp\/v2\/users\/2"}],"replies":[{"embeddable":true,"href":"https:\/\/ledenonciateur224.com\/index.php\/wp-json\/wp\/v2\/comments?post=814"}],"version-history":[{"count":0,"href":"https:\/\/ledenonciateur224.com\/index.php\/wp-json\/wp\/v2\/posts\/814\/revisions"}],"wp:featuredmedia":[{"embeddable":true,"href":"https:\/\/ledenonciateur224.com\/index.php\/wp-json\/wp\/v2\/media\/815"}],"wp:attachment":[{"href":"https:\/\/ledenonciateur224.com\/index.php\/wp-json\/wp\/v2\/media?parent=814"}],"wp:term":[{"taxonomy":"category","embeddable":true,"href":"https:\/\/ledenonciateur224.com\/index.php\/wp-json\/wp\/v2\/categories?post=814"},{"taxonomy":"post_tag","embeddable":true,"href":"https:\/\/ledenonciateur224.com\/index.php\/wp-json\/wp\/v2\/tags?post=814"}],"curies":[{"name":"wp","href":"https:\/\/api.w.org\/{rel}","templated":true}]}}