{"id":817,"date":"2025-01-07T22:10:18","date_gmt":"2025-01-07T22:10:18","guid":{"rendered":"https:\/\/ledenonciateur224.com\/?p=817"},"modified":"2025-01-07T22:10:18","modified_gmt":"2025-01-07T22:10:18","slug":"cellou-dalein-diallo-condamne-la-condamnation-daliou-bah-et-lattaque-contre-les-libertes-en-guinee","status":"publish","type":"post","link":"https:\/\/ledenonciateur224.com\/index.php\/cellou-dalein-diallo-condamne-la-condamnation-daliou-bah-et-lattaque-contre-les-libertes-en-guinee\/","title":{"rendered":"Cellou Dalein Diallo condamne la condamnation d&rsquo;Aliou Bah et l&rsquo;attaque contre les libert\u00e9s en Guin\u00e9e"},"content":{"rendered":"<div dir=\"auto\">Le pr\u00e9sident de l\u2019Union des Forces D\u00e9mocratiques de Guin\u00e9e (UFDG), Cellou Dalein Diallo, a exprim\u00e9 sa profonde indignation apr\u00e8s la condamnation du pr\u00e9sident du parti MODEL, Aliou Bah, \u00e0 deux ans de prison ferme par le Tribunal de Premi\u00e8re Instance de Kaloum. Dans un message post\u00e9 sur sa page Facebook le 7 janvier 2025, il a qualifi\u00e9 cette d\u00e9cision de \u00ab farce judiciaire \u00bb et a d\u00e9nonc\u00e9 une tentative de la junte au pouvoir de r\u00e9primer la libert\u00e9 d\u2019expression.<\/div>\n<div dir=\"auto\"><\/div>\n<div dir=\"auto\"><\/div>\n<div dir=\"auto\">Cellou Dalein a soulign\u00e9 que la condamnation d\u2019Aliou Bah, fond\u00e9e sur des accusations \u00ab grotesques \u00bb et \u00ab inqui\u00e9tantes \u00bb, visait \u00e0 punir l\u2019exercice l\u00e9gitime du droit de critiquer un gouvernement jug\u00e9 autoritaire et r\u00e9pressif. Selon lui, le v\u00e9ritable \u00ab d\u00e9lit \u00bb d\u2019Aliou Bah r\u00e9side dans sa d\u00e9nonciation des d\u00e9rives de la junte, qui, selon lui, commet des atteintes syst\u00e9matiques aux droits humains dans le pays.<\/div>\n<div dir=\"auto\"><\/div>\n<div dir=\"auto\">Le leader de l&rsquo;UFDG a vu dans ce verdict une attaque directe contre les libert\u00e9s fondamentales et une nouvelle \u00e9tape dans les pratiques liberticides du r\u00e9gime actuel. Il a d\u00e9nonc\u00e9 une \u00ab tentative d\u2019intimidation orchestr\u00e9e pour r\u00e9duire au silence toute opposition \u00bb, affirmant que cette d\u00e9cision marque une \u00ab journ\u00e9e funeste pour la d\u00e9mocratie et les droits humains en Guin\u00e9e \u00bb.<\/div>\n<div dir=\"auto\"><\/div>\n<div dir=\"auto\">Fermement oppos\u00e9 \u00e0 cette d\u00e9cision, Cellou Dalein Diallo a appel\u00e9 \u00e0 la lib\u00e9ration imm\u00e9diate et inconditionnelle d\u2019Aliou Bah, qualifiant le proc\u00e8s de \u00ab mascarade judiciaire \u00bb. Il a insist\u00e9 sur le fait que le peuple guin\u00e9en, bien que r\u00e9prim\u00e9, ne se laissera pas intimider par la \u00ab terreur judiciaire \u00bb d&rsquo;un pouvoir \u00e0 l&rsquo;agonie.<\/div>\n<div dir=\"auto\"><\/div>\n<div dir=\"auto\">Le leader de l\u2019UFDG a conclu en r\u00e9affirmant la volont\u00e9 des Guin\u00e9ens de d\u00e9fendre leurs droits et leurs libert\u00e9s, malgr\u00e9 les tentatives de la junte de les r\u00e9duire au silence.<\/div>\n<div dir=\"auto\"><\/div>\n<div dir=\"auto\"><\/div>\n<div dir=\"auto\"><\/div>\n<div dir=\"auto\">Ledenonciateur224.com<\/div>\n","protected":false},"excerpt":{"rendered":"<p>Le pr\u00e9sident de l\u2019Union des Forces D\u00e9mocratiques de Guin\u00e9e (UFDG), Cellou Dalein Diallo, a exprim\u00e9 sa profonde indignation apr\u00e8s la condamnation du pr\u00e9sident du parti MODEL, Aliou Bah, \u00e0 deux ans de prison ferme par le Tribunal de Premi\u00e8re Instance de Kaloum. Dans un message post\u00e9 sur sa page Facebook le 7 janvier 2025, il [&hellip;]<\/p>\n","protected":false},"author":2,"featured_media":818,"comment_status":"open","ping_status":"open","sticky":false,"template":"","format":"standard","meta":{"_jetpack_memberships_contains_paid_content":false,"footnotes":"","jetpack_publicize_message":"","jetpack_publicize_feature_enabled":true,"jetpack_social_post_already_shared":false,"jetpack_social_options":{"image_generator_settings":{"template":"highway","default_image_id":0,"font":"","enabled":false},"version":2}},"categories":[30,24,27],"tags":[36,35,139,65],"class_list":{"0":"post-817","1":"post","2":"type-post","3":"status-publish","4":"format-standard","5":"has-post-thumbnail","7":"category-faits-divers","8":"category-news","9":"category-politique","10":"tag-conakry","11":"tag-guinee","12":"tag-model","13":"tag-ufdg"},"jetpack_publicize_connections":[],"jetpack_featured_media_url":"https:\/\/ledenonciateur224.com\/wp-content\/uploads\/2025\/01\/img-20241228-wa0094.jpg","jetpack_sharing_enabled":true,"_links":{"self":[{"href":"https:\/\/ledenonciateur224.com\/index.php\/wp-json\/wp\/v2\/posts\/817","targetHints":{"allow":["GET"]}}],"collection":[{"href":"https:\/\/ledenonciateur224.com\/index.php\/wp-json\/wp\/v2\/posts"}],"about":[{"href":"https:\/\/ledenonciateur224.com\/index.php\/wp-json\/wp\/v2\/types\/post"}],"author":[{"embeddable":true,"href":"https:\/\/ledenonciateur224.com\/index.php\/wp-json\/wp\/v2\/users\/2"}],"replies":[{"embeddable":true,"href":"https:\/\/ledenonciateur224.com\/index.php\/wp-json\/wp\/v2\/comments?post=817"}],"version-history":[{"count":0,"href":"https:\/\/ledenonciateur224.com\/index.php\/wp-json\/wp\/v2\/posts\/817\/revisions"}],"wp:featuredmedia":[{"embeddable":true,"href":"https:\/\/ledenonciateur224.com\/index.php\/wp-json\/wp\/v2\/media\/818"}],"wp:attachment":[{"href":"https:\/\/ledenonciateur224.com\/index.php\/wp-json\/wp\/v2\/media?parent=817"}],"wp:term":[{"taxonomy":"category","embeddable":true,"href":"https:\/\/ledenonciateur224.com\/index.php\/wp-json\/wp\/v2\/categories?post=817"},{"taxonomy":"post_tag","embeddable":true,"href":"https:\/\/ledenonciateur224.com\/index.php\/wp-json\/wp\/v2\/tags?post=817"}],"curies":[{"name":"wp","href":"https:\/\/api.w.org\/{rel}","templated":true}]}}