{"id":8403,"date":"2026-04-26T10:32:42","date_gmt":"2026-04-26T10:32:42","guid":{"rendered":"https:\/\/ledenonciateur224.com\/?p=8403"},"modified":"2026-04-26T10:32:42","modified_gmt":"2026-04-26T10:32:42","slug":"attentat-spectaculaire-a-kati-mali-le-ministre-de-la-defense-sadio-camara-tue-dans-une-explosion-devastatrice","status":"publish","type":"post","link":"https:\/\/ledenonciateur224.com\/index.php\/attentat-spectaculaire-a-kati-mali-le-ministre-de-la-defense-sadio-camara-tue-dans-une-explosion-devastatrice\/","title":{"rendered":"Attentat spectaculaire \u00e0 Kati, Mali : le ministre de la D\u00e9fense Sadio Camara tu\u00e9 dans une explosion d\u00e9vastatrice"},"content":{"rendered":"<p>Selon plusieurs sources s\u00e9curitaires concordantes, Sadio Camara aurait \u00e9t\u00e9 tu\u00e9 le 25 avril lors d\u2019une attaque d\u2019une rare intensit\u00e9 visant son domicile \u00e0 Kati, localit\u00e9 strat\u00e9gique situ\u00e9e \u00e0 proximit\u00e9 de Bamako.<br \/>\nL\u2019assaut est attribu\u00e9 au Groupe de soutien \u00e0 l\u2019islam et aux musulmans, une organisation jihadiste affili\u00e9e \u00e0 Al-Qa\u00efda, particuli\u00e8rement active dans la r\u00e9gion sah\u00e9lienne. D\u2019apr\u00e8s les premi\u00e8res informations, l\u2019attaque aurait \u00e9t\u00e9 men\u00e9e \u00e0 l\u2019aide d\u2019un v\u00e9hicule pi\u00e9g\u00e9 conduit par un kamikaze, qui a r\u00e9ussi \u00e0 atteindre la r\u00e9sidence du ministre avant de d\u00e9clencher une explosion d\u2019une puissance exceptionnelle.<br \/>\nLa d\u00e9flagration a totalement ras\u00e9 le b\u00e2timent, ne laissant que des d\u00e9combres, et provoqu\u00e9 un choc consid\u00e9rable tant au sein des forces arm\u00e9es maliennes que de la population. Cette op\u00e9ration, par sa pr\u00e9cision et son ampleur, marque une escalade notable dans les capacit\u00e9s d\u2019action du groupe arm\u00e9, qui d\u00e9montre ainsi sa facult\u00e9 \u00e0 frapper des cibles hautement s\u00e9curis\u00e9es au c\u0153ur m\u00eame des centres de pouvoir.<\/p>\n<p>\u00c0 ce stade, aucun bilan officiel d\u00e9taill\u00e9 n\u2019a \u00e9t\u00e9 communiqu\u00e9 concernant d\u2019\u00e9ventuelles autres victimes ou bless\u00e9s. Une enqu\u00eate aurait \u00e9t\u00e9 imm\u00e9diatement ouverte afin de d\u00e9terminer les circonstances exactes de cette attaque et les failles s\u00e9curitaires ayant permis une telle infiltration.<\/p>\n<p>&nbsp;<\/p>\n<p>Ledenonciateur224.com<\/p>\n","protected":false},"excerpt":{"rendered":"<p>Selon plusieurs sources s\u00e9curitaires concordantes, Sadio Camara aurait \u00e9t\u00e9 tu\u00e9 le 25 avril lors d\u2019une attaque d\u2019une rare intensit\u00e9 visant son domicile \u00e0 Kati, localit\u00e9 strat\u00e9gique situ\u00e9e \u00e0 proximit\u00e9 de Bamako. L\u2019assaut est attribu\u00e9 au Groupe de soutien \u00e0 l\u2019islam et aux musulmans, une organisation jihadiste affili\u00e9e \u00e0 Al-Qa\u00efda, particuli\u00e8rement active dans la r\u00e9gion sah\u00e9lienne. [&hellip;]<\/p>\n","protected":false},"author":2,"featured_media":8404,"comment_status":"closed","ping_status":"closed","sticky":false,"template":"","format":"standard","meta":{"_jetpack_memberships_contains_paid_content":false,"footnotes":"","jetpack_publicize_message":"","jetpack_publicize_feature_enabled":true,"jetpack_social_post_already_shared":true,"jetpack_social_options":{"image_generator_settings":{"template":"highway","default_image_id":0,"font":"","enabled":false},"version":2}},"categories":[38,24],"tags":[1658,1659],"class_list":{"0":"post-8403","1":"post","2":"type-post","3":"status-publish","4":"format-standard","5":"has-post-thumbnail","7":"category-international","8":"category-news","9":"tag-attaque-armee","10":"tag-mali"},"jetpack_publicize_connections":[],"jetpack_featured_media_url":"https:\/\/ledenonciateur224.com\/wp-content\/uploads\/2026\/04\/jad20260218-ass-mali-remaniement-ministeriel-sadiocamara.jpg","jetpack_sharing_enabled":true,"_links":{"self":[{"href":"https:\/\/ledenonciateur224.com\/index.php\/wp-json\/wp\/v2\/posts\/8403","targetHints":{"allow":["GET"]}}],"collection":[{"href":"https:\/\/ledenonciateur224.com\/index.php\/wp-json\/wp\/v2\/posts"}],"about":[{"href":"https:\/\/ledenonciateur224.com\/index.php\/wp-json\/wp\/v2\/types\/post"}],"author":[{"embeddable":true,"href":"https:\/\/ledenonciateur224.com\/index.php\/wp-json\/wp\/v2\/users\/2"}],"replies":[{"embeddable":true,"href":"https:\/\/ledenonciateur224.com\/index.php\/wp-json\/wp\/v2\/comments?post=8403"}],"version-history":[{"count":1,"href":"https:\/\/ledenonciateur224.com\/index.php\/wp-json\/wp\/v2\/posts\/8403\/revisions"}],"predecessor-version":[{"id":8405,"href":"https:\/\/ledenonciateur224.com\/index.php\/wp-json\/wp\/v2\/posts\/8403\/revisions\/8405"}],"wp:featuredmedia":[{"embeddable":true,"href":"https:\/\/ledenonciateur224.com\/index.php\/wp-json\/wp\/v2\/media\/8404"}],"wp:attachment":[{"href":"https:\/\/ledenonciateur224.com\/index.php\/wp-json\/wp\/v2\/media?parent=8403"}],"wp:term":[{"taxonomy":"category","embeddable":true,"href":"https:\/\/ledenonciateur224.com\/index.php\/wp-json\/wp\/v2\/categories?post=8403"},{"taxonomy":"post_tag","embeddable":true,"href":"https:\/\/ledenonciateur224.com\/index.php\/wp-json\/wp\/v2\/tags?post=8403"}],"curies":[{"name":"wp","href":"https:\/\/api.w.org\/{rel}","templated":true}]}}