{"id":8416,"date":"2026-04-28T08:12:02","date_gmt":"2026-04-28T08:12:02","guid":{"rendered":"https:\/\/ledenonciateur224.com\/?p=8416"},"modified":"2026-04-28T08:12:02","modified_gmt":"2026-04-28T08:12:02","slug":"calendrier-scolaire-2025-2026-en-guinee-des-dates-cles-reamenagees-pour-une-fin-dannee-decisive","status":"publish","type":"post","link":"https:\/\/ledenonciateur224.com\/index.php\/calendrier-scolaire-2025-2026-en-guinee-des-dates-cles-reamenagees-pour-une-fin-dannee-decisive\/","title":{"rendered":"Calendrier scolaire 2025-2026 en Guin\u00e9e : des dates cl\u00e9s r\u00e9am\u00e9nag\u00e9es pour une fin d\u2019ann\u00e9e d\u00e9cisive"},"content":{"rendered":"<p>Le minist\u00e8re de l\u2019\u00c9ducation nationale, de l\u2019Alphab\u00e9tisation, de l\u2019Enseignement technique et de la Formation professionnelle a proc\u00e9d\u00e9 \u00e0 un r\u00e9am\u00e9nagement significatif du calendrier scolaire 2025-2026, introduisant de nouvelles \u00e9ch\u00e9ances qui concernent l\u2019ensemble des acteurs du syst\u00e8me \u00e9ducatif guin\u00e9en.<br \/>\nFin des cours fix\u00e9e au 30 mai<br \/>\nSelon une d\u00e9cision sign\u00e9e par l\u2019Inspecteur g\u00e9n\u00e9ral de l\u2019\u00e9ducation, Morlaye Yattara, et rendue publique le lundi 27 avril, la fin des cours pour les \u00e9tablissements du pr\u00e9scolaire, du primaire et du secondaire est d\u00e9sormais fix\u00e9e au samedi 30 mai 2026 sur toute l\u2019\u00e9tendue du territoire national.<br \/>\nDans la continuit\u00e9, les compositions de fin d\u2019ann\u00e9e ainsi que les examens blancs se d\u00e9rouleront du 2 au 13 juin 2026. Cette p\u00e9riode sera d\u00e9terminante pour \u00e9valuer le niveau des \u00e9l\u00e8ves avant les grandes \u00e9ch\u00e9ances nationales.<br \/>\nExamens nationaux \u00e0 partir du 18 juin<br \/>\nLes principaux examens nationaux, notamment l\u2019Entr\u00e9e en 7e ann\u00e9e, le BEPC et le Baccalaur\u00e9at, sont programm\u00e9s du 18 juin au 3 juillet 2026. Ces \u00e9valuations marquent des \u00e9tapes cruciales dans le parcours acad\u00e9mique des \u00e9l\u00e8ves et conditionnent leur passage aux cycles sup\u00e9rieurs.<br \/>\nExamens techniques et professionnels : un calendrier d\u00e9taill\u00e9<br \/>\nLe minist\u00e8re a \u00e9galement pr\u00e9cis\u00e9 le d\u00e9roulement des examens pour l\u2019enseignement technique et professionnel :<br \/>\nLes \u00e9preuves pratiques des \u00c9coles normales d\u2019instituteurs (ENI) se tiendront du 4 au 13 mai 2026, ouvrant ainsi la s\u00e9rie des \u00e9valuations.<br \/>\nLes \u00e9preuves th\u00e9oriques des examens de sortie sont pr\u00e9vues du 15 au 20 juin 2026.<br \/>\nQuant aux \u00e9preuves pratiques des autres \u00e9coles, hors ENI, elles se d\u00e9rouleront du 22 au 27 juin 2026.<br \/>\nCe calendrier vise \u00e0 mieux organiser les diff\u00e9rentes fili\u00e8res et \u00e0 garantir une \u00e9valuation progressive et structur\u00e9e des apprenants.<br \/>\nConcours d\u2019entr\u00e9e dans les \u00e9tablissements techniques<br \/>\nS\u2019agissant de l\u2019acc\u00e8s aux \u00e9tablissements techniques et professionnels (ETP), les inscriptions en ligne au concours d\u2019entr\u00e9e seront ouvertes du 13 juillet au 29 ao\u00fbt 2026. Les \u00e9preuves, quant \u00e0 elles, auront lieu du 14 au 19 septembre 2026.<br \/>\nCe r\u00e9am\u00e9nagement du calendrier scolaire traduit une volont\u00e9 des autorit\u00e9s \u00e9ducatives de mieux encadrer la fin de l\u2019ann\u00e9e acad\u00e9mique, tout en assurant une transition fluide vers les examens et les concours. \u00c9l\u00e8ves, enseignants et parents sont ainsi appel\u00e9s \u00e0 s\u2019organiser en cons\u00e9quence pour aborder cette p\u00e9riode d\u00e9cisive dans les meilleures conditions.<\/p>\n<p>&nbsp;<\/p>\n<p>&nbsp;<\/p>\n<p>Ledenonciateur224.com<\/p>\n","protected":false},"excerpt":{"rendered":"<p>Le minist\u00e8re de l\u2019\u00c9ducation nationale, de l\u2019Alphab\u00e9tisation, de l\u2019Enseignement technique et de la Formation professionnelle a proc\u00e9d\u00e9 \u00e0 un r\u00e9am\u00e9nagement significatif du calendrier scolaire 2025-2026, introduisant de nouvelles \u00e9ch\u00e9ances qui concernent l\u2019ensemble des acteurs du syst\u00e8me \u00e9ducatif guin\u00e9en. Fin des cours fix\u00e9e au 30 mai Selon une d\u00e9cision sign\u00e9e par l\u2019Inspecteur g\u00e9n\u00e9ral de l\u2019\u00e9ducation, Morlaye [&hellip;]<\/p>\n","protected":false},"author":2,"featured_media":8417,"comment_status":"closed","ping_status":"closed","sticky":false,"template":"","format":"standard","meta":{"_jetpack_memberships_contains_paid_content":false,"footnotes":"","jetpack_publicize_message":"","jetpack_publicize_feature_enabled":true,"jetpack_social_post_already_shared":true,"jetpack_social_options":{"image_generator_settings":{"template":"highway","default_image_id":0,"font":"","enabled":false},"version":2}},"categories":[30,24],"tags":[1661,1103],"class_list":{"0":"post-8416","1":"post","2":"type-post","3":"status-publish","4":"format-standard","5":"has-post-thumbnail","7":"category-faits-divers","8":"category-news","9":"tag-calendrier-scolaire","10":"tag-scolaire"},"jetpack_publicize_connections":[],"jetpack_featured_media_url":"https:\/\/ledenonciateur224.com\/wp-content\/uploads\/2026\/04\/alpha-bacar-barryok.jpg","jetpack_sharing_enabled":true,"_links":{"self":[{"href":"https:\/\/ledenonciateur224.com\/index.php\/wp-json\/wp\/v2\/posts\/8416","targetHints":{"allow":["GET"]}}],"collection":[{"href":"https:\/\/ledenonciateur224.com\/index.php\/wp-json\/wp\/v2\/posts"}],"about":[{"href":"https:\/\/ledenonciateur224.com\/index.php\/wp-json\/wp\/v2\/types\/post"}],"author":[{"embeddable":true,"href":"https:\/\/ledenonciateur224.com\/index.php\/wp-json\/wp\/v2\/users\/2"}],"replies":[{"embeddable":true,"href":"https:\/\/ledenonciateur224.com\/index.php\/wp-json\/wp\/v2\/comments?post=8416"}],"version-history":[{"count":1,"href":"https:\/\/ledenonciateur224.com\/index.php\/wp-json\/wp\/v2\/posts\/8416\/revisions"}],"predecessor-version":[{"id":8418,"href":"https:\/\/ledenonciateur224.com\/index.php\/wp-json\/wp\/v2\/posts\/8416\/revisions\/8418"}],"wp:featuredmedia":[{"embeddable":true,"href":"https:\/\/ledenonciateur224.com\/index.php\/wp-json\/wp\/v2\/media\/8417"}],"wp:attachment":[{"href":"https:\/\/ledenonciateur224.com\/index.php\/wp-json\/wp\/v2\/media?parent=8416"}],"wp:term":[{"taxonomy":"category","embeddable":true,"href":"https:\/\/ledenonciateur224.com\/index.php\/wp-json\/wp\/v2\/categories?post=8416"},{"taxonomy":"post_tag","embeddable":true,"href":"https:\/\/ledenonciateur224.com\/index.php\/wp-json\/wp\/v2\/tags?post=8416"}],"curies":[{"name":"wp","href":"https:\/\/api.w.org\/{rel}","templated":true}]}}