{"id":8419,"date":"2026-04-28T11:56:31","date_gmt":"2026-04-28T11:56:31","guid":{"rendered":"https:\/\/ledenonciateur224.com\/?p=8419"},"modified":"2026-04-28T11:56:31","modified_gmt":"2026-04-28T11:56:31","slug":"un-journaliste-de-cavi-medias-detenu-plus-de-4-heures-au-violon-par-la-gendarmerie-eco-18-a-cosa","status":"publish","type":"post","link":"https:\/\/ledenonciateur224.com\/index.php\/un-journaliste-de-cavi-medias-detenu-plus-de-4-heures-au-violon-par-la-gendarmerie-eco-18-a-cosa\/","title":{"rendered":"Un journaliste de CAVI M\u00e9dias d\u00e9tenu plus de 4 heures au violon par la gendarmerie ECO 18 \u00e0 Cosa"},"content":{"rendered":"<p>C\u2019est un fait in\u00e9dit qui suscite d\u00e9j\u00e0 de nombreuses r\u00e9actions dans le milieu des m\u00e9dias. Ce mardi 28 avril 2026, le journaliste de CAVI M\u00e9dias, Yamoussa Cheick Camara, a \u00e9t\u00e9 interpell\u00e9 tr\u00e8s t\u00f4t dans la matin\u00e9e au quartier Cosa avant d\u2019\u00eatre plac\u00e9 au violon \u00e0 la gendarmerie ECO 18 situ\u00e9e dans la m\u00eame localit\u00e9. Il a pass\u00e9 plus de quatre heures en d\u00e9tention avant d\u2019\u00eatre lib\u00e9r\u00e9 \u00e0 la suite de d\u00e9marches entreprises par sa hi\u00e9rarchie.<br \/>\nDans une d\u00e9claration faite apr\u00e8s sa lib\u00e9ration, le journaliste est revenu en d\u00e9tail sur les circonstances de son interpellation :<br \/>\n&lt;&lt; Je vous informe de mon arrestation survenue ce matin, une arrestation que je consid\u00e8re comme injuste, effectu\u00e9e par des agents de la gendarmerie ECO 18 situ\u00e9e \u00e0 Koza.<br \/>\nVoici les faits : je me suis r\u00e9veill\u00e9 t\u00f4t ce matin suite \u00e0 une op\u00e9ration de perquisition men\u00e9e par des agents de cette gendarmerie dans mon quartier, dans le cadre d\u2019un conflit domanial opposant des citoyens, notamment une famille de mon voisinage, la famille Soumah.<br \/>\nAux environs de 5 heures du matin, entendant des bruits, j\u2019ai d\u00e9cid\u00e9 de sortir pour voir ce qui se passait. J\u2019ai ouvert ma porte et je suis rest\u00e9 devant mon domicile pour observer la sc\u00e8ne, sans filmer ni prendre de photos. En tant que citoyen, je regardais simplement ce qui se d\u00e9roulait.<br \/>\nDes agents \u00e9taient arriv\u00e9s avec plusieurs pick-up et proc\u00e9daient au d\u00e9guerpissement de cette famille.<br \/>\nSoudain, un agent s\u2019est approch\u00e9 de moi et m\u2019a demand\u00e9 si j\u2019\u00e9tais avec eux. J\u2019ai r\u00e9pondu que non. Il m\u2019a ensuite demand\u00e9 ce que je faisais sur les lieux. Je lui ai expliqu\u00e9 que je me tenais simplement devant ma maison.<br \/>\nPeu apr\u00e8s, sur ordre du chef de mission, il a \u00e9t\u00e9 d\u00e9cid\u00e9 de m\u2019embarquer. Je me suis pr\u00e9sent\u00e9 comme journaliste et j\u2019ai montr\u00e9 mon badge, mais cela n\u2019a rien chang\u00e9. On m\u2019a r\u00e9pondu que cela n\u2019avait aucune importance, et j\u2019ai \u00e9t\u00e9 embarqu\u00e9 de force dans une Jeep.<br \/>\nArriv\u00e9 \u00e0 la gendarmerie, j\u2019ai de nouveau expliqu\u00e9 aux agents que j\u2019\u00e9tais journaliste et que je n\u2019\u00e9tais impliqu\u00e9 dans aucune affaire. Personne n\u2019a voulu m\u2019\u00e9couter.<br \/>\nLorsque j\u2019ai tent\u00e9 d\u2019informer ma hi\u00e9rarchie en appelant mon directeur de l\u2019information, Abdallah Camara, un agent m\u2019a arrach\u00e9 mon t\u00e9l\u00e9phone de force.<br \/>\nLe chef de mission a alors ordonn\u00e9 mon placement au violon. J\u2019y suis rest\u00e9 environ une heure avant d\u2019\u00eatre transf\u00e9r\u00e9 \u00e0 l\u2019escadron mobile num\u00e9ro 4 de Matoto.<br \/>\nL\u00e0-bas, le chef de poste a signal\u00e9 ma situation apr\u00e8s que je lui ai expliqu\u00e9 \u00eatre journaliste. Il a ensuite inform\u00e9 le commandant de l\u2019escadron, le colonel Sayo, qui a ordonn\u00e9 mon audition.<br \/>\nDurant cette audition, on m\u2019a interrog\u00e9 sur d\u2019\u00e9ventuelles photos ou vid\u00e9os. J\u2019ai r\u00e9p\u00e9t\u00e9 que je n\u2019avais rien film\u00e9 ni photographi\u00e9 et que j\u2019\u00e9tais simplement sorti en tant que citoyen, r\u00e9veill\u00e9 par le bruit.<br \/>\nMalgr\u00e9 mes explications, j\u2019ai \u00e9t\u00e9 maintenu en d\u00e9tention au violon pendant plus de quatre heures au total, sans base l\u00e9gale claire.<br \/>\nCe n\u2019est qu\u2019apr\u00e8s intervention de ma hi\u00e9rarchie et de mes responsables, notamment mon directeur g\u00e9n\u00e9ral M. Aboubacar Kamara, pr\u00e9sident de l\u2019URTELGUI, que j\u2019ai finalement \u00e9t\u00e9 lib\u00e9r\u00e9.<br \/>\nJe d\u00e9nonce fermement cette attitude que je juge inacceptable. D\u00e8s que je me suis pr\u00e9sent\u00e9 comme journaliste, j\u2019ai eu l\u2019impression que cela a jou\u00e9 en ma d\u00e9faveur, comme si j\u2019\u00e9tais automatiquement suspect de filmer ou d\u2019enqu\u00eater.<br \/>\nJe rappelle que je n\u2019ai pris ni photos ni vid\u00e9os. J\u2019\u00e9tais simplement sorti pour constater ce qui se passait dans mon propre quartier.<br \/>\nCette situation aurait pu arriver \u00e0 n\u2019importe quel citoyen. Il est important que les forces de l\u2019ordre respectent les droits fondamentaux des citoyens. Rien n\u2019interdit \u00e0 un citoyen d\u2019observer une sc\u00e8ne publique, surtout lorsqu\u2019elle se d\u00e9roule devant son domicile. &gt;&gt;<\/p>\n<p>Le responsable de la Communication du haut commandement de la Gendarmerie nationale que nous avons contact\u00e9 dit n&rsquo;est pas \u00eatre au courant de cet \u00e9tat de fait.<\/p>\n<p>&nbsp;<\/p>\n<p>&nbsp;<\/p>\n<p>Aboubacar Moussa Camara<\/p>\n","protected":false},"excerpt":{"rendered":"<p>C\u2019est un fait in\u00e9dit qui suscite d\u00e9j\u00e0 de nombreuses r\u00e9actions dans le milieu des m\u00e9dias. Ce mardi 28 avril 2026, le journaliste de CAVI M\u00e9dias, Yamoussa Cheick Camara, a \u00e9t\u00e9 interpell\u00e9 tr\u00e8s t\u00f4t dans la matin\u00e9e au quartier Cosa avant d\u2019\u00eatre plac\u00e9 au violon \u00e0 la gendarmerie ECO 18 situ\u00e9e dans la m\u00eame localit\u00e9. Il [&hellip;]<\/p>\n","protected":false},"author":2,"featured_media":8420,"comment_status":"closed","ping_status":"closed","sticky":false,"template":"","format":"standard","meta":{"_jetpack_memberships_contains_paid_content":false,"footnotes":"","jetpack_publicize_message":"","jetpack_publicize_feature_enabled":true,"jetpack_social_post_already_shared":true,"jetpack_social_options":{"image_generator_settings":{"template":"highway","default_image_id":0,"font":"","enabled":false},"version":2}},"categories":[30,24],"tags":[1315,40],"class_list":{"0":"post-8419","1":"post","2":"type-post","3":"status-publish","4":"format-standard","5":"has-post-thumbnail","7":"category-faits-divers","8":"category-news","9":"tag-gendarmerie","10":"tag-journaliste"},"jetpack_publicize_connections":[],"jetpack_featured_media_url":"https:\/\/ledenonciateur224.com\/wp-content\/uploads\/2026\/04\/img-20260428-wa0016.jpg","jetpack_sharing_enabled":true,"_links":{"self":[{"href":"https:\/\/ledenonciateur224.com\/index.php\/wp-json\/wp\/v2\/posts\/8419","targetHints":{"allow":["GET"]}}],"collection":[{"href":"https:\/\/ledenonciateur224.com\/index.php\/wp-json\/wp\/v2\/posts"}],"about":[{"href":"https:\/\/ledenonciateur224.com\/index.php\/wp-json\/wp\/v2\/types\/post"}],"author":[{"embeddable":true,"href":"https:\/\/ledenonciateur224.com\/index.php\/wp-json\/wp\/v2\/users\/2"}],"replies":[{"embeddable":true,"href":"https:\/\/ledenonciateur224.com\/index.php\/wp-json\/wp\/v2\/comments?post=8419"}],"version-history":[{"count":1,"href":"https:\/\/ledenonciateur224.com\/index.php\/wp-json\/wp\/v2\/posts\/8419\/revisions"}],"predecessor-version":[{"id":8421,"href":"https:\/\/ledenonciateur224.com\/index.php\/wp-json\/wp\/v2\/posts\/8419\/revisions\/8421"}],"wp:featuredmedia":[{"embeddable":true,"href":"https:\/\/ledenonciateur224.com\/index.php\/wp-json\/wp\/v2\/media\/8420"}],"wp:attachment":[{"href":"https:\/\/ledenonciateur224.com\/index.php\/wp-json\/wp\/v2\/media?parent=8419"}],"wp:term":[{"taxonomy":"category","embeddable":true,"href":"https:\/\/ledenonciateur224.com\/index.php\/wp-json\/wp\/v2\/categories?post=8419"},{"taxonomy":"post_tag","embeddable":true,"href":"https:\/\/ledenonciateur224.com\/index.php\/wp-json\/wp\/v2\/tags?post=8419"}],"curies":[{"name":"wp","href":"https:\/\/api.w.org\/{rel}","templated":true}]}}