{"id":842,"date":"2025-01-09T18:38:43","date_gmt":"2025-01-09T18:38:43","guid":{"rendered":"https:\/\/ledenonciateur224.com\/?p=842"},"modified":"2025-01-09T18:38:43","modified_gmt":"2025-01-09T18:38:43","slug":"cote-divoire-alassane-ouattara-envisage-un-4eme-mandat-presidentiel","status":"publish","type":"post","link":"https:\/\/ledenonciateur224.com\/index.php\/cote-divoire-alassane-ouattara-envisage-un-4eme-mandat-presidentiel\/","title":{"rendered":"C\u00f4te d&rsquo;Ivoire : Alassane Ouattara envisage un 4\u00e8me mandat pr\u00e9sidentiel"},"content":{"rendered":"<div dir=\"auto\">Depuis 2011, Alassane Ouattara est \u00e0 la t\u00eate de la C\u00f4te d&rsquo;Ivoire. Son troisi\u00e8me mandat touche bient\u00f4t \u00e0 sa fin, avec une \u00e9lection pr\u00e9sidentielle pr\u00e9vue pour octobre 2025 afin d&rsquo;\u00e9lire son successeur. Toutefois, des indices laissent penser que l&rsquo;actuel pr\u00e9sident pourrait se porter candidat \u00e0 sa propre succession. Selon ses propos, il se sent en pleine forme et est d\u00e9termin\u00e9 \u00e0 poursuivre son engagement au service du pays, ouvrant ainsi la voie \u00e0 un possible 4\u00e8me mandat.<\/div>\n<div dir=\"auto\"><\/div>\n<div dir=\"auto\"><\/div>\n<div dir=\"auto\"><\/div>\n<div dir=\"auto\">Lors d&rsquo;une c\u00e9r\u00e9monie d&rsquo;\u00e9changes de v\u0153ux du Nouvel An, tenue le 9 janvier 2025 avec les corps diplomatiques accr\u00e9dit\u00e9s en C\u00f4te d&rsquo;Ivoire, le pr\u00e9sident a pr\u00e9cis\u00e9 : \u00ab \u00c0 ce jour, je n\u2019ai pas encore pris de d\u00e9cision [concernant une candidature]. Mais, je peux vous assurer que je suis en pleine forme et d\u00e9sireux de continuer de servir mon pays. \u00bb<\/div>\n<div dir=\"auto\"><\/div>\n<div dir=\"auto\"><\/div>\n<div dir=\"auto\"><\/div>\n<div dir=\"auto\">Le pr\u00e9sident Ouattara a \u00e9galement soulign\u00e9 son engagement \u00e0 garantir des \u00e9lections \u00ab pacifiques, d\u00e9mocratiques et transparentes \u00bb en 2025. Par ailleurs, il a rappel\u00e9 que son parti, le RHDP (Rassemblement des houphou\u00ebtistes pour la d\u00e9mocratie et la paix), compte une dizaine de cadres qualifi\u00e9s, susceptibles de briguer la pr\u00e9sidence.<\/div>\n<div dir=\"auto\"><\/div>\n<div dir=\"auto\"><\/div>\n<div dir=\"auto\"><\/div>\n<div dir=\"auto\"><\/div>\n<div dir=\"auto\">Ledenonciateur224.com<\/div>\n<div dir=\"auto\"><\/div>\n","protected":false},"excerpt":{"rendered":"<p>Depuis 2011, Alassane Ouattara est \u00e0 la t\u00eate de la C\u00f4te d&rsquo;Ivoire. Son troisi\u00e8me mandat touche bient\u00f4t \u00e0 sa fin, avec une \u00e9lection pr\u00e9sidentielle pr\u00e9vue pour octobre 2025 afin d&rsquo;\u00e9lire son successeur. Toutefois, des indices laissent penser que l&rsquo;actuel pr\u00e9sident pourrait se porter candidat \u00e0 sa propre succession. Selon ses propos, il se sent en [&hellip;]<\/p>\n","protected":false},"author":2,"featured_media":843,"comment_status":"open","ping_status":"open","sticky":false,"template":"","format":"standard","meta":{"_jetpack_memberships_contains_paid_content":false,"footnotes":"","jetpack_publicize_message":"","jetpack_publicize_feature_enabled":true,"jetpack_social_post_already_shared":false,"jetpack_social_options":{"image_generator_settings":{"template":"highway","default_image_id":0,"font":"","enabled":false},"version":2}},"categories":[38,24,27],"tags":[188,187,189],"class_list":{"0":"post-842","1":"post","2":"type-post","3":"status-publish","4":"format-standard","5":"has-post-thumbnail","7":"category-international","8":"category-news","9":"category-politique","10":"tag-alhassane-ouattara","11":"tag-cote-divoire","12":"tag-election-presidentielle"},"jetpack_publicize_connections":[],"jetpack_featured_media_url":"https:\/\/ledenonciateur224.com\/wp-content\/uploads\/2025\/01\/president-alassane-ouattara-in-washington-2017-38244569701-cropped.jpg","jetpack_sharing_enabled":true,"_links":{"self":[{"href":"https:\/\/ledenonciateur224.com\/index.php\/wp-json\/wp\/v2\/posts\/842","targetHints":{"allow":["GET"]}}],"collection":[{"href":"https:\/\/ledenonciateur224.com\/index.php\/wp-json\/wp\/v2\/posts"}],"about":[{"href":"https:\/\/ledenonciateur224.com\/index.php\/wp-json\/wp\/v2\/types\/post"}],"author":[{"embeddable":true,"href":"https:\/\/ledenonciateur224.com\/index.php\/wp-json\/wp\/v2\/users\/2"}],"replies":[{"embeddable":true,"href":"https:\/\/ledenonciateur224.com\/index.php\/wp-json\/wp\/v2\/comments?post=842"}],"version-history":[{"count":0,"href":"https:\/\/ledenonciateur224.com\/index.php\/wp-json\/wp\/v2\/posts\/842\/revisions"}],"wp:featuredmedia":[{"embeddable":true,"href":"https:\/\/ledenonciateur224.com\/index.php\/wp-json\/wp\/v2\/media\/843"}],"wp:attachment":[{"href":"https:\/\/ledenonciateur224.com\/index.php\/wp-json\/wp\/v2\/media?parent=842"}],"wp:term":[{"taxonomy":"category","embeddable":true,"href":"https:\/\/ledenonciateur224.com\/index.php\/wp-json\/wp\/v2\/categories?post=842"},{"taxonomy":"post_tag","embeddable":true,"href":"https:\/\/ledenonciateur224.com\/index.php\/wp-json\/wp\/v2\/tags?post=842"}],"curies":[{"name":"wp","href":"https:\/\/api.w.org\/{rel}","templated":true}]}}