{"id":8422,"date":"2026-04-28T17:06:32","date_gmt":"2026-04-28T17:06:32","guid":{"rendered":"https:\/\/ledenonciateur224.com\/?p=8422"},"modified":"2026-04-28T17:06:32","modified_gmt":"2026-04-28T17:06:32","slug":"guinee-tunisie-un-partenariat-strategique-qui-propulse-lafrique-vers-une-industrialisation","status":"publish","type":"post","link":"https:\/\/ledenonciateur224.com\/index.php\/guinee-tunisie-un-partenariat-strategique-qui-propulse-lafrique-vers-une-industrialisation\/","title":{"rendered":"Guin\u00e9e\u2013Tunisie : un partenariat strat\u00e9gique qui propulse l\u2019Afrique vers une industrialisation"},"content":{"rendered":"<div dir=\"auto\">\u00c0 l\u2019occasion de FITA 2026, la Guin\u00e9e et la Tunisie franchissent une \u00e9tape d\u00e9cisive dans le renforcement de leur coop\u00e9ration \u00e9conomique et industrielle, illustrant une convergence d\u2019ambitions en faveur d\u2019une transformation durable et comp\u00e9titive de leurs \u00e9conomies.<\/div>\n<div dir=\"auto\"><\/div>\n<div dir=\"auto\"><img loading=\"lazy\" decoding=\"async\" class=\"alignnone size-full wp-image-8423\" src=\"https:\/\/ledenonciateur224.com\/wp-content\/uploads\/2026\/04\/img-20260428-wa0058.jpg\" alt=\"\" width=\"1080\" height=\"720\" srcset=\"https:\/\/ledenonciateur224.com\/wp-content\/uploads\/2026\/04\/img-20260428-wa0058.jpg 1080w, https:\/\/ledenonciateur224.com\/wp-content\/uploads\/2026\/04\/img-20260428-wa0058-300x200.jpg 300w, https:\/\/ledenonciateur224.com\/wp-content\/uploads\/2026\/04\/img-20260428-wa0058-1024x683.jpg 1024w, https:\/\/ledenonciateur224.com\/wp-content\/uploads\/2026\/04\/img-20260428-wa0058-768x512.jpg 768w, https:\/\/ledenonciateur224.com\/wp-content\/uploads\/2026\/04\/img-20260428-wa0058-150x100.jpg 150w, https:\/\/ledenonciateur224.com\/wp-content\/uploads\/2026\/04\/img-20260428-wa0058-696x464.jpg 696w, https:\/\/ledenonciateur224.com\/wp-content\/uploads\/2026\/04\/img-20260428-wa0058-1068x712.jpg 1068w, https:\/\/ledenonciateur224.com\/wp-content\/uploads\/2026\/04\/img-20260428-wa0058-630x420.jpg 630w\" sizes=\"auto, (max-width: 1080px) 100vw, 1080px\" \/><\/div>\n<div dir=\"auto\">Conduite par Fatima Camara, la d\u00e9l\u00e9gation guin\u00e9enne a activement pris part aux travaux du forum, o\u00f9 la Guin\u00e9e, pays d\u2019honneur, a affirm\u00e9 sa volont\u00e9 de jouer un r\u00f4le moteur dans la dynamique d\u2019industrialisation du continent africain. Lors de son intervention en qualit\u00e9 de paneliste, Madame la Ministre a port\u00e9 une vision claire : celle d\u2019une Afrique plus int\u00e9gr\u00e9e, plus attractive et r\u00e9solument tourn\u00e9e vers la cr\u00e9ation de valeur locale.<\/div>\n<div dir=\"auto\"><img loading=\"lazy\" decoding=\"async\" class=\"alignnone size-full wp-image-8424\" src=\"https:\/\/ledenonciateur224.com\/wp-content\/uploads\/2026\/04\/img-20260428-wa0060.jpg\" alt=\"\" width=\"1080\" height=\"720\" srcset=\"https:\/\/ledenonciateur224.com\/wp-content\/uploads\/2026\/04\/img-20260428-wa0060.jpg 1080w, https:\/\/ledenonciateur224.com\/wp-content\/uploads\/2026\/04\/img-20260428-wa0060-300x200.jpg 300w, https:\/\/ledenonciateur224.com\/wp-content\/uploads\/2026\/04\/img-20260428-wa0060-1024x683.jpg 1024w, https:\/\/ledenonciateur224.com\/wp-content\/uploads\/2026\/04\/img-20260428-wa0060-768x512.jpg 768w, https:\/\/ledenonciateur224.com\/wp-content\/uploads\/2026\/04\/img-20260428-wa0060-150x100.jpg 150w, https:\/\/ledenonciateur224.com\/wp-content\/uploads\/2026\/04\/img-20260428-wa0060-696x464.jpg 696w, https:\/\/ledenonciateur224.com\/wp-content\/uploads\/2026\/04\/img-20260428-wa0060-1068x712.jpg 1068w, https:\/\/ledenonciateur224.com\/wp-content\/uploads\/2026\/04\/img-20260428-wa0060-630x420.jpg 630w\" sizes=\"auto, (max-width: 1080px) 100vw, 1080px\" \/><\/div>\n<div dir=\"auto\"><\/div>\n<div dir=\"auto\">En marge du forum, plusieurs rencontres strat\u00e9giques de haut niveau ont permis de consolider les bases d\u2019un partenariat bilat\u00e9ral renforc\u00e9 entre la Guin\u00e9e et la Tunisie. Re\u00e7ue par son homologue tunisienne en charge de l\u2019Industrie, de l\u2019\u00c9nergie et des Mines, la d\u00e9l\u00e9gation guin\u00e9enne a engag\u00e9 des \u00e9changes approfondis sur les perspectives de coop\u00e9ration dans des secteurs cl\u00e9s, notamment l\u2019industrie, le commerce ext\u00e9rieur, la normalisation et la formation.<\/div>\n<div dir=\"auto\"><img loading=\"lazy\" decoding=\"async\" class=\"alignnone size-full wp-image-8425\" src=\"https:\/\/ledenonciateur224.com\/wp-content\/uploads\/2026\/04\/img-20260428-wa0050.jpg\" alt=\"\" width=\"1080\" height=\"720\" srcset=\"https:\/\/ledenonciateur224.com\/wp-content\/uploads\/2026\/04\/img-20260428-wa0050.jpg 1080w, https:\/\/ledenonciateur224.com\/wp-content\/uploads\/2026\/04\/img-20260428-wa0050-300x200.jpg 300w, https:\/\/ledenonciateur224.com\/wp-content\/uploads\/2026\/04\/img-20260428-wa0050-1024x683.jpg 1024w, https:\/\/ledenonciateur224.com\/wp-content\/uploads\/2026\/04\/img-20260428-wa0050-768x512.jpg 768w, https:\/\/ledenonciateur224.com\/wp-content\/uploads\/2026\/04\/img-20260428-wa0050-150x100.jpg 150w, https:\/\/ledenonciateur224.com\/wp-content\/uploads\/2026\/04\/img-20260428-wa0050-696x464.jpg 696w, https:\/\/ledenonciateur224.com\/wp-content\/uploads\/2026\/04\/img-20260428-wa0050-1068x712.jpg 1068w, https:\/\/ledenonciateur224.com\/wp-content\/uploads\/2026\/04\/img-20260428-wa0050-630x420.jpg 630w\" sizes=\"auto, (max-width: 1080px) 100vw, 1080px\" \/><\/div>\n<div dir=\"auto\"><\/div>\n<div dir=\"auto\">Dans cette dynamique, une rencontre B2B entre la Tunisian Automotive Association (TAA) et les repr\u00e9sentants guin\u00e9ens a mis en lumi\u00e8re le potentiel d\u2019un partenariat structurant dans l\u2019industrie automobile. La partie tunisienne a pr\u00e9sent\u00e9 un \u00e9cosyst\u00e8me reconnu pour sa comp\u00e9titivit\u00e9, son savoir-faire technique et son orientation export, tandis que la Guin\u00e9e a r\u00e9affirm\u00e9 son ambition de d\u00e9velopper une industrie locale forte, fond\u00e9e sur le transfert de comp\u00e9tences, l\u2019innovation et l\u2019attractivit\u00e9 des investissements.<\/div>\n<div dir=\"auto\"><\/div>\n<div dir=\"auto\">Par ailleurs, les \u00e9changes avec les autorit\u00e9s tunisiennes en charge du commerce et du d\u00e9veloppement des exportations ont permis d\u2019identifier des opportunit\u00e9s concr\u00e8tes visant \u00e0 intensifier les flux commerciaux, valoriser la compl\u00e9mentarit\u00e9 des deux \u00e9conomies et encourager les partenariats entre op\u00e9rateurs priv\u00e9s. Les discussions ont \u00e9galement abouti \u00e0 la volont\u00e9 commune de relancer la commission mixte bilat\u00e9rale et de mettre en place des m\u00e9canismes de coop\u00e9ration plus op\u00e9rationnels, orient\u00e9s vers des r\u00e9sultats tangibles.<\/div>\n<div dir=\"auto\"><img loading=\"lazy\" decoding=\"async\" class=\"alignnone size-full wp-image-8426\" src=\"https:\/\/ledenonciateur224.com\/wp-content\/uploads\/2026\/04\/img-20260428-wa0035.jpg\" alt=\"\" width=\"1080\" height=\"720\" srcset=\"https:\/\/ledenonciateur224.com\/wp-content\/uploads\/2026\/04\/img-20260428-wa0035.jpg 1080w, https:\/\/ledenonciateur224.com\/wp-content\/uploads\/2026\/04\/img-20260428-wa0035-300x200.jpg 300w, https:\/\/ledenonciateur224.com\/wp-content\/uploads\/2026\/04\/img-20260428-wa0035-1024x683.jpg 1024w, https:\/\/ledenonciateur224.com\/wp-content\/uploads\/2026\/04\/img-20260428-wa0035-768x512.jpg 768w, https:\/\/ledenonciateur224.com\/wp-content\/uploads\/2026\/04\/img-20260428-wa0035-150x100.jpg 150w, https:\/\/ledenonciateur224.com\/wp-content\/uploads\/2026\/04\/img-20260428-wa0035-696x464.jpg 696w, https:\/\/ledenonciateur224.com\/wp-content\/uploads\/2026\/04\/img-20260428-wa0035-1068x712.jpg 1068w, https:\/\/ledenonciateur224.com\/wp-content\/uploads\/2026\/04\/img-20260428-wa0035-630x420.jpg 630w\" sizes=\"auto, (max-width: 1080px) 100vw, 1080px\" \/><\/div>\n<div dir=\"auto\"><\/div>\n<div dir=\"auto\">Cette dynamique s\u2019inscrit pleinement dans la vision strat\u00e9gique port\u00e9e par le Pr\u00e9sident de la R\u00e9publique, Mamadi Doumbouya, visant \u00e0 acc\u00e9l\u00e9rer la transformation structurelle de l\u2019\u00e9conomie guin\u00e9enne \u00e0 travers des projets structurants, notamment le programme Simandou 2040. Ce dernier constitue un levier majeur pour le d\u00e9veloppement industriel, la cr\u00e9ation d\u2019emplois et la valorisation locale des ressources nationales.<\/div>\n<div dir=\"auto\"><img loading=\"lazy\" decoding=\"async\" class=\"alignnone size-full wp-image-8427\" src=\"https:\/\/ledenonciateur224.com\/wp-content\/uploads\/2026\/04\/img-20260428-wa0027.jpg\" alt=\"\" width=\"1080\" height=\"720\" srcset=\"https:\/\/ledenonciateur224.com\/wp-content\/uploads\/2026\/04\/img-20260428-wa0027.jpg 1080w, https:\/\/ledenonciateur224.com\/wp-content\/uploads\/2026\/04\/img-20260428-wa0027-300x200.jpg 300w, https:\/\/ledenonciateur224.com\/wp-content\/uploads\/2026\/04\/img-20260428-wa0027-1024x683.jpg 1024w, https:\/\/ledenonciateur224.com\/wp-content\/uploads\/2026\/04\/img-20260428-wa0027-768x512.jpg 768w, https:\/\/ledenonciateur224.com\/wp-content\/uploads\/2026\/04\/img-20260428-wa0027-150x100.jpg 150w, https:\/\/ledenonciateur224.com\/wp-content\/uploads\/2026\/04\/img-20260428-wa0027-696x464.jpg 696w, https:\/\/ledenonciateur224.com\/wp-content\/uploads\/2026\/04\/img-20260428-wa0027-1068x712.jpg 1068w, https:\/\/ledenonciateur224.com\/wp-content\/uploads\/2026\/04\/img-20260428-wa0027-630x420.jpg 630w\" sizes=\"auto, (max-width: 1080px) 100vw, 1080px\" \/><\/div>\n<div dir=\"auto\"><\/div>\n<div dir=\"auto\">\u00c0 travers cette participation active \u00e0 FITA 2026 et les multiples rencontres engag\u00e9es, la Guin\u00e9e confirme son positionnement strat\u00e9gique sur l\u2019\u00e9chiquier \u00e9conomique africain et r\u00e9affirme son engagement \u00e0 b\u00e2tir des partenariats solides, durables et mutuellement b\u00e9n\u00e9fiques, au service d\u2019une croissance inclusive et souveraine.<\/div>\n<div dir=\"auto\"><\/div>\n<div dir=\"auto\"><\/div>\n<div dir=\"auto\"><img loading=\"lazy\" decoding=\"async\" class=\"alignnone size-full wp-image-8428\" src=\"https:\/\/ledenonciateur224.com\/wp-content\/uploads\/2026\/04\/img-20260428-wa0025.jpg\" alt=\"\" width=\"1080\" height=\"720\" srcset=\"https:\/\/ledenonciateur224.com\/wp-content\/uploads\/2026\/04\/img-20260428-wa0025.jpg 1080w, https:\/\/ledenonciateur224.com\/wp-content\/uploads\/2026\/04\/img-20260428-wa0025-300x200.jpg 300w, https:\/\/ledenonciateur224.com\/wp-content\/uploads\/2026\/04\/img-20260428-wa0025-1024x683.jpg 1024w, https:\/\/ledenonciateur224.com\/wp-content\/uploads\/2026\/04\/img-20260428-wa0025-768x512.jpg 768w, https:\/\/ledenonciateur224.com\/wp-content\/uploads\/2026\/04\/img-20260428-wa0025-150x100.jpg 150w, https:\/\/ledenonciateur224.com\/wp-content\/uploads\/2026\/04\/img-20260428-wa0025-696x464.jpg 696w, https:\/\/ledenonciateur224.com\/wp-content\/uploads\/2026\/04\/img-20260428-wa0025-1068x712.jpg 1068w, https:\/\/ledenonciateur224.com\/wp-content\/uploads\/2026\/04\/img-20260428-wa0025-630x420.jpg 630w\" sizes=\"auto, (max-width: 1080px) 100vw, 1080px\" \/><\/div>\n<div dir=\"auto\"><\/div>\n<div dir=\"auto\">Service Communication<\/div>\n","protected":false},"excerpt":{"rendered":"<p>\u00c0 l\u2019occasion de FITA 2026, la Guin\u00e9e et la Tunisie franchissent une \u00e9tape d\u00e9cisive dans le renforcement de leur coop\u00e9ration \u00e9conomique et industrielle, illustrant une convergence d\u2019ambitions en faveur d\u2019une transformation durable et comp\u00e9titive de leurs \u00e9conomies. Conduite par Fatima Camara, la d\u00e9l\u00e9gation guin\u00e9enne a activement pris part aux travaux du forum, o\u00f9 la Guin\u00e9e, [&hellip;]<\/p>\n","protected":false},"author":2,"featured_media":8425,"comment_status":"closed","ping_status":"closed","sticky":false,"template":"","format":"standard","meta":{"_jetpack_memberships_contains_paid_content":false,"footnotes":"","jetpack_publicize_message":"","jetpack_publicize_feature_enabled":true,"jetpack_social_post_already_shared":true,"jetpack_social_options":{"image_generator_settings":{"template":"highway","default_image_id":0,"font":"","enabled":false},"version":2}},"categories":[29,24],"tags":[1411,1662,360],"class_list":{"0":"post-8422","1":"post","2":"type-post","3":"status-publish","4":"format-standard","5":"has-post-thumbnail","7":"category-economie","8":"category-news","9":"tag-fatima-camara","10":"tag-tunisie","11":"tag-cooperation"},"jetpack_publicize_connections":[],"jetpack_featured_media_url":"https:\/\/ledenonciateur224.com\/wp-content\/uploads\/2026\/04\/img-20260428-wa0050.jpg","jetpack_sharing_enabled":true,"_links":{"self":[{"href":"https:\/\/ledenonciateur224.com\/index.php\/wp-json\/wp\/v2\/posts\/8422","targetHints":{"allow":["GET"]}}],"collection":[{"href":"https:\/\/ledenonciateur224.com\/index.php\/wp-json\/wp\/v2\/posts"}],"about":[{"href":"https:\/\/ledenonciateur224.com\/index.php\/wp-json\/wp\/v2\/types\/post"}],"author":[{"embeddable":true,"href":"https:\/\/ledenonciateur224.com\/index.php\/wp-json\/wp\/v2\/users\/2"}],"replies":[{"embeddable":true,"href":"https:\/\/ledenonciateur224.com\/index.php\/wp-json\/wp\/v2\/comments?post=8422"}],"version-history":[{"count":1,"href":"https:\/\/ledenonciateur224.com\/index.php\/wp-json\/wp\/v2\/posts\/8422\/revisions"}],"predecessor-version":[{"id":8429,"href":"https:\/\/ledenonciateur224.com\/index.php\/wp-json\/wp\/v2\/posts\/8422\/revisions\/8429"}],"wp:featuredmedia":[{"embeddable":true,"href":"https:\/\/ledenonciateur224.com\/index.php\/wp-json\/wp\/v2\/media\/8425"}],"wp:attachment":[{"href":"https:\/\/ledenonciateur224.com\/index.php\/wp-json\/wp\/v2\/media?parent=8422"}],"wp:term":[{"taxonomy":"category","embeddable":true,"href":"https:\/\/ledenonciateur224.com\/index.php\/wp-json\/wp\/v2\/categories?post=8422"},{"taxonomy":"post_tag","embeddable":true,"href":"https:\/\/ledenonciateur224.com\/index.php\/wp-json\/wp\/v2\/tags?post=8422"}],"curies":[{"name":"wp","href":"https:\/\/api.w.org\/{rel}","templated":true}]}}