{"id":8430,"date":"2026-04-28T23:00:38","date_gmt":"2026-04-28T23:00:38","guid":{"rendered":"https:\/\/ledenonciateur224.com\/?p=8430"},"modified":"2026-04-28T23:00:38","modified_gmt":"2026-04-28T23:00:38","slug":"scrutin-du-31-mai-en-guinee-le-frondeg-claque-la-porte-a-quelques-semaines-du-scrutin-du-31-mai-2026","status":"publish","type":"post","link":"https:\/\/ledenonciateur224.com\/index.php\/scrutin-du-31-mai-en-guinee-le-frondeg-claque-la-porte-a-quelques-semaines-du-scrutin-du-31-mai-2026\/","title":{"rendered":"Scrutin du 31 Mai en Guin\u00e9e : le FRONDEG claque la porte \u00e0 quelques semaines du scrutin du 31 mai 2026"},"content":{"rendered":"<p>Le Front D\u00e9mocratique de Guin\u00e9e (FRONDEG) a annonc\u00e9, ce mardi, son retrait du processus \u00e9lectoral en cours, en pr\u00e9lude aux \u00e9lections l\u00e9gislatives et communales pr\u00e9vues le 31 mai 2026.<br \/>\nDans un communiqu\u00e9 rendu public \u00e0 l\u2019issue d\u2019une session extraordinaire de son Bureau politique, le parti \u00e9voque des \u00ab violations graves et persistantes \u00bb du Code \u00e9lectoral, ainsi qu\u2019un d\u00e9s\u00e9quilibre du processus en faveur de la mouvance pr\u00e9sidentielle et de ses alli\u00e9s. Une d\u00e9cision forte, qui intervient dans un contexte politique d\u00e9j\u00e0 marqu\u00e9 par des tensions croissantes autour de l\u2019organisation des \u00e9lections.<br \/>\nLe FRONDEG estime que \u00ab les conditions minimales d\u2019un scrutin libre, transparent et \u00e9quitable ne sont plus r\u00e9unies \u00bb. Selon la formation politique, les manquements constat\u00e9s ne sont pas isol\u00e9s, mais rel\u00e8vent d\u2019\u00ab un sch\u00e9ma coh\u00e9rent visant \u00e0 orienter l\u2019issue du vote \u00bb, ce qui remettrait en cause la cr\u00e9dibilit\u00e9 m\u00eame du processus \u00e9lectoral.<br \/>\nDans le d\u00e9tail, le parti d\u00e9nonce notamment :<br \/>\nLes violations r\u00e9p\u00e9t\u00e9es du Code \u00e9lectoral ;<br \/>\nLe d\u00e9faut d\u2019impartialit\u00e9 de l\u2019administration \u00e9lectorale ;<br \/>\nLe rejet s\u00e9lectif et discriminatoire de candidatures du parti ;<br \/>\nLe silence des organes de r\u00e9gulation face aux saisines et recours formul\u00e9s ;<br \/>\nL\u2019absence de garanties suffisantes quant \u00e0 la transparence des op\u00e9rations de vote et de proclamation des r\u00e9sultats.<br \/>\nFace \u00e0 ces constats, le FRONDEG annonce une s\u00e9rie de mesures radicales :<br \/>\nLe retrait de l\u2019ensemble de ses candidats, mandataires et repr\u00e9sentants des op\u00e9rations \u00e9lectorales ;<br \/>\nSon refus d\u2019endosser toute responsabilit\u00e9 quant aux cons\u00e9quences politiques et institutionnelles d\u2019un scrutin organis\u00e9 dans les conditions actuelles ;<br \/>\nLa contestation, par avance, de la sinc\u00e9rit\u00e9, de la r\u00e9gularit\u00e9 et de la l\u00e9gitimit\u00e9 des r\u00e9sultats \u00e0 venir.<br \/>\nLe parti dirig\u00e9 par Abdoulaye Y\u00e9ro Bald\u00e9 pr\u00e9cise toutefois que cette d\u00e9cision \u00ab n\u2019est ni un renoncement ni un abandon, mais l\u2019expression d\u2019une exigence d\u00e9mocratique \u00bb. \u00c0 travers cette posture, le FRONDEG entend se positionner comme un acteur de vigilance face aux d\u00e9rives qu\u2019il attribue au processus en cours.<br \/>\nDans la foul\u00e9e, la formation politique lance un appel pressant aux autorit\u00e9s nationales, aux forces vives de la Nation ainsi qu\u2019aux partenaires internationaux \u2014 notamment la CEDEAO, l\u2019Union africaine, l\u2019Union europ\u00e9enne et le syst\u00e8me des Nations unies \u2014 afin qu\u2019ils \u00ab assument pleinement leurs responsabilit\u00e9s \u00bb pour garantir le respect de la Constitution, du Code \u00e9lectoral et des engagements internationaux de la Guin\u00e9e.<br \/>\nEnfin, le FRONDEG r\u00e9affirme son attachement \u00e0 la d\u00e9mocratie, \u00e0 l\u2019\u00c9tat de droit et \u00e0 la stabilit\u00e9 du pays, tout en mettant en garde contre les risques de contestation et de crise de l\u00e9gitimit\u00e9 susceptibles de d\u00e9couler d\u2019un scrutin jug\u00e9 non cr\u00e9dible.<br \/>\nArriv\u00e9 en deuxi\u00e8me position lors de l\u2019\u00e9lection pr\u00e9sidentielle du 28 d\u00e9cembre, le FRONDEG rejoint ainsi d\u2019autres formations politiques ayant choisi de se retirer du processus \u00e9lectoral du 31 mai 2026, ce qui pourrait fragiliser davantage la repr\u00e9sentativit\u00e9 et la cr\u00e9dibilit\u00e9 des \u00e9lections \u00e0 venir.<\/p>\n<p>&nbsp;<\/p>\n<p>Ledenonciateur224.com<\/p>\n","protected":false},"excerpt":{"rendered":"<p>Le Front D\u00e9mocratique de Guin\u00e9e (FRONDEG) a annonc\u00e9, ce mardi, son retrait du processus \u00e9lectoral en cours, en pr\u00e9lude aux \u00e9lections l\u00e9gislatives et communales pr\u00e9vues le 31 mai 2026. Dans un communiqu\u00e9 rendu public \u00e0 l\u2019issue d\u2019une session extraordinaire de son Bureau politique, le parti \u00e9voque des \u00ab violations graves et persistantes \u00bb du Code [&hellip;]<\/p>\n","protected":false},"author":2,"featured_media":8431,"comment_status":"closed","ping_status":"closed","sticky":false,"template":"","format":"standard","meta":{"_jetpack_memberships_contains_paid_content":false,"footnotes":"","jetpack_publicize_message":"","jetpack_publicize_feature_enabled":true,"jetpack_social_post_already_shared":true,"jetpack_social_options":{"image_generator_settings":{"template":"highway","default_image_id":0,"font":"","enabled":false},"version":2}},"categories":[24,27],"tags":[1431],"class_list":{"0":"post-8430","1":"post","2":"type-post","3":"status-publish","4":"format-standard","5":"has-post-thumbnail","7":"category-news","8":"category-politique","9":"tag-frondeg"},"jetpack_publicize_connections":[],"jetpack_featured_media_url":"https:\/\/ledenonciateur224.com\/wp-content\/uploads\/2026\/04\/yerobalde.jpg","jetpack_sharing_enabled":true,"_links":{"self":[{"href":"https:\/\/ledenonciateur224.com\/index.php\/wp-json\/wp\/v2\/posts\/8430","targetHints":{"allow":["GET"]}}],"collection":[{"href":"https:\/\/ledenonciateur224.com\/index.php\/wp-json\/wp\/v2\/posts"}],"about":[{"href":"https:\/\/ledenonciateur224.com\/index.php\/wp-json\/wp\/v2\/types\/post"}],"author":[{"embeddable":true,"href":"https:\/\/ledenonciateur224.com\/index.php\/wp-json\/wp\/v2\/users\/2"}],"replies":[{"embeddable":true,"href":"https:\/\/ledenonciateur224.com\/index.php\/wp-json\/wp\/v2\/comments?post=8430"}],"version-history":[{"count":1,"href":"https:\/\/ledenonciateur224.com\/index.php\/wp-json\/wp\/v2\/posts\/8430\/revisions"}],"predecessor-version":[{"id":8432,"href":"https:\/\/ledenonciateur224.com\/index.php\/wp-json\/wp\/v2\/posts\/8430\/revisions\/8432"}],"wp:featuredmedia":[{"embeddable":true,"href":"https:\/\/ledenonciateur224.com\/index.php\/wp-json\/wp\/v2\/media\/8431"}],"wp:attachment":[{"href":"https:\/\/ledenonciateur224.com\/index.php\/wp-json\/wp\/v2\/media?parent=8430"}],"wp:term":[{"taxonomy":"category","embeddable":true,"href":"https:\/\/ledenonciateur224.com\/index.php\/wp-json\/wp\/v2\/categories?post=8430"},{"taxonomy":"post_tag","embeddable":true,"href":"https:\/\/ledenonciateur224.com\/index.php\/wp-json\/wp\/v2\/tags?post=8430"}],"curies":[{"name":"wp","href":"https:\/\/api.w.org\/{rel}","templated":true}]}}