{"id":8433,"date":"2026-04-29T09:02:33","date_gmt":"2026-04-29T09:02:33","guid":{"rendered":"https:\/\/ledenonciateur224.com\/?p=8433"},"modified":"2026-04-29T09:02:33","modified_gmt":"2026-04-29T09:02:33","slug":"mali-sous-pression-assimi-goita-affiche-fermete-et-appelle-a-lunite-nationale-face-a-loffensive-terroriste","status":"publish","type":"post","link":"https:\/\/ledenonciateur224.com\/index.php\/mali-sous-pression-assimi-goita-affiche-fermete-et-appelle-a-lunite-nationale-face-a-loffensive-terroriste\/","title":{"rendered":"Mali sous pression : Assimi Go\u00efta affiche fermet\u00e9 et appelle \u00e0 l\u2019unit\u00e9 nationale face \u00e0 l\u2019offensive terroriste"},"content":{"rendered":"<div dir=\"auto\">\n<div dir=\"auto\">Trois jours apr\u00e8s des attaques terroristes coordonn\u00e9es ayant frapp\u00e9 plusieurs localit\u00e9s strat\u00e9giques du Mali, le Pr\u00e9sident de la Transition, le G\u00e9n\u00e9ral d\u2019Arm\u00e9e Assimi Go\u00efta, a pris la parole ce soir dans un contexte de forte tension s\u00e9curitaire. Dans une allocution marqu\u00e9e par la fermet\u00e9 et un appel \u00e0 la r\u00e9silience collective, le chef de l\u2019\u00c9tat a dress\u00e9 un premier bilan de la riposte des Forces arm\u00e9es maliennes, tout en d\u00e9non\u00e7ant les complicit\u00e9s ext\u00e9rieures qui alimenteraient ces violences. Face \u00e0 une offensive d\u2019ampleur visant notamment Bamako, Kati, Mopti, Gao et Kidal, il a \u00e9galement appel\u00e9 \u00e0 un sursaut national pour faire face \u00e0 ce qu\u2019il qualifie de tentative de d\u00e9stabilisation du pays.<\/div>\n<div dir=\"auto\">Suite enrichie (optionnel) :<\/div>\n<div dir=\"auto\">Le dirigeant malien a soulign\u00e9 \u00ab l\u2019efficacit\u00e9 \u00bb de la r\u00e9action des FAMa, affirmant que les forces nationales ont rapidement contenu l\u2019attaque et repris le contr\u00f4le de plusieurs zones cibl\u00e9es. Selon lui, l\u2019objectif des assaillants \u00e9tait de plonger le pays dans un climat de violence g\u00e9n\u00e9ralis\u00e9e, en multipliant les frappes simultan\u00e9es sur des points n\u00e9vralgiques du territoire.<\/div>\n<\/div>\n<div dir=\"auto\"><\/div>\n<p>\u00ab\u00a0<em>Gr\u00e2ce \u00e0 la promptitude et au professionnalisme des Forces arm\u00e9es et de s\u00e9curit\u00e9, un violent coup d\u2019arr\u00eat a \u00e9t\u00e9 donn\u00e9 aux assaillants\u2026 Gr\u00e2ce au sang-froid des hommes engag\u00e9s et au maintien de la coh\u00e9rence de la cha\u00eene de commandement, le plan funeste de l\u2019ennemi a \u00e9t\u00e9 d\u00e9jou\u00e9 avec la neutralisation d\u2019un nombre important d\u2019assaillants<\/em>\u00a0\u00bb, a-t-il martel\u00e9, saluant la m\u00e9moire du G\u00e9n\u00e9ral Sadio Camara, le ministre de la D\u00e9fense tu\u00e9 lors d\u2019une attaque kamikaze ayant vis\u00e9 sa r\u00e9sidence \u00e0 Kati.<\/p>\n<div dir=\"auto\"><\/div>\n<div dir=\"auto\">\n<p>Le G\u00e9n\u00e9ral Goita a pr\u00e9cis\u00e9 que la situation est actuellement sous contr\u00f4le, bien que les op\u00e9rations de ratissage et de s\u00e9curisation se poursuivent sur le terrain. Pour le pr\u00e9sident malien, ces assauts ne sont pas fortuits mais s\u2019inscrivent dans une strat\u00e9gie globale visant \u00e0 entraver la marche du pays vers sa pleine autonomie. Il a explicitement point\u00e9 du doigt des complicit\u00e9s au-del\u00e0 des groupes terroristes eux-m\u00eames.<\/p>\n<p>\u00ab\u00a0<em>Ces attaques ne sont pas des faits isol\u00e9s. Elles s\u2019inscrivent dans un vaste plan de d\u00e9stabilisation con\u00e7u et ex\u00e9cut\u00e9 par les groupes arm\u00e9s terroristes et les sponsors internes et externes, qui leur fournissent du renseignement et des moyens logistique<\/em>s \u00bb, a-t-il dit.<\/p>\n<p>Le chef de l\u2019Etat malien r\u00e9it\u00e8re sa volont\u00e9 de \u00ab\u00a0<em>maintenir le cap de la refondation<\/em>\u00a0\u00bb, pr\u00e9sentant la lutte actuelle comme le prix n\u00e9cessaire \u00e0 payer pour l\u2019ind\u00e9pendance nationale. Assimi Go\u00efta exhorte les Maliens \u00e0 ne pas succomber \u00e0 la division ou \u00e0 la guerre informationnelle, tout en rappelant l\u2019importance de la coop\u00e9ration entre civils et militaires.<\/p>\n<p>\u00ab\u00a0<em>Un sursaut national est aujourd\u2019hui indispensable et nous devons tous, comme un seul homme, nous \u00e9riger contre la division et la fracture sociale. [\u2026] Je vous exhorte aussi \u00e0 ne pas c\u00e9der aux rumeurs, aux messages d\u2019affolement ni aux manipulations. Par ces temps qui courent, la d\u00e9sinformation peut devenir une arme au service du terrorisme<\/em>\u00a0\u00bb, a-t-il lanc\u00e9 dans son discours d\u2019une dizaine de minutes.<\/p>\n<p>Le Pr\u00e9sident a \u00e9galement salu\u00e9 la dynamique de la\u00a0Conf\u00e9d\u00e9ration des \u00c9tats du Sahel (AES)\u00a0et a rendu hommage au soutien de la F\u00e9d\u00e9ration de Russie. Il a assur\u00e9 que l\u2019\u00c9tat prendrait en charge les victimes et les familles \u00e9prouv\u00e9es par ces \u00e9v\u00e9nements.<\/p>\n<p>\u00ab\u00a0<em>La solidarit\u00e9 nationale ne doit pas \u00eatre un vain mot, elle doit \u00eatre un geste, une pr\u00e9sence, un soutien concret. Aucune violence, aucune intimidation, encore moins de tentatives d\u00e9sesp\u00e9r\u00e9es de d\u00e9stabilisation ne sauront inverser la marche de notre pays\u00a0<\/em>\u00bb, a-t-il assur\u00e9.<\/p>\n<\/div>\n<p>&nbsp;<\/p>\n<p>&nbsp;<\/p>\n<p>Ledenonciateur224.com<\/p>\n","protected":false},"excerpt":{"rendered":"<p>Trois jours apr\u00e8s des attaques terroristes coordonn\u00e9es ayant frapp\u00e9 plusieurs localit\u00e9s strat\u00e9giques du Mali, le Pr\u00e9sident de la Transition, le G\u00e9n\u00e9ral d\u2019Arm\u00e9e Assimi Go\u00efta, a pris la parole ce soir dans un contexte de forte tension s\u00e9curitaire. Dans une allocution marqu\u00e9e par la fermet\u00e9 et un appel \u00e0 la r\u00e9silience collective, le chef de l\u2019\u00c9tat [&hellip;]<\/p>\n","protected":false},"author":2,"featured_media":8434,"comment_status":"closed","ping_status":"closed","sticky":false,"template":"","format":"standard","meta":{"_jetpack_memberships_contains_paid_content":false,"footnotes":"","jetpack_publicize_message":"","jetpack_publicize_feature_enabled":true,"jetpack_social_post_already_shared":true,"jetpack_social_options":{"image_generator_settings":{"template":"highway","default_image_id":0,"font":"","enabled":false},"version":2}},"categories":[38,24],"tags":[1663,1492,1659],"class_list":{"0":"post-8433","1":"post","2":"type-post","3":"status-publish","4":"format-standard","5":"has-post-thumbnail","7":"category-international","8":"category-news","9":"tag-assimi-goita","10":"tag-jihadiste","11":"tag-mali"},"jetpack_publicize_connections":[],"jetpack_featured_media_url":"https:\/\/ledenonciateur224.com\/wp-content\/uploads\/2026\/04\/1402343061931998-2527417981498495880-n.jpg","jetpack_sharing_enabled":true,"_links":{"self":[{"href":"https:\/\/ledenonciateur224.com\/index.php\/wp-json\/wp\/v2\/posts\/8433","targetHints":{"allow":["GET"]}}],"collection":[{"href":"https:\/\/ledenonciateur224.com\/index.php\/wp-json\/wp\/v2\/posts"}],"about":[{"href":"https:\/\/ledenonciateur224.com\/index.php\/wp-json\/wp\/v2\/types\/post"}],"author":[{"embeddable":true,"href":"https:\/\/ledenonciateur224.com\/index.php\/wp-json\/wp\/v2\/users\/2"}],"replies":[{"embeddable":true,"href":"https:\/\/ledenonciateur224.com\/index.php\/wp-json\/wp\/v2\/comments?post=8433"}],"version-history":[{"count":1,"href":"https:\/\/ledenonciateur224.com\/index.php\/wp-json\/wp\/v2\/posts\/8433\/revisions"}],"predecessor-version":[{"id":8435,"href":"https:\/\/ledenonciateur224.com\/index.php\/wp-json\/wp\/v2\/posts\/8433\/revisions\/8435"}],"wp:featuredmedia":[{"embeddable":true,"href":"https:\/\/ledenonciateur224.com\/index.php\/wp-json\/wp\/v2\/media\/8434"}],"wp:attachment":[{"href":"https:\/\/ledenonciateur224.com\/index.php\/wp-json\/wp\/v2\/media?parent=8433"}],"wp:term":[{"taxonomy":"category","embeddable":true,"href":"https:\/\/ledenonciateur224.com\/index.php\/wp-json\/wp\/v2\/categories?post=8433"},{"taxonomy":"post_tag","embeddable":true,"href":"https:\/\/ledenonciateur224.com\/index.php\/wp-json\/wp\/v2\/tags?post=8433"}],"curies":[{"name":"wp","href":"https:\/\/api.w.org\/{rel}","templated":true}]}}