{"id":8436,"date":"2026-04-29T11:14:23","date_gmt":"2026-04-29T11:14:23","guid":{"rendered":"https:\/\/ledenonciateur224.com\/?p=8436"},"modified":"2026-04-29T11:14:23","modified_gmt":"2026-04-29T11:14:23","slug":"crief-lex-president-de-la-delegation-speciale-de-matam-face-a-de-lourdes-accusations-financieres","status":"publish","type":"post","link":"https:\/\/ledenonciateur224.com\/index.php\/crief-lex-president-de-la-delegation-speciale-de-matam-face-a-de-lourdes-accusations-financieres\/","title":{"rendered":"CRIEF : l\u2019ex-pr\u00e9sident de la d\u00e9l\u00e9gation sp\u00e9ciale de Matam face \u00e0 de lourdes accusations financi\u00e8res"},"content":{"rendered":"<p>L\u2019ancien pr\u00e9sident de la d\u00e9l\u00e9gation sp\u00e9ciale de la commune de Matam, Badra Aliou Cheikouna Kon\u00e9, a comparu ce mercredi 29 avril 2026 devant les juges de la Cour de r\u00e9pression des infractions \u00e9conomiques et financi\u00e8res (CRIEF).<br \/>\nIl est poursuivi pour une s\u00e9rie d\u2019infractions graves li\u00e9es \u00e0 la gestion des fonds publics. Les charges retenues contre lui incluent notamment le d\u00e9tournement de deniers publics, la corruption d\u2019agents publics, le faux et usage de faux en \u00e9critures publiques, l\u2019escroquerie, la prise ill\u00e9gale d\u2019int\u00e9r\u00eats, le conflit d\u2019int\u00e9r\u00eats, l\u2019enrichissement illicite, le blanchiment de capitaux ainsi que la complicit\u00e9.<br \/>\nSelon les textes en vigueur, ces faits sont pr\u00e9vus et punis par plusieurs dispositions du code p\u00e9nal, notamment les articles 19, 20, 403, 499, 585, 586, 652, 653, 764, 771 et suivants. Ils rel\u00e8vent \u00e9galement des articles 3, 4, 31, 32, 33, 45 et 52 de la loi n\u00b0041 du 4 juillet 2017 relative \u00e0 la pr\u00e9vention, \u00e0 la d\u00e9tection et \u00e0 la r\u00e9pression de la corruption et des infractions assimil\u00e9es. \u00c0 cela s\u2019ajoutent les articles 7, 112 et 113 de la loi n\u00b0024 du 17 ao\u00fbt 2021 portant sur la lutte contre le blanchiment de capitaux et le financement du terrorisme.<\/p>\n<p>Cette comparution s\u2019inscrit dans un contexte de renforcement des poursuites engag\u00e9es par la CRIEF contre les pr\u00e9sum\u00e9s auteurs d\u2019infractions \u00e9conomiques et financi\u00e8res en Guin\u00e9e, marquant ainsi une volont\u00e9 accrue des autorit\u00e9s de lutter contre la corruption et la mauvaise gestion des ressources publiques.<\/p>\n<p>&nbsp;<\/p>\n<p>&nbsp;<\/p>\n<p>Aboubacar Moussa Camara<\/p>\n","protected":false},"excerpt":{"rendered":"<p>L\u2019ancien pr\u00e9sident de la d\u00e9l\u00e9gation sp\u00e9ciale de la commune de Matam, Badra Aliou Cheikouna Kon\u00e9, a comparu ce mercredi 29 avril 2026 devant les juges de la Cour de r\u00e9pression des infractions \u00e9conomiques et financi\u00e8res (CRIEF). Il est poursuivi pour une s\u00e9rie d\u2019infractions graves li\u00e9es \u00e0 la gestion des fonds publics. Les charges retenues contre [&hellip;]<\/p>\n","protected":false},"author":2,"featured_media":8437,"comment_status":"closed","ping_status":"closed","sticky":false,"template":"","format":"standard","meta":{"_jetpack_memberships_contains_paid_content":false,"footnotes":"","jetpack_publicize_message":"","jetpack_publicize_feature_enabled":true,"jetpack_social_post_already_shared":true,"jetpack_social_options":{"image_generator_settings":{"template":"highway","default_image_id":0,"font":"","enabled":false},"version":2}},"categories":[30,24],"tags":[1266,647],"class_list":{"0":"post-8436","1":"post","2":"type-post","3":"status-publish","4":"format-standard","5":"has-post-thumbnail","7":"category-faits-divers","8":"category-news","9":"tag-badra-kone","10":"tag-crief-guinee"},"jetpack_publicize_connections":[],"jetpack_featured_media_url":"https:\/\/ledenonciateur224.com\/wp-content\/uploads\/2026\/04\/fb-img-1777456714096.jpg","jetpack_sharing_enabled":true,"_links":{"self":[{"href":"https:\/\/ledenonciateur224.com\/index.php\/wp-json\/wp\/v2\/posts\/8436","targetHints":{"allow":["GET"]}}],"collection":[{"href":"https:\/\/ledenonciateur224.com\/index.php\/wp-json\/wp\/v2\/posts"}],"about":[{"href":"https:\/\/ledenonciateur224.com\/index.php\/wp-json\/wp\/v2\/types\/post"}],"author":[{"embeddable":true,"href":"https:\/\/ledenonciateur224.com\/index.php\/wp-json\/wp\/v2\/users\/2"}],"replies":[{"embeddable":true,"href":"https:\/\/ledenonciateur224.com\/index.php\/wp-json\/wp\/v2\/comments?post=8436"}],"version-history":[{"count":1,"href":"https:\/\/ledenonciateur224.com\/index.php\/wp-json\/wp\/v2\/posts\/8436\/revisions"}],"predecessor-version":[{"id":8438,"href":"https:\/\/ledenonciateur224.com\/index.php\/wp-json\/wp\/v2\/posts\/8436\/revisions\/8438"}],"wp:featuredmedia":[{"embeddable":true,"href":"https:\/\/ledenonciateur224.com\/index.php\/wp-json\/wp\/v2\/media\/8437"}],"wp:attachment":[{"href":"https:\/\/ledenonciateur224.com\/index.php\/wp-json\/wp\/v2\/media?parent=8436"}],"wp:term":[{"taxonomy":"category","embeddable":true,"href":"https:\/\/ledenonciateur224.com\/index.php\/wp-json\/wp\/v2\/categories?post=8436"},{"taxonomy":"post_tag","embeddable":true,"href":"https:\/\/ledenonciateur224.com\/index.php\/wp-json\/wp\/v2\/tags?post=8436"}],"curies":[{"name":"wp","href":"https:\/\/api.w.org\/{rel}","templated":true}]}}