{"id":8448,"date":"2026-04-29T20:27:18","date_gmt":"2026-04-29T20:27:18","guid":{"rendered":"https:\/\/ledenonciateur224.com\/?p=8448"},"modified":"2026-04-29T20:27:18","modified_gmt":"2026-04-29T20:27:18","slug":"crief-un-dossier-fragilise-ou-reequilibre-le-cas-badra-kone-entre-zones-dombre-et-exigences-de-rigueur-judiciaire","status":"publish","type":"post","link":"https:\/\/ledenonciateur224.com\/index.php\/crief-un-dossier-fragilise-ou-reequilibre-le-cas-badra-kone-entre-zones-dombre-et-exigences-de-rigueur-judiciaire\/","title":{"rendered":"CRIEF : un dossier fragilis\u00e9 ou r\u00e9\u00e9quilibr\u00e9 ? Le cas Badra Kon\u00e9 entre zones d\u2019ombre et exigences de rigueur judiciaire"},"content":{"rendered":"<p>Nouveau tournant dans le dossier Badra Kon\u00e9 devant la Cour de r\u00e9pression des infractions \u00e9conomiques et financi\u00e8res (CRIEF). Alors qu\u2019il \u00e9tait poursuivi en proc\u00e9dure de flagrant d\u00e9lit pour des faits pr\u00e9sum\u00e9s de d\u00e9tournement de deniers publics et de blanchiment de capitaux, le pr\u00e9venu a b\u00e9n\u00e9fici\u00e9 ce mercredi 29 avril 2026 d\u2019un renvoi devant une chambre d\u2019instruction. Entre contestations sur la forme de la proc\u00e9dure et interrogations sur l\u2019apparition soudaine d\u2019un montant de 240 milliards de francs guin\u00e9ens, la d\u00e9fense crie \u00e0 l\u2019irr\u00e9gularit\u00e9. D\u00e9cryptage.<br \/>\nPoursuivi devant la chambre de jugement de la CRIEF pour des faits pr\u00e9sum\u00e9s de \u2018\u2018d\u00e9tournement de deniers publics, corruption d\u2019agents publics, faux et usage de faux, escroquerie, prise ill\u00e9gale d\u2019int\u00e9r\u00eat, enrichissement illicite et blanchiment de capitaux\u2019\u2019, Badra Kon\u00e9 devra finalement repasser devant un juge d\u2019instruction. Cette d\u00e9cision, rendue par le juge Alpha Camara, marque un coup d\u2019arr\u00eat \u00e0 une proc\u00e9dure qui semblait engag\u00e9e vers un jugement rapide.<br \/>\nCe revirement intervient \u00e0 l\u2019issue de d\u00e9bats particuli\u00e8rement tendus entre les avocats de la d\u00e9fense, la partie civile et le parquet sp\u00e9cial de la CRIEF. Il met en lumi\u00e8re une tension r\u00e9currente dans les affaires \u00e9conomiques d\u2019envergure : la n\u00e9cessit\u00e9 de juger rapidement face \u00e0 l\u2019imp\u00e9ratif de garantir une proc\u00e9dure rigoureuse et irr\u00e9prochable.<br \/>\nMais pourquoi ce rebondissement ? Me Lancin\u00e9 Sylla, avocat de la d\u00e9fense, a apport\u00e9 des \u00e9l\u00e9ments de r\u00e9ponse en insistant sur la complexit\u00e9 intrins\u00e8que du dossier. Selon lui, le recours \u00e0 la proc\u00e9dure de flagrant d\u00e9lit \u00e9tait inadapt\u00e9, voire pr\u00e9cipit\u00e9, pour une affaire impliquant des flux financiers importants et des m\u00e9canismes potentiellement sophistiqu\u00e9s.<br \/>\n\u00ab La proc\u00e9dure de flagrant d\u00e9lit [&#8230;] ne sied pas en la mati\u00e8re [&#8230;] dont la complexit\u00e9 exige qu\u2019un cabinet d\u2019instruction soit saisi et que des enqu\u00eates soient approfondies \u00bb, a-t-il soutenu, rappelant que m\u00eame les organes d\u2019enqu\u00eate, notamment l\u2019ORDEF, avaient recommand\u00e9 un approfondissement des investigations ainsi que la d\u00e9signation d\u2019un auditeur ind\u00e9pendant.<br \/>\nAu-del\u00e0 de la simple contestation proc\u00e9durale, cette d\u00e9cision de renvoi peut \u00eatre interpr\u00e9t\u00e9e comme une volont\u00e9 de la juridiction de consolider le dossier avant tout jugement au fond. En d\u2019autres termes, il s\u2019agirait moins d\u2019un recul que d\u2019un r\u00e9ajustement visant \u00e0 \u00e9viter d\u2019\u00e9ventuelles nullit\u00e9s ou contestations futures.<br \/>\nL\u2019avocat souligne \u00e9galement que des investigations pr\u00e9liminaires avaient d\u00e9j\u00e0 \u00e9t\u00e9 amorc\u00e9es par la Cour, sans toutefois atteindre le niveau de profondeur requis pour une affaire de cette nature. Cette insuffisance all\u00e9gu\u00e9e des enqu\u00eates renforce, selon la d\u00e9fense, la n\u00e9cessit\u00e9 d\u2019une instruction formelle, seule \u00e0 m\u00eame de garantir un examen exhaustif des faits.<br \/>\nPol\u00e9mique autour des montants : une faille majeure dans le dossier ?<br \/>\nAutre point de friction, et non des moindres : l\u2019apparition \u00e0 l\u2019audience d\u2019un montant de 240 milliards de francs guin\u00e9ens. Une somme consid\u00e9rable, qui soul\u00e8ve de s\u00e9rieuses interrogations quant \u00e0 sa provenance et \u00e0 sa tra\u00e7abilit\u00e9 dans le dossier judiciaire.<br \/>\nMe Lancin\u00e9 Sylla d\u00e9nonce une incoh\u00e9rence troublante : ce montant ne figurerait pas dans le proc\u00e8s-verbal de flagrant d\u00e9lit ayant servi de base aux premi\u00e8res auditions de son client. \u00ab Je ne sais pas d\u2019o\u00f9 sortent ces 240 milliards gnf \u00bb, a-t-il affirm\u00e9, \u00e9voquant l\u2019hypoth\u00e8se d\u2019un document diff\u00e9rent de celui initialement communiqu\u00e9 \u00e0 la d\u00e9fense.<br \/>\nCette divergence est d\u2019autant plus probl\u00e9matique qu\u2019elle touche au c\u0153ur de l\u2019accusation. En mati\u00e8re \u00e9conomique et financi\u00e8re, la pr\u00e9cision des montants all\u00e9gu\u00e9s constitue un \u00e9l\u00e9ment central de qualification des infractions. Une variation aussi significative \u2014 entre une estimation de 22 milliards de francs guin\u00e9ens \u00e9voqu\u00e9e dans le rapport de l\u2019ORDEF, accompagn\u00e9e de 70 000 euros, et les 240 milliards avanc\u00e9s \u00e0 l\u2019audience \u2014 fragilise potentiellement la cr\u00e9dibilit\u00e9 de l\u2019accusation.<br \/>\nL\u2019argument de la d\u00e9fense repose ici sur un principe fondamental du droit : la transparence et la coh\u00e9rence des pi\u00e8ces de proc\u00e9dure. Si les documents soumis au tribunal diff\u00e8rent de ceux pr\u00e9sent\u00e9s lors des auditions, la question de la r\u00e9gularit\u00e9 de la proc\u00e9dure pourrait \u00eatre s\u00e9rieusement pos\u00e9e.<br \/>\nEn filigrane, cette pol\u00e9mique r\u00e9v\u00e8le aussi les limites des enqu\u00eates pr\u00e9liminaires dans les dossiers complexes, o\u00f9 l\u2019absence d\u2019audit approfondi peut conduire \u00e0 des estimations fluctuantes, voire contradictoires.<br \/>\nUne affaire r\u00e9v\u00e9latrice des d\u00e9fis de la justice financi\u00e8re<\/p>\n<p>Au-del\u00e0 du cas individuel de Badra Kon\u00e9, ce dossier illustre les d\u00e9fis auxquels est confront\u00e9e la justice \u00e9conomique et financi\u00e8re en Guin\u00e9e. Entre exigence de c\u00e9l\u00e9rit\u00e9, pression de l\u2019opinion publique et imp\u00e9ratif de rigueur juridique, les juridictions sp\u00e9cialis\u00e9es comme la CRIEF \u00e9voluent sur une ligne \u00e9troite.<br \/>\nLe renvoi devant une chambre d\u2019instruction pourrait ainsi \u00eatre per\u00e7u comme une opportunit\u00e9 : celle de clarifier les faits, d\u2019harmoniser les pi\u00e8ces du dossier et de renforcer la solidit\u00e9 juridique de la proc\u00e9dure.<br \/>\nReste \u00e0 savoir si cette nouvelle phase permettra de lever les zones d\u2019ombre ou si elle r\u00e9v\u00e9lera, au contraire, des fragilit\u00e9s plus profondes dans la construction de l\u2019accusation. Une chose est certaine : dans ce type d\u2019affaires, la cr\u00e9dibilit\u00e9 de la justice se joue autant sur le fond que sur la forme.<\/p>\n<p>&nbsp;<\/p>\n<p>&nbsp;<\/p>\n<p>Ledenonciateur224.com<\/p>\n","protected":false},"excerpt":{"rendered":"<p>Nouveau tournant dans le dossier Badra Kon\u00e9 devant la Cour de r\u00e9pression des infractions \u00e9conomiques et financi\u00e8res (CRIEF). Alors qu\u2019il \u00e9tait poursuivi en proc\u00e9dure de flagrant d\u00e9lit pour des faits pr\u00e9sum\u00e9s de d\u00e9tournement de deniers publics et de blanchiment de capitaux, le pr\u00e9venu a b\u00e9n\u00e9fici\u00e9 ce mercredi 29 avril 2026 d\u2019un renvoi devant une chambre [&hellip;]<\/p>\n","protected":false},"author":2,"featured_media":8451,"comment_status":"closed","ping_status":"closed","sticky":false,"template":"","format":"standard","meta":{"_jetpack_memberships_contains_paid_content":false,"footnotes":"","jetpack_publicize_message":"","jetpack_publicize_feature_enabled":true,"jetpack_social_post_already_shared":true,"jetpack_social_options":{"image_generator_settings":{"template":"highway","default_image_id":0,"font":"","enabled":false},"version":2}},"categories":[30,24],"tags":[1266,742],"class_list":{"0":"post-8448","1":"post","2":"type-post","3":"status-publish","4":"format-standard","5":"has-post-thumbnail","7":"category-faits-divers","8":"category-news","9":"tag-badra-kone","10":"tag-detournement-de-fonds"},"jetpack_publicize_connections":[],"jetpack_featured_media_url":"https:\/\/ledenonciateur224.com\/wp-content\/uploads\/2026\/04\/fb-img-1777494337016.jpg","jetpack_sharing_enabled":true,"_links":{"self":[{"href":"https:\/\/ledenonciateur224.com\/index.php\/wp-json\/wp\/v2\/posts\/8448","targetHints":{"allow":["GET"]}}],"collection":[{"href":"https:\/\/ledenonciateur224.com\/index.php\/wp-json\/wp\/v2\/posts"}],"about":[{"href":"https:\/\/ledenonciateur224.com\/index.php\/wp-json\/wp\/v2\/types\/post"}],"author":[{"embeddable":true,"href":"https:\/\/ledenonciateur224.com\/index.php\/wp-json\/wp\/v2\/users\/2"}],"replies":[{"embeddable":true,"href":"https:\/\/ledenonciateur224.com\/index.php\/wp-json\/wp\/v2\/comments?post=8448"}],"version-history":[{"count":1,"href":"https:\/\/ledenonciateur224.com\/index.php\/wp-json\/wp\/v2\/posts\/8448\/revisions"}],"predecessor-version":[{"id":8452,"href":"https:\/\/ledenonciateur224.com\/index.php\/wp-json\/wp\/v2\/posts\/8448\/revisions\/8452"}],"wp:featuredmedia":[{"embeddable":true,"href":"https:\/\/ledenonciateur224.com\/index.php\/wp-json\/wp\/v2\/media\/8451"}],"wp:attachment":[{"href":"https:\/\/ledenonciateur224.com\/index.php\/wp-json\/wp\/v2\/media?parent=8448"}],"wp:term":[{"taxonomy":"category","embeddable":true,"href":"https:\/\/ledenonciateur224.com\/index.php\/wp-json\/wp\/v2\/categories?post=8448"},{"taxonomy":"post_tag","embeddable":true,"href":"https:\/\/ledenonciateur224.com\/index.php\/wp-json\/wp\/v2\/tags?post=8448"}],"curies":[{"name":"wp","href":"https:\/\/api.w.org\/{rel}","templated":true}]}}