{"id":8453,"date":"2026-04-29T22:08:04","date_gmt":"2026-04-29T22:08:04","guid":{"rendered":"https:\/\/ledenonciateur224.com\/?p=8453"},"modified":"2026-04-29T22:08:04","modified_gmt":"2026-04-29T22:08:04","slug":"visite-de-chantier-sur-les-terminaux-portuaires-du-pac","status":"publish","type":"post","link":"https:\/\/ledenonciateur224.com\/index.php\/visite-de-chantier-sur-les-terminaux-portuaires-du-pac\/","title":{"rendered":"Visite de chantier sur les terminaux portuaires du PAC"},"content":{"rendered":"<p>&nbsp;<\/p>\n<p>Le 29 avril 2026, le Port Autonome de Conakry a accueilli le comit\u00e9 de veille s\u00e9curitaire, compos\u00e9 du G\u00e9n\u00e9ral TALL, Haut Commandant en second, de Monsieur Aly Koita, Directeur G\u00e9n\u00e9ral du Port Autonome de Conakry, du G\u00e9n\u00e9ral Cheick Gadiri Cond\u00e9, Directeur G\u00e9n\u00e9ral des Douanes, de Madame Sia Kanio Tolno, Directrice G\u00e9n\u00e9rale Adjointe du port, d\u2019un repr\u00e9sentant de la s\u00e9curit\u00e9 routi\u00e8re, ainsi que des repr\u00e9sentants des concessionnaires ALPORT et AGL.<\/p>\n<p><img loading=\"lazy\" decoding=\"async\" class=\"alignnone size-full wp-image-8456\" src=\"https:\/\/ledenonciateur224.com\/wp-content\/uploads\/2026\/04\/fb-img-1777500222192.jpg\" alt=\"\" width=\"2048\" height=\"1365\" srcset=\"https:\/\/ledenonciateur224.com\/wp-content\/uploads\/2026\/04\/fb-img-1777500222192.jpg 2048w, https:\/\/ledenonciateur224.com\/wp-content\/uploads\/2026\/04\/fb-img-1777500222192-300x200.jpg 300w, https:\/\/ledenonciateur224.com\/wp-content\/uploads\/2026\/04\/fb-img-1777500222192-1024x683.jpg 1024w, https:\/\/ledenonciateur224.com\/wp-content\/uploads\/2026\/04\/fb-img-1777500222192-768x512.jpg 768w, https:\/\/ledenonciateur224.com\/wp-content\/uploads\/2026\/04\/fb-img-1777500222192-1536x1024.jpg 1536w, https:\/\/ledenonciateur224.com\/wp-content\/uploads\/2026\/04\/fb-img-1777500222192-150x100.jpg 150w, https:\/\/ledenonciateur224.com\/wp-content\/uploads\/2026\/04\/fb-img-1777500222192-696x464.jpg 696w, https:\/\/ledenonciateur224.com\/wp-content\/uploads\/2026\/04\/fb-img-1777500222192-1068x712.jpg 1068w, https:\/\/ledenonciateur224.com\/wp-content\/uploads\/2026\/04\/fb-img-1777500222192-1920x1280.jpg 1920w, https:\/\/ledenonciateur224.com\/wp-content\/uploads\/2026\/04\/fb-img-1777500222192-630x420.jpg 630w\" sizes=\"auto, (max-width: 2048px) 100vw, 2048px\" \/><\/p>\n<p>Cette mission a pour objectif de s\u2019enqu\u00e9rir de l\u2019\u00e9tat d\u2019avancement des travaux d\u2019infrastructures en cours sur les terminaux portuaires et d\u2019\u00e9valuer la mise en \u0153uvre des mesures pr\u00e9sidentielles relatives \u00e0 la d\u00e9congestion du port.<\/p>\n<p><img loading=\"lazy\" decoding=\"async\" class=\"alignnone size-full wp-image-8457\" src=\"https:\/\/ledenonciateur224.com\/wp-content\/uploads\/2026\/04\/fb-img-1777500201585.jpg\" alt=\"\" width=\"2048\" height=\"1365\" srcset=\"https:\/\/ledenonciateur224.com\/wp-content\/uploads\/2026\/04\/fb-img-1777500201585.jpg 2048w, https:\/\/ledenonciateur224.com\/wp-content\/uploads\/2026\/04\/fb-img-1777500201585-300x200.jpg 300w, https:\/\/ledenonciateur224.com\/wp-content\/uploads\/2026\/04\/fb-img-1777500201585-1024x683.jpg 1024w, https:\/\/ledenonciateur224.com\/wp-content\/uploads\/2026\/04\/fb-img-1777500201585-768x512.jpg 768w, https:\/\/ledenonciateur224.com\/wp-content\/uploads\/2026\/04\/fb-img-1777500201585-1536x1024.jpg 1536w, https:\/\/ledenonciateur224.com\/wp-content\/uploads\/2026\/04\/fb-img-1777500201585-150x100.jpg 150w, https:\/\/ledenonciateur224.com\/wp-content\/uploads\/2026\/04\/fb-img-1777500201585-696x464.jpg 696w, https:\/\/ledenonciateur224.com\/wp-content\/uploads\/2026\/04\/fb-img-1777500201585-1068x712.jpg 1068w, https:\/\/ledenonciateur224.com\/wp-content\/uploads\/2026\/04\/fb-img-1777500201585-1920x1280.jpg 1920w, https:\/\/ledenonciateur224.com\/wp-content\/uploads\/2026\/04\/fb-img-1777500201585-630x420.jpg 630w\" sizes=\"auto, (max-width: 2048px) 100vw, 2048px\" \/><\/p>\n<p>Elle s\u2019inscrit dans une dynamique de suivi rigoureux des projets structurants et de renforcement de la coordination entre les acteurs cl\u00e9s, en vue d\u2019am\u00e9liorer la fluidit\u00e9 des op\u00e9rations portuaires.<\/p>\n<p><img loading=\"lazy\" decoding=\"async\" class=\"alignnone size-full wp-image-8458\" src=\"https:\/\/ledenonciateur224.com\/wp-content\/uploads\/2026\/04\/fb-img-1777500186930.jpg\" alt=\"\" width=\"2048\" height=\"1365\" srcset=\"https:\/\/ledenonciateur224.com\/wp-content\/uploads\/2026\/04\/fb-img-1777500186930.jpg 2048w, https:\/\/ledenonciateur224.com\/wp-content\/uploads\/2026\/04\/fb-img-1777500186930-300x200.jpg 300w, https:\/\/ledenonciateur224.com\/wp-content\/uploads\/2026\/04\/fb-img-1777500186930-1024x683.jpg 1024w, https:\/\/ledenonciateur224.com\/wp-content\/uploads\/2026\/04\/fb-img-1777500186930-768x512.jpg 768w, https:\/\/ledenonciateur224.com\/wp-content\/uploads\/2026\/04\/fb-img-1777500186930-1536x1024.jpg 1536w, https:\/\/ledenonciateur224.com\/wp-content\/uploads\/2026\/04\/fb-img-1777500186930-150x100.jpg 150w, https:\/\/ledenonciateur224.com\/wp-content\/uploads\/2026\/04\/fb-img-1777500186930-696x464.jpg 696w, https:\/\/ledenonciateur224.com\/wp-content\/uploads\/2026\/04\/fb-img-1777500186930-1068x712.jpg 1068w, https:\/\/ledenonciateur224.com\/wp-content\/uploads\/2026\/04\/fb-img-1777500186930-1920x1280.jpg 1920w, https:\/\/ledenonciateur224.com\/wp-content\/uploads\/2026\/04\/fb-img-1777500186930-630x420.jpg 630w\" sizes=\"auto, (max-width: 2048px) 100vw, 2048px\" \/><\/p>\n<p>&nbsp;<\/p>\n<p>#PortAutonomeDeConakry #PAC #Logistique #TransportMaritime #Infrastructures<\/p>\n","protected":false},"excerpt":{"rendered":"<p>&nbsp; Le 29 avril 2026, le Port Autonome de Conakry a accueilli le comit\u00e9 de veille s\u00e9curitaire, compos\u00e9 du G\u00e9n\u00e9ral TALL, Haut Commandant en second, de Monsieur Aly Koita, Directeur G\u00e9n\u00e9ral du Port Autonome de Conakry, du G\u00e9n\u00e9ral Cheick Gadiri Cond\u00e9, Directeur G\u00e9n\u00e9ral des Douanes, de Madame Sia Kanio Tolno, Directrice G\u00e9n\u00e9rale Adjointe du port, [&hellip;]<\/p>\n","protected":false},"author":2,"featured_media":8459,"comment_status":"closed","ping_status":"closed","sticky":false,"template":"","format":"standard","meta":{"_jetpack_memberships_contains_paid_content":false,"footnotes":"","jetpack_publicize_message":"","jetpack_publicize_feature_enabled":true,"jetpack_social_post_already_shared":true,"jetpack_social_options":{"image_generator_settings":{"template":"highway","default_image_id":0,"font":"","enabled":false},"version":2}},"categories":[29,24],"tags":[1648],"class_list":{"0":"post-8453","1":"post","2":"type-post","3":"status-publish","4":"format-standard","5":"has-post-thumbnail","7":"category-economie","8":"category-news","9":"tag-direction-generale-du-port-autonome-conakry"},"jetpack_publicize_connections":[],"jetpack_featured_media_url":"https:\/\/ledenonciateur224.com\/wp-content\/uploads\/2026\/04\/fb-img-1777500181738.jpg","jetpack_sharing_enabled":true,"_links":{"self":[{"href":"https:\/\/ledenonciateur224.com\/index.php\/wp-json\/wp\/v2\/posts\/8453","targetHints":{"allow":["GET"]}}],"collection":[{"href":"https:\/\/ledenonciateur224.com\/index.php\/wp-json\/wp\/v2\/posts"}],"about":[{"href":"https:\/\/ledenonciateur224.com\/index.php\/wp-json\/wp\/v2\/types\/post"}],"author":[{"embeddable":true,"href":"https:\/\/ledenonciateur224.com\/index.php\/wp-json\/wp\/v2\/users\/2"}],"replies":[{"embeddable":true,"href":"https:\/\/ledenonciateur224.com\/index.php\/wp-json\/wp\/v2\/comments?post=8453"}],"version-history":[{"count":1,"href":"https:\/\/ledenonciateur224.com\/index.php\/wp-json\/wp\/v2\/posts\/8453\/revisions"}],"predecessor-version":[{"id":8460,"href":"https:\/\/ledenonciateur224.com\/index.php\/wp-json\/wp\/v2\/posts\/8453\/revisions\/8460"}],"wp:featuredmedia":[{"embeddable":true,"href":"https:\/\/ledenonciateur224.com\/index.php\/wp-json\/wp\/v2\/media\/8459"}],"wp:attachment":[{"href":"https:\/\/ledenonciateur224.com\/index.php\/wp-json\/wp\/v2\/media?parent=8453"}],"wp:term":[{"taxonomy":"category","embeddable":true,"href":"https:\/\/ledenonciateur224.com\/index.php\/wp-json\/wp\/v2\/categories?post=8453"},{"taxonomy":"post_tag","embeddable":true,"href":"https:\/\/ledenonciateur224.com\/index.php\/wp-json\/wp\/v2\/tags?post=8453"}],"curies":[{"name":"wp","href":"https:\/\/api.w.org\/{rel}","templated":true}]}}