{"id":8461,"date":"2026-04-30T16:19:23","date_gmt":"2026-04-30T16:19:23","guid":{"rendered":"https:\/\/ledenonciateur224.com\/?p=8461"},"modified":"2026-04-30T16:19:23","modified_gmt":"2026-04-30T16:19:23","slug":"kania-soly-2026-kindia-se-prepare-a-faire-vibrer-la-guinee-et-au-dela","status":"publish","type":"post","link":"https:\/\/ledenonciateur224.com\/index.php\/kania-soly-2026-kindia-se-prepare-a-faire-vibrer-la-guinee-et-au-dela\/","title":{"rendered":"Kania Soly 2026 : Kindia se pr\u00e9pare \u00e0 faire vibrer la Guin\u00e9e et au-del\u00e0"},"content":{"rendered":"<p><span style=\"color: #333333;font-family: helvetica neue, helvetica, roboto, arial, sans-serif\">En pr\u00e9lude \u00e0 la 7\u1d49 \u00e9dition du festival Kania Soly, l\u2019association Kania Diy\u00e9, en collaboration avec le Club Amical de Kindia, a anim\u00e9 une conf\u00e9rence de presse ce mercredi 29 avril \u00e0 l\u2019espace culturel Sory Kandia Kouyat\u00e9. Cette rencontre strat\u00e9gique avait pour objectif de lever le voile sur les grandes articulations de cet \u00e9v\u00e9nement culturel majeur, d\u00e9sormais solidement ancr\u00e9 parmi les rendez-vous les plus prestigieux de la Guin\u00e9e.<\/span><\/p>\n<p><img loading=\"lazy\" decoding=\"async\" class=\"alignnone size-full wp-image-8464\" src=\"https:\/\/ledenonciateur224.com\/wp-content\/uploads\/2026\/04\/img-20260430-wa0462.jpg\" alt=\"\" width=\"1000\" height=\"625\" srcset=\"https:\/\/ledenonciateur224.com\/wp-content\/uploads\/2026\/04\/img-20260430-wa0462.jpg 1000w, https:\/\/ledenonciateur224.com\/wp-content\/uploads\/2026\/04\/img-20260430-wa0462-300x188.jpg 300w, https:\/\/ledenonciateur224.com\/wp-content\/uploads\/2026\/04\/img-20260430-wa0462-768x480.jpg 768w, https:\/\/ledenonciateur224.com\/wp-content\/uploads\/2026\/04\/img-20260430-wa0462-150x94.jpg 150w, https:\/\/ledenonciateur224.com\/wp-content\/uploads\/2026\/04\/img-20260430-wa0462-696x435.jpg 696w, https:\/\/ledenonciateur224.com\/wp-content\/uploads\/2026\/04\/img-20260430-wa0462-672x420.jpg 672w\" sizes=\"auto, (max-width: 1000px) 100vw, 1000px\" \/><\/p>\n<p><span style=\"color: #333333;font-family: helvetica neue, helvetica, roboto, arial, sans-serif\">L\u2019\u00e9v\u00e9nement a r\u00e9uni un parterre de personnalit\u00e9s administratives, d\u2019acteurs culturels et de passionn\u00e9s, tous mobilis\u00e9s autour d\u2019une m\u00eame ambition : magnifier l\u2019identit\u00e9 et les richesses de Kindia, affectueusement surnomm\u00e9e la \u00ab cit\u00e9 des agrumes \u00bb. Cette forte mobilisation t\u00e9moigne de l\u2019int\u00e9r\u00eat croissant que suscite le festival, tant au niveau local que national.<\/span><\/p>\n<p><span style=\"color: #333333;font-family: helvetica neue, helvetica, roboto, arial, sans-serif\">Dans son allocution, la pr\u00e9sidente de l\u2019association Kania Diy\u00e9, Dj\u00e8n\u00e8 Ke\u00efta, a rappel\u00e9 avec conviction la vocation profonde du Kania Soly : pr\u00e9server et promouvoir l\u2019h\u00e9ritage historique et culturel de Kindia. Elle a insist\u00e9 sur la port\u00e9e symbolique et sociale de l\u2019\u00e9v\u00e9nement :<\/span><\/p>\n<p><img loading=\"lazy\" decoding=\"async\" class=\"alignnone size-full wp-image-8465\" src=\"https:\/\/ledenonciateur224.com\/wp-content\/uploads\/2026\/04\/img-20260430-wa0481.jpg\" alt=\"\" width=\"1000\" height=\"611\" srcset=\"https:\/\/ledenonciateur224.com\/wp-content\/uploads\/2026\/04\/img-20260430-wa0481.jpg 1000w, https:\/\/ledenonciateur224.com\/wp-content\/uploads\/2026\/04\/img-20260430-wa0481-300x183.jpg 300w, https:\/\/ledenonciateur224.com\/wp-content\/uploads\/2026\/04\/img-20260430-wa0481-768x469.jpg 768w, https:\/\/ledenonciateur224.com\/wp-content\/uploads\/2026\/04\/img-20260430-wa0481-150x92.jpg 150w, https:\/\/ledenonciateur224.com\/wp-content\/uploads\/2026\/04\/img-20260430-wa0481-696x425.jpg 696w, https:\/\/ledenonciateur224.com\/wp-content\/uploads\/2026\/04\/img-20260430-wa0481-687x420.jpg 687w\" sizes=\"auto, (max-width: 1000px) 100vw, 1000px\" \/><\/p>\n<p><span style=\"color: #333333;font-family: helvetica neue, helvetica, roboto, arial, sans-serif\">\u00ab Ce moment solennel marque le d\u00e9but d\u2019une nouvelle \u00e9tape de notre engagement collectif pour la valorisation de notre patrimoine. Le Festival Kania Soly est bien plus qu\u2019un \u00e9v\u00e9nement ; c\u2019est un espace de transmission interg\u00e9n\u00e9rationnelle et un puissant vecteur de coh\u00e9sion sociale \u00bb, a-t-elle d\u00e9clar\u00e9 avec enthousiasme.<\/span><\/p>\n<p><span style=\"color: #333333;font-family: helvetica neue, helvetica, roboto, arial, sans-serif\">Pour cette septi\u00e8me \u00e9dition, les organisateurs ont r\u00e9solument mis\u00e9 sur l\u2019ouverture et le brassage culturel, avec des innovations majeures qui renforcent l\u2019attractivit\u00e9 du festival. Dj\u00e8n\u00e8 Ke\u00efta a ainsi annonc\u00e9 :<\/span><\/p>\n<p><span style=\"color: #333333;font-family: helvetica neue, helvetica, roboto, arial, sans-serif\">R\u00e9gion \u00e0 l\u2019honneur : Bok\u00e9<\/span><\/p>\n<p><span style=\"color: #333333;font-family: helvetica neue, helvetica, roboto, arial, sans-serif\">Pays invit\u00e9 d\u2019honneur : la France<\/span><\/p>\n<p><span style=\"color: #333333;font-family: helvetica neue, helvetica, roboto, arial, sans-serif\">Ces choix traduisent une volont\u00e9 affirm\u00e9e de favoriser les \u00e9changes culturels et de cr\u00e9er des passerelles entre les peuples, tout en valorisant la diversit\u00e9 culturelle guin\u00e9enne et internationale.<\/span><\/p>\n<p><span style=\"color: #333333;font-family: helvetica neue, helvetica, roboto, arial, sans-serif\">L\u2019ambition affich\u00e9e est claire : positionner le Kania Soly comme une v\u00e9ritable vitrine culturelle de r\u00e9f\u00e9rence en Afrique de l\u2019Ouest. Une dynamique que soutient fermement le Commissaire G\u00e9n\u00e9ral de l\u2019\u00e9v\u00e9nement, l\u2019honorable Sorel Ke\u00efta. Dans son intervention, il a soulign\u00e9 l\u2019envergure grandissante du festival :<\/span><\/p>\n<p><span style=\"color: #333333;font-family: helvetica neue, helvetica, roboto, arial, sans-serif\">\u00ab Nous voulons vendre notre culture \u00e0 l\u2019international. Cette \u00e9dition sera magique et exceptionnelle gr\u00e2ce \u00e0 des touches particuli\u00e8res qui assureront son rayonnement \u00bb, a-t-il affirm\u00e9.<\/span><\/p>\n<p><span style=\"color: #333333;font-family: helvetica neue, helvetica, roboto, arial, sans-serif\">Selon lui, le Kania Soly d\u00e9passe d\u00e9sormais le cadre local pour devenir un patrimoine national, port\u00e9 par toute la Guin\u00e9e et ouvert sur le monde.<\/span><\/p>\n<p><span style=\"color: #333333;font-family: helvetica neue, helvetica, roboto, arial, sans-serif\">Le rendez-vous est donc officiellement lanc\u00e9 : du 26 mai au 1er juin 2026, Kindia vibrera au rythme d\u2019une semaine riche en couleurs, en traditions et en rencontres. Spectacles, expositions, prestations artistiques et moments de partage viendront rythmer cette c\u00e9l\u00e9bration d\u00e9di\u00e9e aux valeurs de la cit\u00e9 de Manga Kindi Camara.<\/span><\/p>\n<p><span style=\"color: #333333;font-family: helvetica neue, helvetica, roboto, arial, sans-serif\">Plus qu\u2019un simple festival, le Kania Soly s\u2019impose comme un v\u00e9ritable carrefour culturel, o\u00f9 pass\u00e9 et pr\u00e9sent se rencontrent pour construire un avenir commun, fond\u00e9 sur l\u2019identit\u00e9, la solidarit\u00e9 et l\u2019ouverture.<\/span><\/p>\n<p>&nbsp;<\/p>\n<p>&nbsp;<\/p>\n<p>Ledenonciateur224.com<\/p>\n","protected":false},"excerpt":{"rendered":"<p>En pr\u00e9lude \u00e0 la 7\u1d49 \u00e9dition du festival Kania Soly, l\u2019association Kania Diy\u00e9, en collaboration avec le Club Amical de Kindia, a anim\u00e9 une conf\u00e9rence de presse ce mercredi 29 avril \u00e0 l\u2019espace culturel Sory Kandia Kouyat\u00e9. Cette rencontre strat\u00e9gique avait pour objectif de lever le voile sur les grandes articulations de cet \u00e9v\u00e9nement culturel [&hellip;]<\/p>\n","protected":false},"author":2,"featured_media":8463,"comment_status":"closed","ping_status":"closed","sticky":false,"template":"","format":"standard","meta":{"_jetpack_memberships_contains_paid_content":false,"footnotes":"","jetpack_publicize_message":"","jetpack_publicize_feature_enabled":true,"jetpack_social_post_already_shared":true,"jetpack_social_options":{"image_generator_settings":{"template":"highway","default_image_id":0,"font":"","enabled":false},"version":2}},"categories":[28,24],"tags":[509,342,35],"class_list":{"0":"post-8461","1":"post","2":"type-post","3":"status-publish","4":"format-standard","5":"has-post-thumbnail","7":"category-culture","8":"category-news","9":"tag-association-kania-dye","10":"tag-culture","11":"tag-guinee"},"jetpack_publicize_connections":[],"jetpack_featured_media_url":"https:\/\/ledenonciateur224.com\/wp-content\/uploads\/2026\/04\/img-20260430-wa0472-1.jpg","jetpack_sharing_enabled":true,"_links":{"self":[{"href":"https:\/\/ledenonciateur224.com\/index.php\/wp-json\/wp\/v2\/posts\/8461","targetHints":{"allow":["GET"]}}],"collection":[{"href":"https:\/\/ledenonciateur224.com\/index.php\/wp-json\/wp\/v2\/posts"}],"about":[{"href":"https:\/\/ledenonciateur224.com\/index.php\/wp-json\/wp\/v2\/types\/post"}],"author":[{"embeddable":true,"href":"https:\/\/ledenonciateur224.com\/index.php\/wp-json\/wp\/v2\/users\/2"}],"replies":[{"embeddable":true,"href":"https:\/\/ledenonciateur224.com\/index.php\/wp-json\/wp\/v2\/comments?post=8461"}],"version-history":[{"count":1,"href":"https:\/\/ledenonciateur224.com\/index.php\/wp-json\/wp\/v2\/posts\/8461\/revisions"}],"predecessor-version":[{"id":8466,"href":"https:\/\/ledenonciateur224.com\/index.php\/wp-json\/wp\/v2\/posts\/8461\/revisions\/8466"}],"wp:featuredmedia":[{"embeddable":true,"href":"https:\/\/ledenonciateur224.com\/index.php\/wp-json\/wp\/v2\/media\/8463"}],"wp:attachment":[{"href":"https:\/\/ledenonciateur224.com\/index.php\/wp-json\/wp\/v2\/media?parent=8461"}],"wp:term":[{"taxonomy":"category","embeddable":true,"href":"https:\/\/ledenonciateur224.com\/index.php\/wp-json\/wp\/v2\/categories?post=8461"},{"taxonomy":"post_tag","embeddable":true,"href":"https:\/\/ledenonciateur224.com\/index.php\/wp-json\/wp\/v2\/tags?post=8461"}],"curies":[{"name":"wp","href":"https:\/\/api.w.org\/{rel}","templated":true}]}}