{"id":847,"date":"2025-01-09T19:45:26","date_gmt":"2025-01-09T19:45:26","guid":{"rendered":"https:\/\/ledenonciateur224.com\/?p=847"},"modified":"2025-01-09T19:56:42","modified_gmt":"2025-01-09T19:56:42","slug":"guinee-ousmane-gaoual-diallo-refute-lexil-force-des-opposants-politiques","status":"publish","type":"post","link":"https:\/\/ledenonciateur224.com\/index.php\/guinee-ousmane-gaoual-diallo-refute-lexil-force-des-opposants-politiques\/","title":{"rendered":"Guin\u00e9e : Ousmane Gaoual Diallo r\u00e9fute l&rsquo;exil forc\u00e9 des opposants politiques"},"content":{"rendered":"<p><span style=\"color: #333333;font-family: helvetica neue, helvetica, roboto, arial, sans-serif\">Dans une r\u00e9cente interview sur la Radio France International de (RFI), le ministre des Transports, Ousmane Gaoual Diallo, a affirm\u00e9 que \u00ab aucun responsable politique n\u2019est pouss\u00e9 \u00e0 l\u2019exil \u00e0 ce jour pour des faits li\u00e9s \u00e0 la libert\u00e9 d\u2019expression ou \u00e0 des critiques \u00bb. Cette d\u00e9claration intervient alors que plusieurs figures de l\u2019opposition, telles que Cellou Dalein Diallo, Sidya Tour\u00e9 et d&rsquo;autres personnalit\u00e9s politiques, d\u00e9noncent des pressions politiques les ayant contraintes \u00e0 quitter le pays, notamment en raison de leur opposition au r\u00e9gime en place.<\/span><\/p>\n<p>&nbsp;<\/p>\n<p>&nbsp;<\/p>\n<p><span style=\"color: #333333;font-family: helvetica neue, helvetica, roboto, arial, sans-serif\">Ousmane Gaoual, qui occupe \u00e9galement le r\u00f4le de porte-parole du gouvernement, a pr\u00e9cis\u00e9 que les responsables politiques ayant quitt\u00e9 la Guin\u00e9e l&rsquo;ont fait de leur propre initiative. Il a ajout\u00e9 : \u00ab Il n\u2019y a aucune proc\u00e9dure judiciaire contre Cellou Dalein Diallo et Sidya Tour\u00e9, personne ne les a pouss\u00e9s \u00e0 quitter le pays. \u00bb Selon lui, le gouvernement guin\u00e9en respecte les libert\u00e9s individuelles et n&rsquo;engage aucune pers\u00e9cution contre les opposants en raison de leurs critiques politiques.<\/span><\/p>\n<p>&nbsp;<\/p>\n<p>&nbsp;<\/p>\n<p>Ledenonciateur224.com<\/p>\n","protected":false},"excerpt":{"rendered":"<p>Dans une r\u00e9cente interview sur la Radio France International de (RFI), le ministre des Transports, Ousmane Gaoual Diallo, a affirm\u00e9 que \u00ab aucun responsable politique n\u2019est pouss\u00e9 \u00e0 l\u2019exil \u00e0 ce jour pour des faits li\u00e9s \u00e0 la libert\u00e9 d\u2019expression ou \u00e0 des critiques \u00bb. Cette d\u00e9claration intervient alors que plusieurs figures de l\u2019opposition, telles [&hellip;]<\/p>\n","protected":false},"author":2,"featured_media":850,"comment_status":"open","ping_status":"open","sticky":false,"template":"","format":"standard","meta":{"_jetpack_memberships_contains_paid_content":false,"footnotes":"","jetpack_publicize_message":"","jetpack_publicize_feature_enabled":true,"jetpack_social_post_already_shared":false,"jetpack_social_options":{"image_generator_settings":{"template":"highway","default_image_id":0,"font":"","enabled":false},"version":2}},"categories":[31,24,27],"tags":[36,35,181,143],"class_list":{"0":"post-847","1":"post","2":"type-post","3":"status-publish","4":"format-standard","5":"has-post-thumbnail","7":"category-interview","8":"category-news","9":"category-politique","10":"tag-conakry","11":"tag-guinee","12":"tag-les-leaders-politiques","13":"tag-ousmane-gaoual-diallo"},"jetpack_publicize_connections":[],"jetpack_featured_media_url":"https:\/\/ledenonciateur224.com\/wp-content\/uploads\/2025\/01\/gaoual-okfq-fc-1024x783-1.jpg","jetpack_sharing_enabled":true,"_links":{"self":[{"href":"https:\/\/ledenonciateur224.com\/index.php\/wp-json\/wp\/v2\/posts\/847","targetHints":{"allow":["GET"]}}],"collection":[{"href":"https:\/\/ledenonciateur224.com\/index.php\/wp-json\/wp\/v2\/posts"}],"about":[{"href":"https:\/\/ledenonciateur224.com\/index.php\/wp-json\/wp\/v2\/types\/post"}],"author":[{"embeddable":true,"href":"https:\/\/ledenonciateur224.com\/index.php\/wp-json\/wp\/v2\/users\/2"}],"replies":[{"embeddable":true,"href":"https:\/\/ledenonciateur224.com\/index.php\/wp-json\/wp\/v2\/comments?post=847"}],"version-history":[{"count":0,"href":"https:\/\/ledenonciateur224.com\/index.php\/wp-json\/wp\/v2\/posts\/847\/revisions"}],"wp:featuredmedia":[{"embeddable":true,"href":"https:\/\/ledenonciateur224.com\/index.php\/wp-json\/wp\/v2\/media\/850"}],"wp:attachment":[{"href":"https:\/\/ledenonciateur224.com\/index.php\/wp-json\/wp\/v2\/media?parent=847"}],"wp:term":[{"taxonomy":"category","embeddable":true,"href":"https:\/\/ledenonciateur224.com\/index.php\/wp-json\/wp\/v2\/categories?post=847"},{"taxonomy":"post_tag","embeddable":true,"href":"https:\/\/ledenonciateur224.com\/index.php\/wp-json\/wp\/v2\/tags?post=847"}],"curies":[{"name":"wp","href":"https:\/\/api.w.org\/{rel}","templated":true}]}}