{"id":8477,"date":"2026-05-01T09:38:29","date_gmt":"2026-05-01T09:38:29","guid":{"rendered":"https:\/\/ledenonciateur224.com\/?p=8477"},"modified":"2026-05-01T09:38:29","modified_gmt":"2026-05-01T09:38:29","slug":"mali-quand-le-berceau-de-la-charte-de-kurukan-fuga-pleure-cest-lafrique-entiere-qui-doit-trembler","status":"publish","type":"post","link":"https:\/\/ledenonciateur224.com\/index.php\/mali-quand-le-berceau-de-la-charte-de-kurukan-fuga-pleure-cest-lafrique-entiere-qui-doit-trembler\/","title":{"rendered":"Mali, quand le berceau de la Charte de Kurukan Fuga pleure, c\u2019est l\u2019Afrique enti\u00e8re qui doit trembler"},"content":{"rendered":"<div dir=\"auto\">Par Mohamed Yarie Tour\u00e9Au peule vaillant du Mali, \u00e0 ces \u00e2mes r\u00e9silientes qui traversent aujourd\u2019hui une situation d\u2019ins\u00e9curit\u00e9 grandissante. Nous devons plus que les mots. Nous vous devons une voix.Le 25 avril, des attaques terroristes ont vis\u00e9 plusieurs localit\u00e9s maliennes, arrach\u00e9 des vies, bris\u00e9 des familles. Nos pens\u00e9es se tournent vers les victimes : des civils anonymes aux serviteurs de l\u2019Etat tomb\u00e9s les armes \u00e0 la main. Il est atroce de vivre dans la terreur, l\u00e0 o\u00f9 la pr\u00e9occupation n\u2019est plus le pain quotidien, mais le seul droit de respirer un jour de plus.Comment ignorer le regard de ces enfants, dont l\u2019innocence est viol\u00e9e par une violence qu\u2019ils ne comprennent pas ? Comment ne pas s\u2019indigner pour ces femmes qui, au p\u00e9ril de leur vie, luttent chaque instant pour pr\u00e9server leur dignit\u00e9 face \u00e0 la cruaut\u00e9 ? Comment consoler ces maliens de la diaspora qui s\u2019inqui\u00e8tent au quotidien pour leurs familles ? De Kidal \u00e0 Bamako, de Kita \u00e0 S\u00e9var\u00e9, de Tombouctou \u00e0 Gao, le sol malien pleure. Mais ces larmes sont\u00a0 celles d\u2019un peuple dont le patriotisme et la r\u00e9silience forment un socle in\u00e9branlable.La s\u00e9curit\u00e9 collective, une urgence continentale.\u00ab Quand un loup attaque votre voisin, ne lui demandez pas seulement de le l\u00e2cher; exigez qu\u2019il vous lib\u00e8re, tous. \u00bb Seule la langue soussou est capable de porter la profondeur de ce proverbe sans amoindrir ses nuances les plus subtiles. Cependant, la traduction de ce dicton dans une langue \u00e9trang\u00e8re n\u2019a rien enlev\u00e9 de son caract\u00e8re formel : le principe de la s\u00e9curit\u00e9 collective.L\u2019ins\u00e9curit\u00e9 au Mali n\u2019est pas une \u2018\u2019 crise locale\u2019\u2019, c\u2019est une pr\u00e9occupation africaine. La place de l\u2019Union Africaine et de la CEDEAO doit d\u00e9sormais se situer au-del\u00e0 des communiqu\u00e9s de presse et des discours de circonstances.L\u2019heure n\u2019est plus aux paroles, mais \u00e0 l\u2019action. Agir au Mali, c\u2019est agir pour le Sahel. Faire un front commun est un imp\u00e9ratif, non seulement pour la stabilit\u00e9 sous r\u00e9gionale, mais pour la souverainet\u00e9 m\u00eame de notre continent.\u00a0 \u00a0 Un g\u00e9ant culturel et historique ne doit pas tomber.Le Mali ne doit pas tomber. Ce pays est un r\u00e9servoir de talents, port\u00e9 par une jeunesse patriote et lumineuse. C\u2019est la terre de Seydou Ke\u00efta, de Fr\u00e9deric Kanout\u00e9 et d\u2019Yves Bissouma ; c\u2019est la voix \u00e9pique de Salif Ke\u00efta et de Fatoumata Diawara ; c\u2019est la Kora c\u00e9leste de Toumani Diabat\u00e9. Sa culture rayonne, apaise et soigne au-del\u00e0 de ses fronti\u00e8res.Plus encore, le Mali est le gardien d\u2019une civilisation ancienne. Qui peut ignorer l\u2019h\u00e9ritage de Soudjata Ke\u00efta et de l\u2019empire du Mandingue ? Il est\u00a0 important de rappeler que la Charte de kurukan Fuga, proclam\u00e9e en 1236, est l\u2019une des plus vielles constitutions au Monde. Bien avant la d\u00e9claration des droits de l\u2019homme et du citoyen de 1789, elle affirmait : \u00ab chacun a droit \u00e0 la vie et \u00e0 la pr\u00e9servation de son int\u00e9grit\u00e9 physique. \u00bb Certains historiens y voient, \u00e0 juste titre, la source d\u2019inspiration universelle de la dignit\u00e9 humaine. En gravant ces principes dans les creux de l\u2019histoire, le Mali a d\u00e9gonfl\u00e9 la propagande\u00a0 v\u00e9hiculant des repr\u00e9sentations st\u00e9r\u00e9otyp\u00e9es, des m\u00e9taphores coup\u00e9es du r\u00e9el, comme celle de : l\u2019Afrique n\u2019est pas encore entr\u00e9e dans l\u2019histoire. Quelle inculture !\u00a0 \u00a0L\u2019appel \u00e0 la r\u00e9sistance au c\u00f4t\u00e9 des FAMA (Forces des arm\u00e9es maliennes.)Prot\u00e9ger le Mali, c\u2019est prot\u00e9ger un peuple fr\u00e8re, prot\u00e9ger une m\u00e9moire. C\u2019est refuser la chute d\u2019un pilier de notre identit\u00e9 africaine.Il est crucial d\u2019appeler les dirigeants et les peuples fr\u00e8res \u00e0 la solidarit\u00e9 active.<\/div>\n<div dir=\"auto\"><\/div>\n<div dir=\"auto\">Que l\u2019union et la r\u00e9sistance farouche des Maliens trouvent une r\u00e9sonnance dans chaque capitale africaine. Car si le Mali vacille, c\u2019est une part de notre humanit\u00e9 et de notre fiert\u00e9 qui s\u2019effondre. Le Mali est debout. Restons debout avec lui.<\/div>\n<div dir=\"auto\"><\/div>\n<div dir=\"auto\"><\/div>\n<div dir=\"auto\"><\/div>\n<div dir=\"auto\">Mohamed Yarie Tour\u00e9, auteur &amp; membre de la diaspora guin\u00e9enne.<\/div>\n","protected":false},"excerpt":{"rendered":"<p>Par Mohamed Yarie Tour\u00e9Au peule vaillant du Mali, \u00e0 ces \u00e2mes r\u00e9silientes qui traversent aujourd\u2019hui une situation d\u2019ins\u00e9curit\u00e9 grandissante. Nous devons plus que les mots. Nous vous devons une voix.Le 25 avril, des attaques terroristes ont vis\u00e9 plusieurs localit\u00e9s maliennes, arrach\u00e9 des vies, bris\u00e9 des familles. Nos pens\u00e9es se tournent vers les victimes : des [&hellip;]<\/p>\n","protected":false},"author":2,"featured_media":8478,"comment_status":"closed","ping_status":"closed","sticky":false,"template":"","format":"standard","meta":{"_jetpack_memberships_contains_paid_content":false,"footnotes":"","jetpack_publicize_message":"","jetpack_publicize_feature_enabled":true,"jetpack_social_post_already_shared":true,"jetpack_social_options":{"image_generator_settings":{"template":"highway","default_image_id":0,"font":"","enabled":false},"version":2}},"categories":[38,24],"tags":[1588,495],"class_list":{"0":"post-8477","1":"post","2":"type-post","3":"status-publish","4":"format-standard","5":"has-post-thumbnail","7":"category-international","8":"category-news","9":"tag-terrorisme","10":"tag-transition-mali"},"jetpack_publicize_connections":[],"jetpack_featured_media_url":"https:\/\/ledenonciateur224.com\/wp-content\/uploads\/2026\/05\/img-20260430-wa0539.jpg","jetpack_sharing_enabled":true,"_links":{"self":[{"href":"https:\/\/ledenonciateur224.com\/index.php\/wp-json\/wp\/v2\/posts\/8477","targetHints":{"allow":["GET"]}}],"collection":[{"href":"https:\/\/ledenonciateur224.com\/index.php\/wp-json\/wp\/v2\/posts"}],"about":[{"href":"https:\/\/ledenonciateur224.com\/index.php\/wp-json\/wp\/v2\/types\/post"}],"author":[{"embeddable":true,"href":"https:\/\/ledenonciateur224.com\/index.php\/wp-json\/wp\/v2\/users\/2"}],"replies":[{"embeddable":true,"href":"https:\/\/ledenonciateur224.com\/index.php\/wp-json\/wp\/v2\/comments?post=8477"}],"version-history":[{"count":1,"href":"https:\/\/ledenonciateur224.com\/index.php\/wp-json\/wp\/v2\/posts\/8477\/revisions"}],"predecessor-version":[{"id":8479,"href":"https:\/\/ledenonciateur224.com\/index.php\/wp-json\/wp\/v2\/posts\/8477\/revisions\/8479"}],"wp:featuredmedia":[{"embeddable":true,"href":"https:\/\/ledenonciateur224.com\/index.php\/wp-json\/wp\/v2\/media\/8478"}],"wp:attachment":[{"href":"https:\/\/ledenonciateur224.com\/index.php\/wp-json\/wp\/v2\/media?parent=8477"}],"wp:term":[{"taxonomy":"category","embeddable":true,"href":"https:\/\/ledenonciateur224.com\/index.php\/wp-json\/wp\/v2\/categories?post=8477"},{"taxonomy":"post_tag","embeddable":true,"href":"https:\/\/ledenonciateur224.com\/index.php\/wp-json\/wp\/v2\/tags?post=8477"}],"curies":[{"name":"wp","href":"https:\/\/api.w.org\/{rel}","templated":true}]}}