{"id":851,"date":"2025-01-09T22:29:03","date_gmt":"2025-01-09T22:29:03","guid":{"rendered":"https:\/\/ledenonciateur224.com\/?p=851"},"modified":"2025-01-09T22:29:03","modified_gmt":"2025-01-09T22:29:03","slug":"le-ministere-de-ladministration-du-territoire-exige-la-regularisation-des-mouvements-politiques-et-suspend-la-collaboration-avec-certains-partis","status":"publish","type":"post","link":"https:\/\/ledenonciateur224.com\/index.php\/le-ministere-de-ladministration-du-territoire-exige-la-regularisation-des-mouvements-politiques-et-suspend-la-collaboration-avec-certains-partis\/","title":{"rendered":"Le Minist\u00e8re de l&rsquo;Administration du Territoire exige la r\u00e9gularisation des mouvements politiques et suspend la collaboration avec certains partis"},"content":{"rendered":"<p>Dans un contexte de transition politique en Guin\u00e9e, des mouvements pro et anti-CNRD \u00e9mergent \u00e0 travers le pays. Toutefois, ces initiatives doivent imp\u00e9rativement respecter la l\u00e9gislation en vigueur, notamment en obtenant une autorisation pr\u00e9alable pour leurs activit\u00e9s.<\/p>\n<p>&nbsp;<\/p>\n<p>&nbsp;<\/p>\n<p>Ce jeudi 9 janvier 2025, le Minist\u00e8re de l\u2019Administration du Territoire et de la D\u00e9centralisation (MATD) a exprim\u00e9 ses inqui\u00e9tudes face \u00e0 la prolif\u00e9ration de ces mouvements non enregistr\u00e9s. Le ministre de l&rsquo;Administration, le G\u00e9n\u00e9ral \u00e0 la retraite Elhaj Ibrahima Khalil Cond\u00e9, a d\u00e9plor\u00e9 le manque d\u2019autorisation administrative pr\u00e9alable pour de nombreux groupes politiques, affirmant que cela contrevient aux lois sur les partis politiques, notamment la Charte des partis politiques.<\/p>\n<p>&nbsp;<\/p>\n<p>R\u00e9gularisation et cessation des activit\u00e9s ill\u00e9gales<\/p>\n<p>Il a exig\u00e9 la cessation imm\u00e9diate des activit\u00e9s de ces mouvements non autoris\u00e9s et les a invit\u00e9s \u00e0 soumettre une demande officielle d&rsquo;enregistrement aupr\u00e8s du minist\u00e8re. L&rsquo;objectif est de garantir leur l\u00e9gitimit\u00e9 juridique et d\u2019assurer le bon fonctionnement du processus d\u00e9mocratique dans le respect de l&rsquo;\u00c9tat de droit.<\/p>\n<p>&nbsp;<\/p>\n<p>Suspension de la collaboration avec les partis non conformes<\/p>\n<p>Par ailleurs, le ministre a annonc\u00e9 que les institutions nationales et internationales, ainsi que les partenaires techniques et financiers, doivent cesser toute collaboration avec les 54 partis politiques suspendus jusqu\u2019au 31 janvier 2025, en raison de leur non-conformit\u00e9 aux normes l\u00e9gales. Un nouveau communiqu\u00e9 sera \u00e9mis apr\u00e8s cette date, pr\u00e9voyant d\u2019\u00e9ventuelles sanctions suppl\u00e9mentaires.<\/p>\n<p>&nbsp;<\/p>\n<p>Respect des d\u00e9cisions de justice pour les partis en conflit interne<\/p>\n<p>Pour les partis en litige interne, le ministre a rappel\u00e9 l\u2019obligation de respecter les d\u00e9cisions de justice ou d&rsquo;attendre leur r\u00e9solution. Cette mise en garde vise \u00e0 maintenir l\u2019ordre et \u00e0 pr\u00e9venir toute d\u00e9rive.<\/p>\n<p>Les partis l\u00e9gaux continuent leurs activit\u00e9s<\/p>\n<p>Enfin, le ministre a rassur\u00e9 les partis politiques en r\u00e8gle que leurs activit\u00e9s sont autoris\u00e9es et doivent se d\u00e9rouler dans le cadre des lois en vigueur, soulignant que la libert\u00e9 politique est garantie tant qu\u2019elle respecte la l\u00e9galit\u00e9.<\/p>\n<p>&nbsp;<\/p>\n<p>&nbsp;<\/p>\n<p>Cette annonce refl\u00e8te l&rsquo;engagement du gouvernement \u00e0 garantir une gestion transparente et l\u00e9gale des partis politiques dans un environnement en pleine transition d\u00e9mocratique.<\/p>\n<p>&nbsp;<\/p>\n<p>&nbsp;<\/p>\n<p>&nbsp;<\/p>\n<p>N&rsquo;sira Sylla<\/p>\n","protected":false},"excerpt":{"rendered":"<p>Dans un contexte de transition politique en Guin\u00e9e, des mouvements pro et anti-CNRD \u00e9mergent \u00e0 travers le pays. Toutefois, ces initiatives doivent imp\u00e9rativement respecter la l\u00e9gislation en vigueur, notamment en obtenant une autorisation pr\u00e9alable pour leurs activit\u00e9s. &nbsp; &nbsp; Ce jeudi 9 janvier 2025, le Minist\u00e8re de l\u2019Administration du Territoire et de la D\u00e9centralisation (MATD) [&hellip;]<\/p>\n","protected":false},"author":2,"featured_media":852,"comment_status":"open","ping_status":"open","sticky":false,"template":"","format":"standard","meta":{"_jetpack_memberships_contains_paid_content":false,"footnotes":"","jetpack_publicize_message":"","jetpack_publicize_feature_enabled":true,"jetpack_social_post_already_shared":false,"jetpack_social_options":{"image_generator_settings":{"template":"highway","default_image_id":0,"font":"","enabled":false},"version":2}},"categories":[24,27],"tags":[99,190],"class_list":{"0":"post-851","1":"post","2":"type-post","3":"status-publish","4":"format-standard","5":"has-post-thumbnail","7":"category-news","8":"category-politique","9":"tag-assemblee-generale-des-partis-politiques","10":"tag-matd"},"jetpack_publicize_connections":[],"jetpack_featured_media_url":"https:\/\/ledenonciateur224.com\/wp-content\/uploads\/2025\/01\/kalilconde-768x600-1.jpg","jetpack_sharing_enabled":true,"_links":{"self":[{"href":"https:\/\/ledenonciateur224.com\/index.php\/wp-json\/wp\/v2\/posts\/851","targetHints":{"allow":["GET"]}}],"collection":[{"href":"https:\/\/ledenonciateur224.com\/index.php\/wp-json\/wp\/v2\/posts"}],"about":[{"href":"https:\/\/ledenonciateur224.com\/index.php\/wp-json\/wp\/v2\/types\/post"}],"author":[{"embeddable":true,"href":"https:\/\/ledenonciateur224.com\/index.php\/wp-json\/wp\/v2\/users\/2"}],"replies":[{"embeddable":true,"href":"https:\/\/ledenonciateur224.com\/index.php\/wp-json\/wp\/v2\/comments?post=851"}],"version-history":[{"count":0,"href":"https:\/\/ledenonciateur224.com\/index.php\/wp-json\/wp\/v2\/posts\/851\/revisions"}],"wp:featuredmedia":[{"embeddable":true,"href":"https:\/\/ledenonciateur224.com\/index.php\/wp-json\/wp\/v2\/media\/852"}],"wp:attachment":[{"href":"https:\/\/ledenonciateur224.com\/index.php\/wp-json\/wp\/v2\/media?parent=851"}],"wp:term":[{"taxonomy":"category","embeddable":true,"href":"https:\/\/ledenonciateur224.com\/index.php\/wp-json\/wp\/v2\/categories?post=851"},{"taxonomy":"post_tag","embeddable":true,"href":"https:\/\/ledenonciateur224.com\/index.php\/wp-json\/wp\/v2\/tags?post=851"}],"curies":[{"name":"wp","href":"https:\/\/api.w.org\/{rel}","templated":true}]}}