{"id":861,"date":"2025-01-11T21:10:30","date_gmt":"2025-01-11T21:10:30","guid":{"rendered":"https:\/\/ledenonciateur224.com\/?p=861"},"modified":"2025-01-11T21:10:30","modified_gmt":"2025-01-11T21:10:30","slug":"kalemoudou-yansane-defend-cellou-dalein-face-aux-accusations-de-peur-et-de-fuite","status":"publish","type":"post","link":"https:\/\/ledenonciateur224.com\/index.php\/kalemoudou-yansane-defend-cellou-dalein-face-aux-accusations-de-peur-et-de-fuite\/","title":{"rendered":"Kal\u00e9moudou Yansan\u00e9 d\u00e9fend Cellou Dalein face aux accusations de peur et de fuite"},"content":{"rendered":"<div dir=\"auto\">Depuis quelques jours, des voix s\u2019\u00e9l\u00e8vent pour critiquer Cellou Dalein Diallo, pr\u00e9sident de l\u2019UFDG, en l\u2019accusant d\u2019avoir fui le pays pour \u00e9viter la justice et d\u2019\u00eatre peureux. En r\u00e9ponse, Kal\u00e9modou Yansan\u00e9, vice-pr\u00e9sident charg\u00e9 des affaires \u00e9conomiques du parti, a vigoureusement d\u00e9fendu son leader lors de l\u2019assembl\u00e9e g\u00e9n\u00e9rale hebdomadaire du samedi 11 janvier 2025.<\/div>\n<div dir=\"auto\"><\/div>\n<div dir=\"auto\"><\/div>\n<div dir=\"auto\"><\/div>\n<div dir=\"auto\">D\u00e9mentant fermement ces accusations, Yansan\u00e9 a rappel\u00e9 les \u00e9preuves difficiles travers\u00e9es par Cellou Dalein au cours des ann\u00e9es, notamment sous la pr\u00e9sidence d&rsquo;Alpha Cond\u00e9. Il a \u00e9voqu\u00e9 un incident dramatique o\u00f9 des tirs \u00e0 bout portant ont vis\u00e9 le v\u00e9hicule de Cellou, lequel a \u00e9chapp\u00e9 miraculeusement \u00e0 la mort gr\u00e2ce \u00e0 la protection divine. \u00ab Si Cellou avait \u00e9t\u00e9 peureux, il aurait abandonn\u00e9, mais il a continu\u00e9 le combat \u00bb, a-t-il soulign\u00e9, insistant sur le courage ind\u00e9niable du leader de l\u2019UFDG.<\/div>\n<div dir=\"auto\"><\/div>\n<div dir=\"auto\"><\/div>\n<div dir=\"auto\"><\/div>\n<div dir=\"auto\">Yansan\u00e9 a aussi racont\u00e9 un autre \u00e9pisode marquant, lors du retour de Cellou de l\u2019\u00e9tranger, o\u00f9 le cort\u00e8ge a \u00e9t\u00e9 attaqu\u00e9 par les forces de l\u2019ordre et des \u00ab Mambas \u00bb. Malgr\u00e9 les gaz lacrymog\u00e8nes et les violentes percussions de son v\u00e9hicule, Cellou a fait preuve d\u2019un sang-froid exceptionnel et a m\u00eame mis sa propre s\u00e9curit\u00e9 en danger pour \u00e9viter qu\u2019elle ne soit tu\u00e9e. \u00ab Il a fait face sans fl\u00e9chir, d\u00e9montrant une r\u00e9silience hors du commun \u00bb, a-t-il affirm\u00e9.<\/div>\n<div dir=\"auto\"><\/div>\n<div dir=\"auto\"><\/div>\n<div dir=\"auto\"><\/div>\n<div dir=\"auto\">L\u2019ancien d\u00e9put\u00e9 a \u00e9galement insist\u00e9 sur le fait que l\u2019UFDG, dirig\u00e9e par un homme pacifique, n\u2019a jamais cherch\u00e9 \u00e0 envenimer les choses et a toujours pr\u00f4n\u00e9 la paix, malgr\u00e9 les provocations et les violences qu\u2019elle a subies. Il a appel\u00e9 \u00e0 la prudence et au respect dans les discours politiques, soulignant que qualifier Cellou Dalein de \u00ab peureux \u00bb est non seulement inexact mais \u00e9galement injuste.<\/div>\n<div dir=\"auto\"><\/div>\n<div dir=\"auto\">Pour conclure, Kal\u00e9modou Yansan\u00e9 a r\u00e9affirm\u00e9 la position pacifique du parti, tout en appelant les dirigeants et les militants \u00e0 maintenir un langage respectueux et responsable. \u00ab Dire que Cellou est peureux, ce n\u2019est pas du tout juste \u00bb, a-t-il r\u00e9it\u00e9r\u00e9 avec fermet\u00e9.<\/div>\n<div dir=\"auto\"><\/div>\n<div dir=\"auto\"><\/div>\n<div dir=\"auto\"><\/div>\n<div dir=\"auto\"><\/div>\n<div dir=\"auto\">Ledenonciateur224.com<\/div>\n<div dir=\"auto\"><\/div>\n","protected":false},"excerpt":{"rendered":"<p>Depuis quelques jours, des voix s\u2019\u00e9l\u00e8vent pour critiquer Cellou Dalein Diallo, pr\u00e9sident de l\u2019UFDG, en l\u2019accusant d\u2019avoir fui le pays pour \u00e9viter la justice et d\u2019\u00eatre peureux. En r\u00e9ponse, Kal\u00e9modou Yansan\u00e9, vice-pr\u00e9sident charg\u00e9 des affaires \u00e9conomiques du parti, a vigoureusement d\u00e9fendu son leader lors de l\u2019assembl\u00e9e g\u00e9n\u00e9rale hebdomadaire du samedi 11 janvier 2025. D\u00e9mentant fermement [&hellip;]<\/p>\n","protected":false},"author":2,"featured_media":862,"comment_status":"open","ping_status":"open","sticky":false,"template":"","format":"standard","meta":{"_jetpack_memberships_contains_paid_content":false,"footnotes":"","jetpack_publicize_message":"","jetpack_publicize_feature_enabled":true,"jetpack_social_post_already_shared":false,"jetpack_social_options":{"image_generator_settings":{"template":"highway","default_image_id":0,"font":"","enabled":false},"version":2}},"categories":[24,27],"tags":[64,36,35,193,65],"class_list":{"0":"post-861","1":"post","2":"type-post","3":"status-publish","4":"format-standard","5":"has-post-thumbnail","7":"category-news","8":"category-politique","9":"tag-cellou-dalein-diallo","10":"tag-conakry","11":"tag-guinee","12":"tag-kalemodou-yansane","13":"tag-ufdg"},"jetpack_publicize_connections":[],"jetpack_featured_media_url":"https:\/\/ledenonciateur224.com\/wp-content\/uploads\/2025\/01\/img-20250111-wa0176.jpg","jetpack_sharing_enabled":true,"_links":{"self":[{"href":"https:\/\/ledenonciateur224.com\/index.php\/wp-json\/wp\/v2\/posts\/861","targetHints":{"allow":["GET"]}}],"collection":[{"href":"https:\/\/ledenonciateur224.com\/index.php\/wp-json\/wp\/v2\/posts"}],"about":[{"href":"https:\/\/ledenonciateur224.com\/index.php\/wp-json\/wp\/v2\/types\/post"}],"author":[{"embeddable":true,"href":"https:\/\/ledenonciateur224.com\/index.php\/wp-json\/wp\/v2\/users\/2"}],"replies":[{"embeddable":true,"href":"https:\/\/ledenonciateur224.com\/index.php\/wp-json\/wp\/v2\/comments?post=861"}],"version-history":[{"count":0,"href":"https:\/\/ledenonciateur224.com\/index.php\/wp-json\/wp\/v2\/posts\/861\/revisions"}],"wp:featuredmedia":[{"embeddable":true,"href":"https:\/\/ledenonciateur224.com\/index.php\/wp-json\/wp\/v2\/media\/862"}],"wp:attachment":[{"href":"https:\/\/ledenonciateur224.com\/index.php\/wp-json\/wp\/v2\/media?parent=861"}],"wp:term":[{"taxonomy":"category","embeddable":true,"href":"https:\/\/ledenonciateur224.com\/index.php\/wp-json\/wp\/v2\/categories?post=861"},{"taxonomy":"post_tag","embeddable":true,"href":"https:\/\/ledenonciateur224.com\/index.php\/wp-json\/wp\/v2\/tags?post=861"}],"curies":[{"name":"wp","href":"https:\/\/api.w.org\/{rel}","templated":true}]}}