{"id":869,"date":"2025-01-12T16:56:52","date_gmt":"2025-01-12T16:56:52","guid":{"rendered":"https:\/\/ledenonciateur224.com\/?p=869"},"modified":"2025-01-12T16:56:52","modified_gmt":"2025-01-12T16:56:52","slug":"lunion-des-forces-republicaines-exprime-ses-inquietudes-sur-la-gestion-de-la-transition-par-le-cnrd","status":"publish","type":"post","link":"https:\/\/ledenonciateur224.com\/index.php\/lunion-des-forces-republicaines-exprime-ses-inquietudes-sur-la-gestion-de-la-transition-par-le-cnrd\/","title":{"rendered":"L&rsquo;Union des Forces R\u00e9publicaines exprime ses inqui\u00e9tudes sur la gestion de la transition par le CNRD"},"content":{"rendered":"<p><span style=\"color: #333333;font-family: roboto, helvetica, arial, sans-serif\">L\u2019Union des Forces R\u00e9publicaines (UFR) a tenu son assembl\u00e9e g\u00e9n\u00e9rale hebdomadaire ce samedi 11 janvier 2025, \u00e0 son si\u00e8ge situ\u00e9 dans la commune de Matam. Cette rencontre, marqu\u00e9e par des \u00e9changes intenses, a permis aux responsables et militants du parti de discuter de l\u2019actualit\u00e9 sociopolitique du pays. Au c\u0153ur des d\u00e9bats, la gestion de la transition par le Comit\u00e9 National du Rassemblement pour le D\u00e9veloppement (CNRD), qui continue de susciter des interrogations et des pr\u00e9occupations au sein de l&rsquo;opposition politique. Le charg\u00e9 des affaires ext\u00e9rieures du parti, Tidiane CONT\u00c9, n\u2019a pas manqu\u00e9 de critiquer la mani\u00e8re dont le CNRD m\u00e8ne la transition, estimant qu\u2019elle ne r\u00e9pond pas aux attentes du peuple guin\u00e9en.<\/span><\/p>\n<p>&nbsp;<\/p>\n<p>&nbsp;<\/p>\n<p>\u00ab Nous sommes tr\u00e8s d\u00e9\u00e7u, on s\u2019attendait pas \u00e0 \u00e7a. Nous sommes arriv\u00e9s \u00e0 un moment o\u00f9 tout ce qui a \u00e9t\u00e9 dit par les paroles n\u2019ont pas \u00e9t\u00e9 concr\u00e9tis\u00e9s par les actes, \u00e7a veut dire quoi ? Quand la confiance est rompue, il sera difficile de la r\u00e9tablir? \u00c0 la veille du putsch on a entendu que la justice sera la boussole. Nous avons entendu qu\u2019il n\u2019aura pas de Guin\u00e9en qui sera tuer injustement par rapport \u00e0 ses opinions. Aujourd\u2019hui comme vous pouvez le constater la presse exerce difficilement son travail. Vous aussi vous pouvez faire le bilan du CNRD. \u00bb A-t-il regrett\u00e9 avant de souligner le cas d&rsquo;Aliou Bah<\/p>\n<p>&nbsp;<\/p>\n<p>&nbsp;<\/p>\n<p>\u00ab Nous sommes avec Aliou BAH, nous sommes profond\u00e9ment avec lui. Aliou BAH, Fonik\u00e9 Mengu\u00e8 Billo, Marouane tous ceux qui sont injustement arr\u00eat\u00e9s et emprisonn\u00e9s ou qui ont disparu l\u2019UFR est avec eux. Si on dit qu\u2019il a offens\u00e9 le Pr\u00e9sident de la R\u00e9publique mais, Aliou BAH \u00e9tait chez lui, pourquoi ils ne sont pas all\u00e9s le chercher-l\u00e0 ? Ils attendent jusqu\u2019\u00e0 ce qui soit dans ses d\u00e9marches, nous partageons ses peines et ce n\u2019est pas normal et nous demandons qu\u2019il soit rapidement lib\u00e9rer. \u00bb, a-t-il d\u00e9plor\u00e9 .<\/p>\n<p>&nbsp;<\/p>\n<p>&nbsp;<\/p>\n<p>Ledenonciateur224.com<\/p>\n","protected":false},"excerpt":{"rendered":"<p>L\u2019Union des Forces R\u00e9publicaines (UFR) a tenu son assembl\u00e9e g\u00e9n\u00e9rale hebdomadaire ce samedi 11 janvier 2025, \u00e0 son si\u00e8ge situ\u00e9 dans la commune de Matam. Cette rencontre, marqu\u00e9e par des \u00e9changes intenses, a permis aux responsables et militants du parti de discuter de l\u2019actualit\u00e9 sociopolitique du pays. Au c\u0153ur des d\u00e9bats, la gestion de la [&hellip;]<\/p>\n","protected":false},"author":2,"featured_media":870,"comment_status":"open","ping_status":"open","sticky":false,"template":"","format":"standard","meta":{"_jetpack_memberships_contains_paid_content":false,"footnotes":"","jetpack_publicize_message":"","jetpack_publicize_feature_enabled":true,"jetpack_social_post_already_shared":false,"jetpack_social_options":{"image_generator_settings":{"template":"highway","default_image_id":0,"font":"","enabled":false},"version":2}},"categories":[24,27],"tags":[44,196,66,98],"class_list":{"0":"post-869","1":"post","2":"type-post","3":"status-publish","4":"format-standard","5":"has-post-thumbnail","7":"category-news","8":"category-politique","9":"tag-cnrd","10":"tag-tidiane-conte","11":"tag-transition","12":"tag-ufr"},"jetpack_publicize_connections":[],"jetpack_featured_media_url":"https:\/\/ledenonciateur224.com\/wp-content\/uploads\/2025\/01\/conte-ufr-1024x461-1.jpg","jetpack_sharing_enabled":true,"_links":{"self":[{"href":"https:\/\/ledenonciateur224.com\/index.php\/wp-json\/wp\/v2\/posts\/869","targetHints":{"allow":["GET"]}}],"collection":[{"href":"https:\/\/ledenonciateur224.com\/index.php\/wp-json\/wp\/v2\/posts"}],"about":[{"href":"https:\/\/ledenonciateur224.com\/index.php\/wp-json\/wp\/v2\/types\/post"}],"author":[{"embeddable":true,"href":"https:\/\/ledenonciateur224.com\/index.php\/wp-json\/wp\/v2\/users\/2"}],"replies":[{"embeddable":true,"href":"https:\/\/ledenonciateur224.com\/index.php\/wp-json\/wp\/v2\/comments?post=869"}],"version-history":[{"count":0,"href":"https:\/\/ledenonciateur224.com\/index.php\/wp-json\/wp\/v2\/posts\/869\/revisions"}],"wp:featuredmedia":[{"embeddable":true,"href":"https:\/\/ledenonciateur224.com\/index.php\/wp-json\/wp\/v2\/media\/870"}],"wp:attachment":[{"href":"https:\/\/ledenonciateur224.com\/index.php\/wp-json\/wp\/v2\/media?parent=869"}],"wp:term":[{"taxonomy":"category","embeddable":true,"href":"https:\/\/ledenonciateur224.com\/index.php\/wp-json\/wp\/v2\/categories?post=869"},{"taxonomy":"post_tag","embeddable":true,"href":"https:\/\/ledenonciateur224.com\/index.php\/wp-json\/wp\/v2\/tags?post=869"}],"curies":[{"name":"wp","href":"https:\/\/api.w.org\/{rel}","templated":true}]}}