{"id":879,"date":"2025-01-15T10:08:19","date_gmt":"2025-01-15T10:08:19","guid":{"rendered":"https:\/\/ledenonciateur224.com\/?p=879"},"modified":"2025-01-15T10:08:19","modified_gmt":"2025-01-15T10:08:19","slug":"la-caf-reporte-la-coupe-dafrique-des-nations-chan-a-aout-2025","status":"publish","type":"post","link":"https:\/\/ledenonciateur224.com\/index.php\/la-caf-reporte-la-coupe-dafrique-des-nations-chan-a-aout-2025\/","title":{"rendered":"La CAF reporte la Coupe d\u2019Afrique des Nations CHAN \u00e0 ao\u00fbt 2025"},"content":{"rendered":"<p><span style=\"color: #555555;font-family: source serif pro, helvetica, arial, sans-serif\">Apr\u00e8s de longues discussions et un suspens prolong\u00e9, la Conf\u00e9d\u00e9ration Africaine de Football (CAF) a annonc\u00e9 le report de la Coupe d\u2019Afrique des Nations CHAN, pr\u00e9vue initialement pour f\u00e9vrier 2025. Cette d\u00e9cision a \u00e9t\u00e9 prise \u00e0 l\u2019issue d\u2019une r\u00e9union d\u2019urgence, tenue le mardi 14 janvier en visioconf\u00e9rence par la commission d\u2019organisation du tournoi.<\/span><\/p>\n<p>&nbsp;<\/p>\n<p><span style=\"color: #555555;font-family: source serif pro, helvetica, arial, sans-serif\">Le report a \u00e9t\u00e9 motiv\u00e9 par plusieurs facteurs. D\u2019abord, le retard dans le d\u00e9marrage des championnats nationaux africains, qui chevauchent la p\u00e9riode pr\u00e9vue pour le CHAN, a contraint la commission \u00e0 r\u00e9ajuster le calendrier. Ensuite, des retards significatifs dans la pr\u00e9paration des infrastructures des trois pays h\u00f4tes \u2013 le Kenya, la Tanzanie et l\u2019Ouganda \u2013 ont \u00e9galement contribu\u00e9 \u00e0 cette d\u00e9cision. Des probl\u00e8mes de stades, notamment des pelouses et des installations non termin\u00e9es, ont rendu la tenue du tournoi en f\u00e9vrier impossible.<\/span><\/p>\n<p>&nbsp;<\/p>\n<p><span style=\"color: #555555;font-family: source serif pro, helvetica, arial, sans-serif\">Ainsi, la comp\u00e9tition est d\u00e9sormais report\u00e9e \u00e0 ao\u00fbt 2025, p\u00e9riode o\u00f9 les championnats nationaux africains auront pris fin. Cette annonce met un terme au suspens et permettra aux s\u00e9lections locales qualifi\u00e9es de lib\u00e9rer leurs joueurs pour les comp\u00e9titions nationales en cours.<\/span><\/p>\n<p>&nbsp;<\/p>\n<p>&nbsp;<\/p>\n<p>Ledenonciateur224.com<\/p>\n","protected":false},"excerpt":{"rendered":"<p>Apr\u00e8s de longues discussions et un suspens prolong\u00e9, la Conf\u00e9d\u00e9ration Africaine de Football (CAF) a annonc\u00e9 le report de la Coupe d\u2019Afrique des Nations CHAN, pr\u00e9vue initialement pour f\u00e9vrier 2025. Cette d\u00e9cision a \u00e9t\u00e9 prise \u00e0 l\u2019issue d\u2019une r\u00e9union d\u2019urgence, tenue le mardi 14 janvier en visioconf\u00e9rence par la commission d\u2019organisation du tournoi. &nbsp; Le [&hellip;]<\/p>\n","protected":false},"author":2,"featured_media":826,"comment_status":"open","ping_status":"open","sticky":false,"template":"","format":"standard","meta":{"_jetpack_memberships_contains_paid_content":false,"footnotes":"","jetpack_publicize_message":"","jetpack_publicize_feature_enabled":true,"jetpack_social_post_already_shared":false,"jetpack_social_options":{"image_generator_settings":{"template":"highway","default_image_id":0,"font":"","enabled":false},"version":2}},"categories":[24,34],"tags":[116,184,103],"class_list":{"0":"post-879","1":"post","2":"type-post","3":"status-publish","4":"format-standard","5":"has-post-thumbnail","7":"category-news","8":"category-sport","9":"tag-caf","10":"tag-chan-2025","11":"tag-football-africain"},"jetpack_publicize_connections":[],"jetpack_featured_media_url":"https:\/\/ledenonciateur224.com\/wp-content\/uploads\/2025\/01\/img-20241230-wa0018.jpg","jetpack_sharing_enabled":true,"_links":{"self":[{"href":"https:\/\/ledenonciateur224.com\/index.php\/wp-json\/wp\/v2\/posts\/879","targetHints":{"allow":["GET"]}}],"collection":[{"href":"https:\/\/ledenonciateur224.com\/index.php\/wp-json\/wp\/v2\/posts"}],"about":[{"href":"https:\/\/ledenonciateur224.com\/index.php\/wp-json\/wp\/v2\/types\/post"}],"author":[{"embeddable":true,"href":"https:\/\/ledenonciateur224.com\/index.php\/wp-json\/wp\/v2\/users\/2"}],"replies":[{"embeddable":true,"href":"https:\/\/ledenonciateur224.com\/index.php\/wp-json\/wp\/v2\/comments?post=879"}],"version-history":[{"count":0,"href":"https:\/\/ledenonciateur224.com\/index.php\/wp-json\/wp\/v2\/posts\/879\/revisions"}],"wp:featuredmedia":[{"embeddable":true,"href":"https:\/\/ledenonciateur224.com\/index.php\/wp-json\/wp\/v2\/media\/826"}],"wp:attachment":[{"href":"https:\/\/ledenonciateur224.com\/index.php\/wp-json\/wp\/v2\/media?parent=879"}],"wp:term":[{"taxonomy":"category","embeddable":true,"href":"https:\/\/ledenonciateur224.com\/index.php\/wp-json\/wp\/v2\/categories?post=879"},{"taxonomy":"post_tag","embeddable":true,"href":"https:\/\/ledenonciateur224.com\/index.php\/wp-json\/wp\/v2\/tags?post=879"}],"curies":[{"name":"wp","href":"https:\/\/api.w.org\/{rel}","templated":true}]}}