{"id":886,"date":"2025-01-15T19:40:02","date_gmt":"2025-01-15T19:40:02","guid":{"rendered":"https:\/\/ledenonciateur224.com\/?p=886"},"modified":"2025-01-15T19:40:02","modified_gmt":"2025-01-15T19:40:02","slug":"lunion-sacree-sur-le-point-de-se-desintegrer-ousmane-dady-camara-annonce-son-depart-et-denonce-les-manipulations-en-son-sein","status":"publish","type":"post","link":"https:\/\/ledenonciateur224.com\/index.php\/lunion-sacree-sur-le-point-de-se-desintegrer-ousmane-dady-camara-annonce-son-depart-et-denonce-les-manipulations-en-son-sein\/","title":{"rendered":"L\u2019Union Sacr\u00e9e sur le point de se d\u00e9sint\u00e9grer ? Ousmane Dady Camara annonce son d\u00e9part et d\u00e9nonce les manipulations en son sein"},"content":{"rendered":"<p><span style=\"color: #333333;font-family: helvetica neue, helvetica, roboto, arial, sans-serif\">L&rsquo;Union Sacr\u00e9e, un regroupement d&rsquo;acteurs sociopolitiques cens\u00e9 unir les forces vives du pays, semble vaciller sous l&rsquo;effet de tensions internes de plus en plus palpables. Ousmane Dady Camara, responsable de cette organisation et pr\u00e9sident de la COPAD, a annonc\u00e9 ce mercredi 15 janvier son retrait officiel de cette structure, invoquant des raisons qui mettent en lumi\u00e8re de profondes divergences et des agissements qu&rsquo;il qualifie d&rsquo;inexplicables.<\/span><\/p>\n<p>&nbsp;<\/p>\n<p><span style=\"color: #333333;font-family: helvetica neue, helvetica, roboto, arial, sans-serif\">Lors d\u2019un point de presse, Camara a pr\u00e9cis\u00e9 que la COPAD, qu\u2019il dirige, ne fait d\u00e9sormais plus partie de l\u2019Union Sacr\u00e9e. Selon lui, la mission de son organisation, qui pr\u00f4ne le retour \u00e0 l\u2019ordre constitutionnel et une transition pacifique et inclusive, est incompatible avec ce qu\u2019il per\u00e7oit comme des man\u0153uvres manipulatrices au sein de l\u2019Union. \u00ab Nous, la COPAD, vous informons que nous ne sommes plus membres de l\u2019Union Sacr\u00e9e. Notre lutte est celle d\u2019une transition apais\u00e9e, et nous ne pouvons cautionner une dynamique machiav\u00e9lique \u00bb, a-t-il d\u00e9clar\u00e9 fermement.<\/span><\/p>\n<p>&nbsp;<\/p>\n<p><span style=\"color: #333333;font-family: helvetica neue, helvetica, roboto, arial, sans-serif\">Ousmane Dady Camara a particuli\u00e8rement cibl\u00e9 le coordinateur de l\u2019Union Sacr\u00e9e, Ibrahima Sory Diallo, qu\u2019il accuse d\u2019\u00eatre sous l&rsquo;influence d&rsquo;un homme politique en exil, sans toutefois pr\u00e9ciser son identit\u00e9. \u00ab Les agissements inexplicables du coordinateur, \u00e0 la lumi\u00e8re des informations av\u00e9r\u00e9es concernant sa conduite vis-\u00e0-vis des membres de l&rsquo;Union, laissent \u00e0 penser qu\u2019il est manipul\u00e9 par un leader politique en exil, qui cherche \u00e0 imposer sa volont\u00e9 \u00e0 distance et \u00e0 d\u00e9tourner la dynamique de l\u2019Union Sacr\u00e9e \u00bb, a ajout\u00e9 le leader de la COPAD.<\/span><\/p>\n<p>&nbsp;<\/p>\n<p><span style=\"color: #333333;font-family: helvetica neue, helvetica, roboto, arial, sans-serif\">Pour Camara et son mouvement, la priorit\u00e9 reste la construction de l&rsquo;unit\u00e9 nationale et la promotion de la paix, des objectifs qu\u2019ils jugent incompatibles avec l\u2019\u00e9tat actuel des choses au sein de l\u2019Union Sacr\u00e9e. \u00ab Nos priorit\u00e9s sont l&rsquo;unit\u00e9 nationale, la paix et le succ\u00e8s d&rsquo;une transition v\u00e9ritablement inclusive. Nous restons fermes dans notre soutien aux actions du Colonel Doumbouya \u00bb, a-t-il conclu.<\/span><\/p>\n<p>&nbsp;<\/p>\n<p><span style=\"color: #333333;font-family: helvetica neue, helvetica, roboto, arial, sans-serif\">Ce d\u00e9part pourrait marquer un tournant dans l\u2019\u00e9volution de l\u2019Union Sacr\u00e9e, alors que des tensions internes risquent de fragiliser une structure d\u00e9j\u00e0 en proie \u00e0 des divergences strat\u00e9giques et id\u00e9ologiques. Ce sc\u00e9nario ouvre la porte \u00e0 une r\u00e9organisation des forces en pr\u00e9sence et soul\u00e8ve la question de l\u2019avenir de cette coalition, dont l\u2019objectif initial semblait \u00eatre de conduire le pays vers une transition politique stable et inclusive.<\/span><\/p>\n<p>&nbsp;<\/p>\n<p>&nbsp;<\/p>\n<p>Alpha Soumah<\/p>\n","protected":false},"excerpt":{"rendered":"<p>L&rsquo;Union Sacr\u00e9e, un regroupement d&rsquo;acteurs sociopolitiques cens\u00e9 unir les forces vives du pays, semble vaciller sous l&rsquo;effet de tensions internes de plus en plus palpables. Ousmane Dady Camara, responsable de cette organisation et pr\u00e9sident de la COPAD, a annonc\u00e9 ce mercredi 15 janvier son retrait officiel de cette structure, invoquant des raisons qui mettent en [&hellip;]<\/p>\n","protected":false},"author":2,"featured_media":887,"comment_status":"open","ping_status":"open","sticky":false,"template":"","format":"standard","meta":{"_jetpack_memberships_contains_paid_content":false,"footnotes":"","jetpack_publicize_message":"","jetpack_publicize_feature_enabled":true,"jetpack_social_post_already_shared":false,"jetpack_social_options":{"image_generator_settings":{"template":"highway","default_image_id":0,"font":"","enabled":false},"version":2}},"categories":[24,27],"tags":[36,35,66,174],"class_list":{"0":"post-886","1":"post","2":"type-post","3":"status-publish","4":"format-standard","5":"has-post-thumbnail","7":"category-news","8":"category-politique","9":"tag-conakry","10":"tag-guinee","11":"tag-transition","12":"tag-union-sacree"},"jetpack_publicize_connections":[],"jetpack_featured_media_url":"https:\/\/ledenonciateur224.com\/wp-content\/uploads\/2025\/01\/dady-camara.jpg","jetpack_sharing_enabled":true,"_links":{"self":[{"href":"https:\/\/ledenonciateur224.com\/index.php\/wp-json\/wp\/v2\/posts\/886","targetHints":{"allow":["GET"]}}],"collection":[{"href":"https:\/\/ledenonciateur224.com\/index.php\/wp-json\/wp\/v2\/posts"}],"about":[{"href":"https:\/\/ledenonciateur224.com\/index.php\/wp-json\/wp\/v2\/types\/post"}],"author":[{"embeddable":true,"href":"https:\/\/ledenonciateur224.com\/index.php\/wp-json\/wp\/v2\/users\/2"}],"replies":[{"embeddable":true,"href":"https:\/\/ledenonciateur224.com\/index.php\/wp-json\/wp\/v2\/comments?post=886"}],"version-history":[{"count":0,"href":"https:\/\/ledenonciateur224.com\/index.php\/wp-json\/wp\/v2\/posts\/886\/revisions"}],"wp:featuredmedia":[{"embeddable":true,"href":"https:\/\/ledenonciateur224.com\/index.php\/wp-json\/wp\/v2\/media\/887"}],"wp:attachment":[{"href":"https:\/\/ledenonciateur224.com\/index.php\/wp-json\/wp\/v2\/media?parent=886"}],"wp:term":[{"taxonomy":"category","embeddable":true,"href":"https:\/\/ledenonciateur224.com\/index.php\/wp-json\/wp\/v2\/categories?post=886"},{"taxonomy":"post_tag","embeddable":true,"href":"https:\/\/ledenonciateur224.com\/index.php\/wp-json\/wp\/v2\/tags?post=886"}],"curies":[{"name":"wp","href":"https:\/\/api.w.org\/{rel}","templated":true}]}}