{"id":901,"date":"2025-01-16T16:23:43","date_gmt":"2025-01-16T16:23:43","guid":{"rendered":"https:\/\/ledenonciateur224.com\/?p=901"},"modified":"2025-01-16T16:23:43","modified_gmt":"2025-01-16T16:23:43","slug":"proces-de-mamadi-camara-laudience-renvoyee-en-raison-de-labsence-des-experts-de-lige","status":"publish","type":"post","link":"https:\/\/ledenonciateur224.com\/index.php\/proces-de-mamadi-camara-laudience-renvoyee-en-raison-de-labsence-des-experts-de-lige\/","title":{"rendered":"Proc\u00e8s de Mamadi Camara : L&rsquo;audience renvoy\u00e9e en raison de l&rsquo;absence des experts de l&rsquo;IGE"},"content":{"rendered":"<div dir=\"auto\">Le proc\u00e8s de Mamadi Camara, ancien ministre de l\u2019\u00c9conomie et des Finances sous Alpha Cond\u00e9, a une nouvelle fois \u00e9t\u00e9 perturb\u00e9 ce mercredi. Le pr\u00e9venu a comparu devant la Chambre de jugement de la Cour de r\u00e9pression des infractions \u00e9conomiques et financi\u00e8res (CRIEF), mais l&rsquo;audience n\u2019a pu se tenir normalement en raison de l&rsquo;absence des experts de l\u2019Inspection g\u00e9n\u00e9rale d\u2019\u00c9tat (IGE), appel\u00e9s \u00e0 pr\u00e9senter leur rapport dans le cadre de l&rsquo;affaire.<\/div>\n<div dir=\"auto\"><\/div>\n<div dir=\"auto\"><\/div>\n<div dir=\"auto\">Le substitut du Procureur a justifi\u00e9 cette absence en expliquant que les experts \u00e9taient en d\u00e9placement, et a ajout\u00e9 que le V\u00e9rificateur g\u00e9n\u00e9ral avait sugg\u00e9r\u00e9 au pr\u00e9venu de signaler les sections du rapport qu\u2019il conteste, afin que les experts y r\u00e9pondent par \u00e9crit. Le juge Yakhouba Cont\u00e9 a r\u00e9agi en pr\u00e9cisant que ce n\u2019\u00e9tait pas \u00e0 l\u2019IGE de dicter le d\u00e9roulement de l\u2019audience et a d\u00e9cid\u00e9 d&rsquo;adresser une nouvelle lettre \u00e0 l&rsquo;institution.<\/div>\n<div dir=\"auto\"><\/div>\n<div dir=\"auto\">Les avocats de la d\u00e9fense ont insist\u00e9 pour que le minist\u00e8re public respecte l&rsquo;ordonnance de comparution des experts. En cons\u00e9quence, l&rsquo;affaire a \u00e9t\u00e9 renvoy\u00e9e au 12 f\u00e9vrier 2025, date \u00e0 laquelle les experts de l\u2019IGE devront se pr\u00e9senter pour faire avancer le proc\u00e8s dans les conditions normales.<\/div>\n<div dir=\"auto\"><\/div>\n<div dir=\"auto\"><\/div>\n<div dir=\"auto\">Ledenonciateur224.com<\/div>\n<div dir=\"auto\"><\/div>\n","protected":false},"excerpt":{"rendered":"<p>Le proc\u00e8s de Mamadi Camara, ancien ministre de l\u2019\u00c9conomie et des Finances sous Alpha Cond\u00e9, a une nouvelle fois \u00e9t\u00e9 perturb\u00e9 ce mercredi. Le pr\u00e9venu a comparu devant la Chambre de jugement de la Cour de r\u00e9pression des infractions \u00e9conomiques et financi\u00e8res (CRIEF), mais l&rsquo;audience n\u2019a pu se tenir normalement en raison de l&rsquo;absence des [&hellip;]<\/p>\n","protected":false},"author":2,"featured_media":902,"comment_status":"open","ping_status":"open","sticky":false,"template":"","format":"standard","meta":{"_jetpack_memberships_contains_paid_content":false,"footnotes":"","jetpack_publicize_message":"","jetpack_publicize_feature_enabled":true,"jetpack_social_post_already_shared":false,"jetpack_social_options":{"image_generator_settings":{"template":"highway","default_image_id":0,"font":"","enabled":false},"version":2}},"categories":[30,24],"tags":[36,37,35,200],"class_list":{"0":"post-901","1":"post","2":"type-post","3":"status-publish","4":"format-standard","5":"has-post-thumbnail","7":"category-faits-divers","8":"category-news","9":"tag-conakry","10":"tag-crief","11":"tag-guinee","12":"tag-mamadi-camara-ancien-ministre"},"jetpack_publicize_connections":[],"jetpack_featured_media_url":"https:\/\/ledenonciateur224.com\/wp-content\/uploads\/2025\/01\/mamadi-camara.jpg","jetpack_sharing_enabled":true,"_links":{"self":[{"href":"https:\/\/ledenonciateur224.com\/index.php\/wp-json\/wp\/v2\/posts\/901","targetHints":{"allow":["GET"]}}],"collection":[{"href":"https:\/\/ledenonciateur224.com\/index.php\/wp-json\/wp\/v2\/posts"}],"about":[{"href":"https:\/\/ledenonciateur224.com\/index.php\/wp-json\/wp\/v2\/types\/post"}],"author":[{"embeddable":true,"href":"https:\/\/ledenonciateur224.com\/index.php\/wp-json\/wp\/v2\/users\/2"}],"replies":[{"embeddable":true,"href":"https:\/\/ledenonciateur224.com\/index.php\/wp-json\/wp\/v2\/comments?post=901"}],"version-history":[{"count":0,"href":"https:\/\/ledenonciateur224.com\/index.php\/wp-json\/wp\/v2\/posts\/901\/revisions"}],"wp:featuredmedia":[{"embeddable":true,"href":"https:\/\/ledenonciateur224.com\/index.php\/wp-json\/wp\/v2\/media\/902"}],"wp:attachment":[{"href":"https:\/\/ledenonciateur224.com\/index.php\/wp-json\/wp\/v2\/media?parent=901"}],"wp:term":[{"taxonomy":"category","embeddable":true,"href":"https:\/\/ledenonciateur224.com\/index.php\/wp-json\/wp\/v2\/categories?post=901"},{"taxonomy":"post_tag","embeddable":true,"href":"https:\/\/ledenonciateur224.com\/index.php\/wp-json\/wp\/v2\/tags?post=901"}],"curies":[{"name":"wp","href":"https:\/\/api.w.org\/{rel}","templated":true}]}}