{"id":904,"date":"2025-01-16T17:01:06","date_gmt":"2025-01-16T17:01:06","guid":{"rendered":"https:\/\/ledenonciateur224.com\/?p=904"},"modified":"2025-01-16T17:02:32","modified_gmt":"2025-01-16T17:02:32","slug":"mobilisation-des-enseignants-chercheurs-non-reclasses-une-manifestation-pour-le-respect-de-leurs-droits-et-primes","status":"publish","type":"post","link":"https:\/\/ledenonciateur224.com\/index.php\/mobilisation-des-enseignants-chercheurs-non-reclasses-une-manifestation-pour-le-respect-de-leurs-droits-et-primes\/","title":{"rendered":"Mobilisation des Enseignants Chercheurs non reclass\u00e9s : Une manifestation pour le respect de leurs droits et primes"},"content":{"rendered":"<div dir=\"auto\">Ce jeudi 16 janvier 2025, un groupe d&rsquo;enseignants chercheurs non reclass\u00e9s des institutions d&rsquo;enseignement sup\u00e9rieur a organis\u00e9 une manifestation devant le d\u00e9partement de tutelle pour d\u00e9noncer les injustices dont ils estiment \u00eatre victimes. Les enseignants, mobilis\u00e9s en masse, r\u00e9clament leur reclassement, le paiement des primes de craie, de transport et de logement, ainsi que le respect d&rsquo;un d\u00e9cret pr\u00e9sidentiel qui accorde des primes suppl\u00e9mentaires \u00e0 tous les enseignants chercheurs de Guin\u00e9e.<\/div>\n<div dir=\"auto\"><\/div>\n<div dir=\"auto\"><\/div>\n<div dir=\"auto\"><\/div>\n<div dir=\"auto\">Thierno Sadou Diallo, 1er secr\u00e9taire g\u00e9n\u00e9ral adjoint de l&rsquo;Union Syndicale des Enseignants Chercheurs et Chercheuses de Guin\u00e9e, est revenu sur les raisons de cette mobilisation. Selon lui, cela fait plusieurs mois que ces enseignants vivent dans une situation pr\u00e9caire, sans avoir obtenu de solution \u00e0 leurs revendications. Il a soulign\u00e9 que l&rsquo;absence de r\u00e9ponse des autorit\u00e9s \u00e9tait per\u00e7ue comme une forme de complicit\u00e9 avec l&rsquo;injustice.<\/div>\n<div dir=\"auto\"><\/div>\n<div dir=\"auto\"><\/div>\n<div dir=\"auto\"><\/div>\n<div dir=\"auto\">\u00ab\u00a0Nous sommes ici pour revendiquer nos droits. Il y a plusieurs mois que nous n\u2019avons pas b\u00e9n\u00e9fici\u00e9 des primes li\u00e9es au transport, au logement, ni de celles promises par le d\u00e9cret pr\u00e9sidentiel. Nous, les enseignants chercheurs non reclass\u00e9s, n\u2019avons m\u00eame pas un grade acad\u00e9mique digne de ce nom. Le statut particulier nous octroie des primes qui ne sont toujours pas appliqu\u00e9es\u00a0\u00bb, a-t-il d\u00e9clar\u00e9. Il a pr\u00e9cis\u00e9 que, bien qu&rsquo;ils ne puissent pas encore r\u00e9clamer les primes de grade, les enseignants chercheurs r\u00e9clament au moins les autres primes comme celles de craie, de transport et de pr\u00e9paration.<\/div>\n<div dir=\"auto\"><\/div>\n<div dir=\"auto\">Si leurs revendications ne sont pas entendues, Thierno Sadou Diallo a menac\u00e9 de continuer la lutte avec encore plus de fermet\u00e9. \u00ab\u00a0Si aucune solution n&rsquo;est apport\u00e9e, nous arr\u00eaterons les cours et continuerons \u00e0 manifester r\u00e9guli\u00e8rement devant le d\u00e9partement\u00a0\u00bb, a-t-il conclu.<\/div>\n<div dir=\"auto\"><\/div>\n<div dir=\"auto\"><\/div>\n<div dir=\"auto\">Cette manifestation met en lumi\u00e8re les difficult\u00e9s auxquelles sont confront\u00e9s les enseignants chercheurs non reclass\u00e9s et souligne l\u2019urgence pour les autorit\u00e9s de r\u00e9pondre \u00e0 leurs revendications, sous peine de voir la mobilisation se durcir davantage.<\/div>\n<div dir=\"auto\"><\/div>\n<div dir=\"auto\"><\/div>\n<div dir=\"auto\"><\/div>\n<div dir=\"auto\"><\/div>\n<div dir=\"auto\">N&rsquo;sira Sylla<\/div>\n<div dir=\"auto\"><\/div>\n","protected":false},"excerpt":{"rendered":"<p>Ce jeudi 16 janvier 2025, un groupe d&rsquo;enseignants chercheurs non reclass\u00e9s des institutions d&rsquo;enseignement sup\u00e9rieur a organis\u00e9 une manifestation devant le d\u00e9partement de tutelle pour d\u00e9noncer les injustices dont ils estiment \u00eatre victimes. Les enseignants, mobilis\u00e9s en masse, r\u00e9clament leur reclassement, le paiement des primes de craie, de transport et de logement, ainsi que le [&hellip;]<\/p>\n","protected":false},"author":2,"featured_media":906,"comment_status":"open","ping_status":"open","sticky":false,"template":"","format":"standard","meta":{"_jetpack_memberships_contains_paid_content":false,"footnotes":"","jetpack_publicize_message":"","jetpack_publicize_feature_enabled":true,"jetpack_social_post_already_shared":false,"jetpack_social_options":{"image_generator_settings":{"template":"highway","default_image_id":0,"font":"","enabled":false},"version":2}},"categories":[30,24],"tags":[36,158,35],"class_list":{"0":"post-904","1":"post","2":"type-post","3":"status-publish","4":"format-standard","5":"has-post-thumbnail","7":"category-faits-divers","8":"category-news","9":"tag-conakry","10":"tag-enseignants-chercheurs","11":"tag-guinee"},"jetpack_publicize_connections":[],"jetpack_featured_media_url":"https:\/\/ledenonciateur224.com\/wp-content\/uploads\/2025\/01\/screenshot-20250116-130310-facebook-1.jpg","jetpack_sharing_enabled":true,"_links":{"self":[{"href":"https:\/\/ledenonciateur224.com\/index.php\/wp-json\/wp\/v2\/posts\/904","targetHints":{"allow":["GET"]}}],"collection":[{"href":"https:\/\/ledenonciateur224.com\/index.php\/wp-json\/wp\/v2\/posts"}],"about":[{"href":"https:\/\/ledenonciateur224.com\/index.php\/wp-json\/wp\/v2\/types\/post"}],"author":[{"embeddable":true,"href":"https:\/\/ledenonciateur224.com\/index.php\/wp-json\/wp\/v2\/users\/2"}],"replies":[{"embeddable":true,"href":"https:\/\/ledenonciateur224.com\/index.php\/wp-json\/wp\/v2\/comments?post=904"}],"version-history":[{"count":0,"href":"https:\/\/ledenonciateur224.com\/index.php\/wp-json\/wp\/v2\/posts\/904\/revisions"}],"wp:featuredmedia":[{"embeddable":true,"href":"https:\/\/ledenonciateur224.com\/index.php\/wp-json\/wp\/v2\/media\/906"}],"wp:attachment":[{"href":"https:\/\/ledenonciateur224.com\/index.php\/wp-json\/wp\/v2\/media?parent=904"}],"wp:term":[{"taxonomy":"category","embeddable":true,"href":"https:\/\/ledenonciateur224.com\/index.php\/wp-json\/wp\/v2\/categories?post=904"},{"taxonomy":"post_tag","embeddable":true,"href":"https:\/\/ledenonciateur224.com\/index.php\/wp-json\/wp\/v2\/tags?post=904"}],"curies":[{"name":"wp","href":"https:\/\/api.w.org\/{rel}","templated":true}]}}