{"id":929,"date":"2025-01-17T22:19:12","date_gmt":"2025-01-17T22:19:12","guid":{"rendered":"https:\/\/ledenonciateur224.com\/?p=929"},"modified":"2025-01-17T22:19:12","modified_gmt":"2025-01-17T22:19:12","slug":"cnt-un-autre-avocat-nomme-pour-remplacer-me-mohamed-traore","status":"publish","type":"post","link":"https:\/\/ledenonciateur224.com\/index.php\/cnt-un-autre-avocat-nomme-pour-remplacer-me-mohamed-traore\/","title":{"rendered":"CNT : un autre avocat nomm\u00e9 pour remplacer Me Mohamed Traor\u00e9"},"content":{"rendered":"<p><span style=\"color: #333333;font-family: helvetica neue, helvetica, roboto, arial, sans-serif\">Quelques jours apr\u00e8s la d\u00e9mission de Me Mohamed Traor\u00e9, un nouveau rempla\u00e7ant a \u00e9t\u00e9 d\u00e9sign\u00e9 au sein du Conseil National de Transition (CNT). Le barreau de Guin\u00e9e, dont Me Traor\u00e9 est originaire, a port\u00e9 son choix sur Me Abdoulaye Sylla, avocat \u00e0 la Cour. La nomination de ce dernier a \u00e9t\u00e9 officialis\u00e9e dans la nuit du vendredi 17 janvier 2025, par d\u00e9cret du pr\u00e9sident de la transition.\u00a0<\/span><\/p>\n<p>&nbsp;<\/p>\n<p>&nbsp;<\/p>\n<p><span style=\"color: #333333;font-family: helvetica neue, helvetica, roboto, arial, sans-serif\">Cette d\u00e9cision intervient dans un contexte de renouvellement des membres du CNT, avec l\u2019objectif de renforcer la repr\u00e9sentation de la profession juridique au sein de cette institution politique. Me Abdoulaye Sylla, connu pour son engagement et son expertise, est appel\u00e9 \u00e0 jouer un r\u00f4le cl\u00e9 dans les discussions et les d\u00e9cisions \u00e0 venir.<\/span><\/p>\n<p>&nbsp;<\/p>\n<p>&nbsp;<\/p>\n<p><span style=\"color: #333333;font-family: helvetica neue, helvetica, roboto, arial, sans-serif\">Ledenonciateur224.com\u00a0<\/span><\/p>\n","protected":false},"excerpt":{"rendered":"<p>Quelques jours apr\u00e8s la d\u00e9mission de Me Mohamed Traor\u00e9, un nouveau rempla\u00e7ant a \u00e9t\u00e9 d\u00e9sign\u00e9 au sein du Conseil National de Transition (CNT). Le barreau de Guin\u00e9e, dont Me Traor\u00e9 est originaire, a port\u00e9 son choix sur Me Abdoulaye Sylla, avocat \u00e0 la Cour. La nomination de ce dernier a \u00e9t\u00e9 officialis\u00e9e dans la nuit [&hellip;]<\/p>\n","protected":false},"author":2,"featured_media":930,"comment_status":"open","ping_status":"open","sticky":false,"template":"","format":"standard","meta":{"_jetpack_memberships_contains_paid_content":false,"footnotes":"","jetpack_publicize_message":"","jetpack_publicize_feature_enabled":true,"jetpack_social_post_already_shared":false,"jetpack_social_options":{"image_generator_settings":{"template":"highway","default_image_id":0,"font":"","enabled":false},"version":2}},"categories":[24,27],"tags":[55,36,35],"class_list":{"0":"post-929","1":"post","2":"type-post","3":"status-publish","4":"format-standard","5":"has-post-thumbnail","7":"category-news","8":"category-politique","9":"tag-cnt","10":"tag-conakry","11":"tag-guinee"},"jetpack_publicize_connections":[],"jetpack_featured_media_url":"https:\/\/ledenonciateur224.com\/wp-content\/uploads\/2025\/01\/img-1234-474x375-1.jpeg","jetpack_sharing_enabled":true,"_links":{"self":[{"href":"https:\/\/ledenonciateur224.com\/index.php\/wp-json\/wp\/v2\/posts\/929","targetHints":{"allow":["GET"]}}],"collection":[{"href":"https:\/\/ledenonciateur224.com\/index.php\/wp-json\/wp\/v2\/posts"}],"about":[{"href":"https:\/\/ledenonciateur224.com\/index.php\/wp-json\/wp\/v2\/types\/post"}],"author":[{"embeddable":true,"href":"https:\/\/ledenonciateur224.com\/index.php\/wp-json\/wp\/v2\/users\/2"}],"replies":[{"embeddable":true,"href":"https:\/\/ledenonciateur224.com\/index.php\/wp-json\/wp\/v2\/comments?post=929"}],"version-history":[{"count":0,"href":"https:\/\/ledenonciateur224.com\/index.php\/wp-json\/wp\/v2\/posts\/929\/revisions"}],"wp:featuredmedia":[{"embeddable":true,"href":"https:\/\/ledenonciateur224.com\/index.php\/wp-json\/wp\/v2\/media\/930"}],"wp:attachment":[{"href":"https:\/\/ledenonciateur224.com\/index.php\/wp-json\/wp\/v2\/media?parent=929"}],"wp:term":[{"taxonomy":"category","embeddable":true,"href":"https:\/\/ledenonciateur224.com\/index.php\/wp-json\/wp\/v2\/categories?post=929"},{"taxonomy":"post_tag","embeddable":true,"href":"https:\/\/ledenonciateur224.com\/index.php\/wp-json\/wp\/v2\/tags?post=929"}],"curies":[{"name":"wp","href":"https:\/\/api.w.org\/{rel}","templated":true}]}}