{"id":948,"date":"2025-01-18T13:54:56","date_gmt":"2025-01-18T13:54:56","guid":{"rendered":"https:\/\/ledenonciateur224.com\/?p=948"},"modified":"2025-01-18T13:54:56","modified_gmt":"2025-01-18T13:54:56","slug":"crief-convocation-de-plusieurs-anciens-ministres-ce-lundi-20-janvier-2025","status":"publish","type":"post","link":"https:\/\/ledenonciateur224.com\/index.php\/crief-convocation-de-plusieurs-anciens-ministres-ce-lundi-20-janvier-2025\/","title":{"rendered":"CRIEF : Convocation de plusieurs anciens ministres ce lundi 20 janvier 2025"},"content":{"rendered":"<p><span style=\"color: #222222;font-family: verdana, geneva, sans-serif\">La Chambre du jugement de la Cour de R\u00e9pression des Infractions \u00c9conomiques et Financi\u00e8res (CRIEF) convoque ce lundi 20 janvier 2025 plusieurs anciens ministres des r\u00e9gimes de Lansana Cont\u00e9 et d&rsquo;Alpha Cond\u00e9, dans le cadre d\u2019une affaire li\u00e9e \u00e0 des accusations de \u00ab faux usage de faux en \u00e9criture publique et abus de confiance \u00bb, d&rsquo;apr\u00e8s m\u00e9diaguinee<\/span><\/p>\n<p>&nbsp;<\/p>\n<p><span style=\"color: #222222;font-family: verdana, geneva, sans-serif\">Cinq ex-ministres, \u00e0 savoir Dr Ousmane Kaba, ancien ministre de l\u2019\u00c9conomie et des Finances sous Cont\u00e9 et pr\u00e9sident du PADES, Boubacar Barry, vice-pr\u00e9sident de l\u2019Union des Forces R\u00e9publicaines (UFR) de Sidya Tour\u00e9 et ancien ministre de la P\u00eache et de l&rsquo;\u00c9levage sous Cont\u00e9, Mansa Moussa Sidib\u00e9, ancien ministre de la P\u00eache et de l\u2019Aquaculture sous Cont\u00e9, ainsi que Moussa Cond\u00e9 dit \u00ab\u00a0Tata Vieux\u00a0\u00bb, ancien ministre de la P\u00eache sous Alpha Cond\u00e9, sont appel\u00e9s \u00e0 compara\u00eetre. Ils sont tous poursuivis aux c\u00f4t\u00e9s de la soci\u00e9t\u00e9 China National Fisheries Corporation (CNFC), \u00e0 la demande de la soci\u00e9t\u00e9 Bankina P\u00eache.<\/span><\/p>\n<p>&nbsp;<\/p>\n<p><span style=\"color: #222222;font-family: verdana, geneva, sans-serif\">Il convient de noter qu&rsquo;Ibrahima Sory Tour\u00e9 dit \u00ab\u00a0Alain\u00a0\u00bb, ancien d\u00e9put\u00e9 de l\u2019Union des Forces D\u00e9mocratiques de Guin\u00e9e (UFDG) et ministre de la P\u00eache sous Cont\u00e9, figure \u00e9galement parmi les pr\u00e9venus. Toutefois, il est d\u00e9c\u00e9d\u00e9 en f\u00e9vrier 2024 \u00e0 Paris des suites d\u2019une maladie.<\/span><\/p>\n<p>&nbsp;<\/p>\n<p>&nbsp;<\/p>\n<p>&nbsp;<\/p>\n<p>Ledenonciateur224.com<\/p>\n","protected":false},"excerpt":{"rendered":"<p>La Chambre du jugement de la Cour de R\u00e9pression des Infractions \u00c9conomiques et Financi\u00e8res (CRIEF) convoque ce lundi 20 janvier 2025 plusieurs anciens ministres des r\u00e9gimes de Lansana Cont\u00e9 et d&rsquo;Alpha Cond\u00e9, dans le cadre d\u2019une affaire li\u00e9e \u00e0 des accusations de \u00ab faux usage de faux en \u00e9criture publique et abus de confiance \u00bb, [&hellip;]<\/p>\n","protected":false},"author":2,"featured_media":949,"comment_status":"open","ping_status":"open","sticky":false,"template":"","format":"standard","meta":{"_jetpack_memberships_contains_paid_content":false,"footnotes":"","jetpack_publicize_message":"","jetpack_publicize_feature_enabled":true,"jetpack_social_post_already_shared":false,"jetpack_social_options":{"image_generator_settings":{"template":"highway","default_image_id":0,"font":"","enabled":false},"version":2}},"categories":[29,30,24],"tags":[36,37,35],"class_list":{"0":"post-948","1":"post","2":"type-post","3":"status-publish","4":"format-standard","5":"has-post-thumbnail","7":"category-economie","8":"category-faits-divers","9":"category-news","10":"tag-conakry","11":"tag-crief","12":"tag-guinee"},"jetpack_publicize_connections":[],"jetpack_featured_media_url":"https:\/\/ledenonciateur224.com\/wp-content\/uploads\/2025\/01\/ousmanekabapades.jpg","jetpack_sharing_enabled":true,"_links":{"self":[{"href":"https:\/\/ledenonciateur224.com\/index.php\/wp-json\/wp\/v2\/posts\/948","targetHints":{"allow":["GET"]}}],"collection":[{"href":"https:\/\/ledenonciateur224.com\/index.php\/wp-json\/wp\/v2\/posts"}],"about":[{"href":"https:\/\/ledenonciateur224.com\/index.php\/wp-json\/wp\/v2\/types\/post"}],"author":[{"embeddable":true,"href":"https:\/\/ledenonciateur224.com\/index.php\/wp-json\/wp\/v2\/users\/2"}],"replies":[{"embeddable":true,"href":"https:\/\/ledenonciateur224.com\/index.php\/wp-json\/wp\/v2\/comments?post=948"}],"version-history":[{"count":0,"href":"https:\/\/ledenonciateur224.com\/index.php\/wp-json\/wp\/v2\/posts\/948\/revisions"}],"wp:featuredmedia":[{"embeddable":true,"href":"https:\/\/ledenonciateur224.com\/index.php\/wp-json\/wp\/v2\/media\/949"}],"wp:attachment":[{"href":"https:\/\/ledenonciateur224.com\/index.php\/wp-json\/wp\/v2\/media?parent=948"}],"wp:term":[{"taxonomy":"category","embeddable":true,"href":"https:\/\/ledenonciateur224.com\/index.php\/wp-json\/wp\/v2\/categories?post=948"},{"taxonomy":"post_tag","embeddable":true,"href":"https:\/\/ledenonciateur224.com\/index.php\/wp-json\/wp\/v2\/tags?post=948"}],"curies":[{"name":"wp","href":"https:\/\/api.w.org\/{rel}","templated":true}]}}