{"id":960,"date":"2025-01-18T20:56:20","date_gmt":"2025-01-18T20:56:20","guid":{"rendered":"https:\/\/ledenonciateur224.com\/?p=960"},"modified":"2025-01-18T20:56:20","modified_gmt":"2025-01-18T20:56:20","slug":"des-gens-gui-ont-echoue-sur-le-terrain-comment-peuvent-ils-reussir-par-procuration-par-pepe-fracis-haba","status":"publish","type":"post","link":"https:\/\/ledenonciateur224.com\/index.php\/des-gens-gui-ont-echoue-sur-le-terrain-comment-peuvent-ils-reussir-par-procuration-par-pepe-fracis-haba\/","title":{"rendered":"Des gens gui ont \u00e9chou\u00e9 sur le terrain, comment peuvent-ils r\u00e9ussir par procuration? ( Par P\u00e9p\u00e9 Fracis Haba)"},"content":{"rendered":"<p>Des gens gui ont \u00e9chou\u00e9 sur le terrain, comment peuvent-ils r\u00e9ussir par procuration? ( Par P\u00e9p\u00e9 Fracis Haba)J\u2019ai beau creus\u00e9 mes m\u00e9ninges, je ne trouve pas par quelle magie ou miracle le groupe restreint d\u2019acteurs appel\u00e9s malencontreusement \u00ab\u00a0Forces vives de Guin\u00e9e\u00a0\u00bb arriveront-ils \u00e0 metrre en place une transition civile? Il n\u2019y perviendra pas sans dialogue qui reste l\u2019unique arme ad\u00e9quate dans la situation qui pr\u00e9vaut. Un adage Kp\u00e8l\u00e8 dit: \u00ab\u00a0le signe qui ne peut pas grimper \u00e0 l\u2019arbre m\u00eame si tu l\u2019aide \u00e0 s\u2019agripper au tronc, il ne pourra jamais.\u00a0\u00bb<\/p>\n<p>&nbsp;<\/p>\n<p>D\u00e9j\u00e0 en 2010, les deux anciens premiers ministres \u00e9taient unis, que ce soit dans les urnes ou en dehors pour conqu\u00e9rir la magistrature supr\u00eame, mais ils avaient lamentablement \u00e9chou\u00e9, malgr\u00e9 leur popularit\u00e9 av\u00e9r\u00e9e, \u00e0 cause de leur na\u00efvet\u00e9, leur pragmatisme, leur manque d\u2019ouverture et de vision \u00e0 long terme contrairement \u00e0 leur adversaire.<br \/>\nEn 2015, les bisbilles et les \u00e9gos au sein du couple des deux amis-adversaires et l\u2019\u00e9go\u00efsme g\u00e9n\u00e9ral au sein de la classe politique avaient dispers\u00e9 les voix et favoris\u00e9 un boulevard au Professeur Alpha Cond\u00e9 qui, il faut le reconna\u00eetre ma\u00eetrisait alors son sujet.<\/p>\n<p>&nbsp;<\/p>\n<p>En 2020, gr\u00e2ce \u00e0 la lutte populaire men\u00e9e par les vraies \u00ab\u00a0Forces vives de Guin\u00e9e\u00a0\u00bb rassembl\u00e9es au sein du FNDC, le Pr\u00e9sident Alpha Cond\u00e9 et son pouvoir \u00e9taient compl\u00e8tement fragilis\u00e9s et discr\u00e9dit\u00e9s. L\u2019\u00e9lection pr\u00e9sidentielle d\u2019octobre 2020 \u00e9tait alors une chance ultime pour celui qui avait \u00e9chou\u00e9 pr\u00e9alablement \u00e0 deux reprises.<\/p>\n<p>&nbsp;<\/p>\n<p>Gr\u00e2ce \u00e0 une mobilisation et un rassemblement sans pr\u00e9c\u00e9dent des acteurs socio-politiques de tout bord au sein de la grande alliance appel\u00e9e, ANAD (Alliance Nationale pour l\u2019alternance et la D\u00e9mocratie), le peuple de Guin\u00e9e s\u2019\u00e9tait lev\u00e9 comme un seul homme pour voter et porter son candidat \u00e0 la magistrature supr\u00eame. Mais aucune strat\u00e9gie concr\u00e8te de prise de pouvoir n\u2019a suivi les efforts consentis au p\u00e9ril de plusieurs vies malgr\u00e9 le soutien ind\u00e9fectible de la communaut\u00e9 internationale. Pire, la large alliance qui rassemblait toutes les couches sociopolitiques guin\u00e9ennes s\u2019est aujourd\u2019hui d\u00e9sagr\u00e9g\u00e9e comme un chateau de carte sur fonds de jalousies, de coups bas, manques de respect, d\u2019avarisme, etc.<\/p>\n<p>Il a fallu le Pr\u00e9sident Mamadi Doumbouya et son \u00e9quipe pour donner un nouvel espoir aux populations guin\u00e9ennes quelques mois plus tard.<\/p>\n<p>&nbsp;<\/p>\n<p>Fort de ces raisons, je ne cesse de me demander comment des Guin\u00e9ens peuvent-ils encore croire en l\u2019association d\u2019un tel groupe d\u2019acteurs dont les uns ont mis le pays \u00e0 son plus bas niveau de l\u2019histoire \u00e0 cause de la malgouvernance et la confiscation de la d\u00e9mocratie (fraude \u00e9lectorale conduisant \u00e0 leur machin de troisi\u00e8me mandat) et les deuxi\u00e8mes qui ne brillent que par leurs \u00e9checs?<\/p>\n<p>&nbsp;<\/p>\n<p>En fait, l\u2019histoire de ce groupe isol\u00e9 d\u2019acteurs ressemble \u00e0 celle des anciens nantis possedant des v\u00e9hicules Mercedes dans les ann\u00e9es 60, ils pensent toujours \u00eatre riches dans leurs t\u00eates en continuant \u00e0 raconter fi\u00e8rement ce pass\u00e9 quelques fois peu glorieux, alors que le pr\u00e9sent est triste et l\u2019avenir limit\u00e9.<\/p>\n<p>&nbsp;<\/p>\n<p>Je pense pour ma part que ces gens n\u2019ont aucune l\u00e9gitimit\u00e9 \u00e0 r\u00e9clamer de nouvelles institutions r\u00e9publicaines alors que l\u2019essentiel des acteurs socio-politiques travaillent d\u2019arrache-pied pour permettre un retour \u00e0 l\u2019ordre constitutionnel ordonn\u00e9, organis\u00e9 et apais\u00e9. Ce sont ceux-l\u00e0 et le CNRD qui peuvent, aujourd\u2019hui, parler au nom et pour le compte des populations averties et conscientes de Guin\u00e9e.<\/p>\n<p>&nbsp;<\/p>\n<p>Les grands hommes, dans les grandes d\u00e9mocratie, quand ils \u00e9chouent deux ou trois fois, ils passent le flambeau \u00e0 une nouvelle g\u00e9n\u00e9ration. Si non, le Pr\u00e9sident Diomaye Faye n\u2019aurait jamais brigu\u00e9 la magistrature supr\u00eame du S\u00e9n\u00e9gal. \u00c0 m\u00e9diter!<\/p>\n<p>&nbsp;<\/p>\n<p>&nbsp;<\/p>\n<p>P\u00e9p\u00e9 Francis HABA<\/p>\n","protected":false},"excerpt":{"rendered":"<p>Des gens gui ont \u00e9chou\u00e9 sur le terrain, comment peuvent-ils r\u00e9ussir par procuration? ( Par P\u00e9p\u00e9 Fracis Haba)J\u2019ai beau creus\u00e9 mes m\u00e9ninges, je ne trouve pas par quelle magie ou miracle le groupe restreint d\u2019acteurs appel\u00e9s malencontreusement \u00ab\u00a0Forces vives de Guin\u00e9e\u00a0\u00bb arriveront-ils \u00e0 metrre en place une transition civile? Il n\u2019y perviendra pas sans dialogue [&hellip;]<\/p>\n","protected":false},"author":2,"featured_media":961,"comment_status":"open","ping_status":"open","sticky":false,"template":"","format":"standard","meta":{"_jetpack_memberships_contains_paid_content":false,"footnotes":"","jetpack_publicize_message":"","jetpack_publicize_feature_enabled":true,"jetpack_social_post_already_shared":false,"jetpack_social_options":{"image_generator_settings":{"template":"highway","default_image_id":0,"font":"","enabled":false},"version":2}},"categories":[24,27],"tags":[181,204,66],"class_list":{"0":"post-960","1":"post","2":"type-post","3":"status-publish","4":"format-standard","5":"has-post-thumbnail","7":"category-news","8":"category-politique","9":"tag-les-leaders-politiques","10":"tag-pepe-francis-haba","11":"tag-transition"},"jetpack_publicize_connections":[],"jetpack_featured_media_url":"https:\/\/ledenonciateur224.com\/wp-content\/uploads\/2025\/01\/img-20250118-wa0006-750x375-1.jpg","jetpack_sharing_enabled":true,"_links":{"self":[{"href":"https:\/\/ledenonciateur224.com\/index.php\/wp-json\/wp\/v2\/posts\/960","targetHints":{"allow":["GET"]}}],"collection":[{"href":"https:\/\/ledenonciateur224.com\/index.php\/wp-json\/wp\/v2\/posts"}],"about":[{"href":"https:\/\/ledenonciateur224.com\/index.php\/wp-json\/wp\/v2\/types\/post"}],"author":[{"embeddable":true,"href":"https:\/\/ledenonciateur224.com\/index.php\/wp-json\/wp\/v2\/users\/2"}],"replies":[{"embeddable":true,"href":"https:\/\/ledenonciateur224.com\/index.php\/wp-json\/wp\/v2\/comments?post=960"}],"version-history":[{"count":0,"href":"https:\/\/ledenonciateur224.com\/index.php\/wp-json\/wp\/v2\/posts\/960\/revisions"}],"wp:featuredmedia":[{"embeddable":true,"href":"https:\/\/ledenonciateur224.com\/index.php\/wp-json\/wp\/v2\/media\/961"}],"wp:attachment":[{"href":"https:\/\/ledenonciateur224.com\/index.php\/wp-json\/wp\/v2\/media?parent=960"}],"wp:term":[{"taxonomy":"category","embeddable":true,"href":"https:\/\/ledenonciateur224.com\/index.php\/wp-json\/wp\/v2\/categories?post=960"},{"taxonomy":"post_tag","embeddable":true,"href":"https:\/\/ledenonciateur224.com\/index.php\/wp-json\/wp\/v2\/tags?post=960"}],"curies":[{"name":"wp","href":"https:\/\/api.w.org\/{rel}","templated":true}]}}